{"id":12788,"date":"2021-02-15T14:01:34","date_gmt":"2021-02-15T14:01:34","guid":{"rendered":"https:\/\/www.trendencias.com\/nueva-york\/abrigos-masculinos-jerseis-anchos-botas-altas-jason-wu-adelanta-todas-tendencias-otono-2021-su-desfile-nyfw"},"modified":"2021-02-15T14:01:34","modified_gmt":"2021-02-15T14:01:34","slug":"abrigos-masculinos-jerseis-anchos-y-botas-altas-jason-wu-adelanta-todas-las-tendencias-del-otono-2021-en-su-desfile-de-nyfw","status":"publish","type":"post","link":"http:\/\/hoycordobaweb.com\/index.php\/2021\/02\/15\/abrigos-masculinos-jerseis-anchos-y-botas-altas-jason-wu-adelanta-todas-las-tendencias-del-otono-2021-en-su-desfile-de-nyfw\/","title":{"rendered":"Abrigos masculinos, jers\u00e9is anchos y botas altas: Jason Wu adelanta todas las tendencias del oto\u00f1o 2021 en su desfile de NYFW"},"content":{"rendered":"<p>A\u00fan seguimos con el <a href=\"https:\/\/www.trendencias.com\/alta-costura\/chanel-valentino-pasando-fendi-mejor-alta-costura-paris-primavera-verano-2021\">subid\u00f3n de la Alta Costura de Par\u00eds<\/a>, pero la Semana de la Moda de Nueva York ha venido para bajarnos los pies al suelo. Porque Jason Wu ha sido el responsable de dar el <a href=\"https:\/\/www.trendencias.com\/nueva-york\/asi-vestiremos-durante-verano-2021-jason-wu-aprovechando-comienzo-nyfw\">pistoletazo de salida a esta edici\u00f3n de NYFW<\/a> y su desfile pone de manifiesto <strong>las tendencias m\u00e1s ponibles y vers\u00e1tiles del pr\u00f3ximo oto\u00f1o 2021<\/strong>: abrigos largos y masculinos, jers\u00e9is <em>oversize<\/em>, botas altas y estilismos c\u00f3modos que volver\u00e1n a ser tendencia.<\/p>\n<p><!-- BREAK 1 --><\/p>\n<div class=\"article-asset article-asset-normal article-asset-center\">\n<div class=\"desvio-container\">\n<div class=\"desvio\">\n<div class=\"desvio-figure js-desvio-figure\"> <a href=\"https:\/\/www.trendencias.com\/belleza\/disenador-jason-wu-tambien-apuesta-belleza-presenta-coleccion-maquillaje-ideal\"> <img alt=\"El dise\u00f1ador Jason Wu tambi\u00e9n apuesta por la belleza y presenta una colecci\u00f3n de maquillaje de lo m\u00e1s ideal \" src=\"http:\/\/hoycordobaweb.com\/wp-content\/uploads\/2021\/02\/abrigos-masculinos-jerseis-anchos-y-botas-altas-jason-wu-adelanta-todas-las-tendencias-del-otono-2021-en-su-desfile-de-nyfw.jpg\"> <\/a> <\/div><\/div><\/div>\n<\/div>\n<div class=\"article-asset-image article-asset-normal article-asset-center\">\n<div class=\"asset-content\"> <img class=\"sf-lazy centro_sinmarco\" data-sf-srcset=\"http:\/\/hoycordobaweb.com\/wp-content\/uploads\/2021\/02\/abrigos-masculinos-jerseis-anchos-y-botas-altas-jason-wu-adelanta-todas-las-tendencias-del-otono-2021-en-su-desfile-de-nyfw-1.jpg 450w, http:\/\/hoycordobaweb.com\/wp-content\/uploads\/2021\/02\/abrigos-masculinos-jerseis-anchos-y-botas-altas-jason-wu-adelanta-todas-las-tendencias-del-otono-2021-en-su-desfile-de-nyfw-3.jpg 681w,http:\/\/hoycordobaweb.com\/wp-content\/uploads\/2021\/02\/abrigos-masculinos-jerseis-anchos-y-botas-altas-jason-wu-adelanta-todas-las-tendencias-del-otono-2021-en-su-desfile-de-nyfw-4.jpg 1024w, http:\/\/hoycordobaweb.com\/wp-content\/uploads\/2021\/02\/abrigos-masculinos-jerseis-anchos-y-botas-altas-jason-wu-adelanta-todas-las-tendencias-del-otono-2021-en-su-desfile-de-nyfw-5.jpg 1366w,\" data-sf-src=\"http:\/\/hoycordobaweb.com\/wp-content\/uploads\/2021\/02\/abrigos-masculinos-jerseis-anchos-y-botas-altas-jason-wu-adelanta-todas-las-tendencias-del-otono-2021-en-su-desfile-de-nyfw-1.jpg\" alt=\"jason wu oto\u00f1o 2021 nyfw\"> <noscript><img alt=\"jason wu oto\u00f1o 2021 nyfw\" class=\"centro_sinmarco\" src=\"http:\/\/hoycordobaweb.com\/wp-content\/uploads\/2021\/02\/abrigos-masculinos-jerseis-anchos-y-botas-altas-jason-wu-adelanta-todas-las-tendencias-del-otono-2021-en-su-desfile-de-nyfw-1.jpg\"><\/noscript> <\/div>\n<\/div>\n<p>La excentricidad ha abandonado la casa en el desfile de Jason Wu y ha sido sustituida por <a href=\"https:\/\/www.trendencias.com\/moda-famosas\/meghan-markle-ha-encontrado-color-que-mejor-sienta-azul-ceruleo\">una de las colecciones m\u00e1s accesibles<\/a>. Porque el dise\u00f1ador ha apostado por <strong>renovar algunas de las prendas m\u00e1s virales de 2020<\/strong> a sabiendas de que el estilo <em>comfy <\/em>es dif\u00edcil de dejar atr\u00e1s. Y las ha presentado en un escenario de supermercado, al que ha llamado Mr.Wu General Store y en el que no ha faltado <a href=\"https:\/\/www.instagram.com\/p\/CLPZdQclj3v\/\">ni la Coca-Cola customizada<\/a>. Al m\u00e1s <a href=\"https:\/\/www.trendencias.com\/paris\/mi-sueno-cumplido-vivir-el-desfile-de-chanel-en-primera-persona-de-la-mano-de-trendencias\">puro estilo Chanel<\/a>.<\/p>\n<p><!-- BREAK 2 --> <\/p>\n<p>La protagonista es una paleta crom\u00e1tica donde rojos, azules <em>navy <\/em>y negros se entremezclan en estampados geom\u00e9tricos sesenteros a lo Andy Warhol. <strong>La fluidez de las prendas<\/strong> es el denominador com\u00fan. No importa si hablamos de vestidos con abrigo largo, <a href=\"https:\/\/www.trendencias.com\/moda-famosas\/kate-middleton-lleva-traje-perfecto-que-nos-inspira-cuando-volvamos-a-oficina\">trajes de chaqueta <em>working<\/em><\/a><em> <\/em>o jers\u00e9is con <a href=\"https:\/\/www.trendencias.com\/propuestas-y-consejos\/faldas-plisadas-como-llevarlas-como-pro-street-style\">faldas <em>midi <\/em>plisadas<\/a><em>:<\/em> todos ellos flotan al paso de las modelos gracias a tejidos como el sat\u00e9n y la gasa y a dise\u00f1os XL llenos de movimiento.<\/p>\n<p><!-- BREAK 3 --> <\/p>\n<p>Una representaci\u00f3n vibrante de lo que ser\u00e1 tendencia el pr\u00f3ximo oto\u00f1o 2021 y que viene cargado de buenas noticias. Porque muchas de esas prendas ya est\u00e1n en nuestro armario, porque son combinaciones muy vers\u00e1tiles que sirven para la oficina, cenas con amigas o planes en pareja. Y porque augura una <strong>temporada de fr\u00edo con un toque de color para alegrar los d\u00edas grises<\/strong>. As\u00ed nos es m\u00e1s sencillo abandonar la <a href=\"https:\/\/www.trendencias.com\/alta-costura\/chanel-hace-fashion-film-que-no-falta-penelope-cruz-lily-rose-depp-novia-a-caballo-para-presentar-su-alta-costura-2021\">enso\u00f1aci\u00f3n que fue la Semana de la Alta Costura parisina<\/a> y volver al mundo real de la moda del d\u00eda a d\u00eda.<\/p>\n<p><!-- BREAK 4 --><\/p>\n<h2>Desfile de Alta Costura 2021 de Chanel<\/h2>\n<p>Fotos |<a href=\"https:\/\/www.instagram.com\/jasonwu\/\">@jasonwu<\/a>, <a href=\"https:\/\/www.instagram.com\/fashionweek\/\">@fashionweek<\/a>, <a href=\"https:\/\/www.instagram.com\/nyfw\/\">@nyfw<\/a>.<\/p>\n<p><!-- BREAK 5 --> <\/p>\n","protected":false},"excerpt":{"rendered":"<p>A\u00fan seguimos con el subid\u00f3n de la Alta Costura de Par\u00eds, pero la Semana de la Moda de Nueva York ha venido para bajarnos los pies al suelo. Porque Jason Wu ha sido el responsable de dar el pistoletazo de salida a esta edici\u00f3n de NYFW y su desfile pone de manifiesto las tendencias m\u00e1s [&hellip;]<\/p>\n","protected":false},"author":1,"featured_media":12789,"comment_status":"closed","ping_status":"closed","sticky":false,"template":"","format":"standard","meta":[],"categories":[1],"tags":[],"_links":{"self":[{"href":"http:\/\/hoycordobaweb.com\/index.php\/wp-json\/wp\/v2\/posts\/12788"}],"collection":[{"href":"http:\/\/hoycordobaweb.com\/index.php\/wp-json\/wp\/v2\/posts"}],"about":[{"href":"http:\/\/hoycordobaweb.com\/index.php\/wp-json\/wp\/v2\/types\/post"}],"author":[{"embeddable":true,"href":"http:\/\/hoycordobaweb.com\/index.php\/wp-json\/wp\/v2\/users\/1"}],"replies":[{"embeddable":true,"href":"http:\/\/hoycordobaweb.com\/index.php\/wp-json\/wp\/v2\/comments?post=12788"}],"version-history":[{"count":0,"href":"http:\/\/hoycordobaweb.com\/index.php\/wp-json\/wp\/v2\/posts\/12788\/revisions"}],"wp:featuredmedia":[{"embeddable":true,"href":"http:\/\/hoycordobaweb.com\/index.php\/wp-json\/wp\/v2\/media\/12789"}],"wp:attachment":[{"href":"http:\/\/hoycordobaweb.com\/index.php\/wp-json\/wp\/v2\/media?parent=12788"}],"wp:term":[{"taxonomy":"category","embeddable":true,"href":"http:\/\/hoycordobaweb.com\/index.php\/wp-json\/wp\/v2\/categories?post=12788"},{"taxonomy":"post_tag","embeddable":true,"href":"http:\/\/hoycordobaweb.com\/index.php\/wp-json\/wp\/v2\/tags?post=12788"}],"curies":[{"name":"wp","href":"https:\/\/api.w.org\/{rel}","templated":true}]}}