{"id":12749,"date":"2021-02-12T13:57:49","date_gmt":"2021-02-12T13:57:49","guid":{"rendered":"http:\/\/ladecimaweb.com\/?p=8242"},"modified":"2021-02-12T13:57:49","modified_gmt":"2021-02-12T13:57:49","slug":"verguenza-asco-y-desastre-asi-perciben-el-servicio-de-transporte-los-usuarios-de-la-zona-sur","status":"publish","type":"post","link":"http:\/\/hoycordobaweb.com\/index.php\/2021\/02\/12\/verguenza-asco-y-desastre-asi-perciben-el-servicio-de-transporte-los-usuarios-de-la-zona-sur\/","title":{"rendered":"\u201cVerg\u00fcenza, asco y desastre\u201d, as\u00ed perciben el servicio de transporte los usuarios de la zona sur"},"content":{"rendered":"<p><a href=\"https:\/\/ladecimaweb.com\/necesitamos-mas-frecuencias-mas-amabilidad-y-empatia-reclama-usuario-de-la-zona-sur\/?fbclid=IwAR1QnolgkKuIwEIqJ4KtAiewjM9Aj7KKsDaTAAfkoRRbECpihMM0-Zvp2UM\">Luego de reflejar el reclamo sentido de una usuaria del transporte urbano de barrio Comercial,<\/a> explotaron las cr\u00edticas y reclamos en el Facebook de La D\u00e9cima.<\/p>\n<p>Los comentarios en las redes sociales son un excelente term\u00f3metro de la realidad social y proporcionan una asombrosa encuesta para medir el grado de satisfacci\u00f3n hacia los servicios, en este caso de los usuarios hacia el transporte de la ciudad.<\/p>\n<p>Sorprendentemente, no hubo un comentario a favor de la calidad del servicio. Del centenar de opiniones que cosech\u00f3 la nota de la usuaria en nuestro perfil de Facebook, hubo uno solo de un presunto chofer que pidi\u00f3 descargar las cr\u00edticas en los empresarios y el gobierno.<\/p>\n<p>La gran mayor\u00eda de los comentaristas coincidi\u00f3 en las fallas del sistema y en la imperiosa necesidad de sumar frecuencias y m\u00e1s unidades para cambiar la situaci\u00f3n.<\/p>\n<p>Los usuarios sienten que la realidad se ha vuelto insostenible y que algo hay que hacer para encauzar esta demanda insatisfecha y un malestar que crece en las paradas.<\/p>\n<p><strong>Perciben que los cambios introducidos durante la pandemia empeoraron un servicio que nunca fue una maravilla, pero que ahora lo perciben peor.<\/strong><\/p>\n<p>Todos coinciden en que los tiempos de espera se alargaron -denuncian que oscilan entre una hora y hora y media- y que en horas pico es casi imposible ya no viajar parado, sino simplemente viajar.<\/p>\n<p><strong>\u201cEs una porquer\u00eda de servicio\u201d,<\/strong> es una frase que se lee y escucha a diario para graficar la mala calidad del servicio.<\/p>\n<p>A grito pelado, los usuarios exigen <strong>m\u00e1s frecuencias en las horas pico.\u00a0<\/strong><\/p>\n<p><strong>Cristian Bustos<\/strong>: \u201cEs totalmente cierto lo de la vecina, yo soy de barrio comercial y es un horror la frecuencia de las dos l\u00edneas. Hoy sal\u00ed a las 7 de la ma\u00f1ana y reci\u00e9n a las 8 y 40 pude tomar un colectivo, pero me tuve 10 cuadras para ir a la parada\u201d.<\/p>\n<p><a href=\"https:\/\/www.facebook.com\/marina.asinari?comment_id=Y29tbWVudDoxNTc5NTI2NTE4OTEzODAzXzE1Nzk2MDY1OTIyMzkxMjk%3D&amp;__cft__%5b0%5d=AZXC9wLnUvWSoRclR13aRuMEDtUJlgA0sicVssnlum4-NHZatBJHcSHf5rPNgM_M5TLBVLlV_kSV6rppl8SkmPXl_LT5frq3qLRaugGWWOMwNGFvCqiV0VXQSexox5EwlQl8HQqxGINQFGz_DS7xfjkF-eojlWi_TNKVUmDxtb_YIcIJ-5A6dn64Q3cfxYXQPT4&amp;__tn__=R%5d-R\">Marina Asinari<\/a>: \u201cUna verg\u00fcenza el transporte que tenemos, asco da. Casi dos horas esperando el 35 por la ma\u00f1ana y jam\u00e1s paso. Estamos entregados a la delincuencia en las paradas\u201d.<\/p>\n<p><a href=\"https:\/\/www.facebook.com\/profile.php?id=100055832522744&amp;comment_id=Y29tbWVudDoxNTc5NTI2NTE4OTEzODAzXzE1Nzk2NzY5Njg4OTg3NTg%3D&amp;__cft__%5b0%5d=AZXC9wLnUvWSoRclR13aRuMEDtUJlgA0sicVssnlum4-NHZatBJHcSHf5rPNgM_M5TLBVLlV_kSV6rppl8SkmPXl_LT5frq3qLRaugGWWOMwNGFvCqiV0VXQSexox5EwlQl8HQqxGINQFGz_DS7xfjkF-eojlWi_TNKVUmDxtb_YIcIJ-5A6dn64Q3cfxYXQPT4&amp;__tn__=R%5d-R\"><strong>Mariela Lopez<\/strong><\/a>: \u201cEs un desastre a toda hora. Pol\u00edticos hdp, se nota que jam\u00e1s suben a un colectivo. Las esperas son de m\u00e1s de 2 horas en algunos casos\u201d. que on el 53 ,todo muy mal \u00a1!<\/p>\n<p><a href=\"https:\/\/www.facebook.com\/lore.arighini?comment_id=Y29tbWVudDoxNTc5NTI2NTE4OTEzODAzXzE1Nzk1NjEyMjU1NzY5OTk%3D&amp;__cft__%5b0%5d=AZXC9wLnUvWSoRclR13aRuMEDtUJlgA0sicVssnlum4-NHZatBJHcSHf5rPNgM_M5TLBVLlV_kSV6rppl8SkmPXl_LT5frq3qLRaugGWWOMwNGFvCqiV0VXQSexox5EwlQl8HQqxGINQFGz_DS7xfjkF-eojlWi_TNKVUmDxtb_YIcIJ-5A6dn64Q3cfxYXQPT4&amp;__tn__=R%5d-R\"><strong>Lore Arighini<\/strong><\/a>: \u201cEl 33 realmente es una verg\u00fcenza, pasa cuando quiere\u201d.<\/p>\n<p><a href=\"https:\/\/www.facebook.com\/german.molina.752?comment_id=Y29tbWVudDoxNTc5NTI2NTE4OTEzODAzXzE1Nzk1NTM3NDU1Nzc3NDc%3D&amp;__cft__%5b0%5d=AZXC9wLnUvWSoRclR13aRuMEDtUJlgA0sicVssnlum4-NHZatBJHcSHf5rPNgM_M5TLBVLlV_kSV6rppl8SkmPXl_LT5frq3qLRaugGWWOMwNGFvCqiV0VXQSexox5EwlQl8HQqxGINQFGz_DS7xfjkF-eojlWi_TNKVUmDxtb_YIcIJ-5A6dn64Q3cfxYXQPT4&amp;__tn__=R%5d-R\"><strong>German Molina<\/strong><\/a>: \u201cEl 50 cuando llega a Gobernaci\u00f3n y R\u00edo Negro ya viene lleno y el 36 pasa cada 1 hora\u201d.<\/p>\n<p><a href=\"https:\/\/www.facebook.com\/yohana.quinteros.1?comment_id=Y29tbWVudDoxNTc5NTI2NTE4OTEzODAzXzE1Nzk1NTE4Mzg5MTEyNzE%3D&amp;__cft__%5b0%5d=AZXC9wLnUvWSoRclR13aRuMEDtUJlgA0sicVssnlum4-NHZatBJHcSHf5rPNgM_M5TLBVLlV_kSV6rppl8SkmPXl_LT5frq3qLRaugGWWOMwNGFvCqiV0VXQSexox5EwlQl8HQqxGINQFGz_DS7xfjkF-eojlWi_TNKVUmDxtb_YIcIJ-5A6dn64Q3cfxYXQPT4&amp;__tn__=R%5d-R\"><strong>Mag Miranda<\/strong><\/a>: \u201cEs p\u00e9simo el servicio!! Viajamos como ganado. Soy de barrio comercial y camino 20 cuadras para poder tomar el 36\u201d.<\/p>\n<p><a href=\"https:\/\/www.facebook.com\/luciana.nunez.165?comment_id=Y29tbWVudDoxNTc5NTI2NTE4OTEzODAzXzE1Nzk2NjUzOTg4OTk5MTU%3D&amp;__cft__%5b0%5d=AZXC9wLnUvWSoRclR13aRuMEDtUJlgA0sicVssnlum4-NHZatBJHcSHf5rPNgM_M5TLBVLlV_kSV6rppl8SkmPXl_LT5frq3qLRaugGWWOMwNGFvCqiV0VXQSexox5EwlQl8HQqxGINQFGz_DS7xfjkF-eojlWi_TNKVUmDxtb_YIcIJ-5A6dn64Q3cfxYXQPT4&amp;__tn__=R%5d-R\"><strong>Luciana Nu\u00f1ez<\/strong><\/a>: \u201cUna porquer\u00eda el servicio ya no se a q hora tengo que salir de mi casa para poder tomar un colectivo. El boleto es caro y las unidades todas rotas\u201d.<\/p>\n<p><a href=\"https:\/\/www.facebook.com\/diego.cerutti.9?comment_id=Y29tbWVudDoxNTc5NTI2NTE4OTEzODAzXzE1Nzk2MDM1NDg5MDYxMDA%3D&amp;__cft__%5b0%5d=AZXC9wLnUvWSoRclR13aRuMEDtUJlgA0sicVssnlum4-NHZatBJHcSHf5rPNgM_M5TLBVLlV_kSV6rppl8SkmPXl_LT5frq3qLRaugGWWOMwNGFvCqiV0VXQSexox5EwlQl8HQqxGINQFGz_DS7xfjkF-eojlWi_TNKVUmDxtb_YIcIJ-5A6dn64Q3cfxYXQPT4&amp;__tn__=R%5d-R\"><strong>Diego Cerutti<\/strong><\/a>: \u201cUna hora donado en la parada esperando el 35, ideal para los delincuentes motochorros\u201d.<\/p>\n<p><a href=\"https:\/\/www.facebook.com\/celia.acosta.908579?comment_id=Y29tbWVudDoxNTc5NTI2NTE4OTEzODAzXzE1Nzk3NTI5MTg4OTExNjM%3D&amp;__cft__%5b0%5d=AZXC9wLnUvWSoRclR13aRuMEDtUJlgA0sicVssnlum4-NHZatBJHcSHf5rPNgM_M5TLBVLlV_kSV6rppl8SkmPXl_LT5frq3qLRaugGWWOMwNGFvCqiV0VXQSexox5EwlQl8HQqxGINQFGz_DS7xfjkF-eojlWi_TNKVUmDxtb_YIcIJ-5A6dn64Q3cfxYXQPT4&amp;__tn__=R%5d-R\"><strong>Celia Acosta<\/strong><\/a>: \u201cNo puede ser que haya que caminar de Comercial hasta la Villa para tomar el colectivo la inseguridad que hay\u201d.<\/p>\n<p><a href=\"https:\/\/www.facebook.com\/profile.php?id=100009257014186&amp;comment_id=Y29tbWVudDoxNTc5NTI2NTE4OTEzODAzXzE1Nzk3MjIwNTg4OTQyNDk%3D&amp;__cft__%5b0%5d=AZXC9wLnUvWSoRclR13aRuMEDtUJlgA0sicVssnlum4-NHZatBJHcSHf5rPNgM_M5TLBVLlV_kSV6rppl8SkmPXl_LT5frq3qLRaugGWWOMwNGFvCqiV0VXQSexox5EwlQl8HQqxGINQFGz_DS7xfjkF-eojlWi_TNKVUmDxtb_YIcIJ-5A6dn64Q3cfxYXQPT4&amp;__tn__=R%5d-R\"><strong>Patricia Gonzalez<\/strong><\/a>: \u201c\u00a1Terrible! Nos dejan a merced de los ladrones en las paradas, \u00a0horas de esperas\u201d.<\/p>\n<p><a href=\"https:\/\/www.facebook.com\/moni.moyano?comment_id=Y29tbWVudDoxNTc5NTI2NTE4OTEzODAzXzE1Nzk2NzYyNDg4OTg4MzA%3D&amp;__cft__%5b0%5d=AZXC9wLnUvWSoRclR13aRuMEDtUJlgA0sicVssnlum4-NHZatBJHcSHf5rPNgM_M5TLBVLlV_kSV6rppl8SkmPXl_LT5frq3qLRaugGWWOMwNGFvCqiV0VXQSexox5EwlQl8HQqxGINQFGz_DS7xfjkF-eojlWi_TNKVUmDxtb_YIcIJ-5A6dn64Q3cfxYXQPT4&amp;__tn__=R%5d-R\"><strong>Moni Moyano<\/strong><\/a>: \u201cUna hora y media esperando el 53. Un inspector me cont\u00f3 que de 15 coches solo 4 habilit\u00f3 el COE y eso genera las demoras\u201d.<\/p>\n<p><a href=\"https:\/\/www.facebook.com\/gracieladelvalle.aguirre?comment_id=Y29tbWVudDoxNTc5NTI2NTE4OTEzODAzXzE1Nzk3MDI5MTIyMjk0OTc%3D&amp;__cft__%5b0%5d=AZXC9wLnUvWSoRclR13aRuMEDtUJlgA0sicVssnlum4-NHZatBJHcSHf5rPNgM_M5TLBVLlV_kSV6rppl8SkmPXl_LT5frq3qLRaugGWWOMwNGFvCqiV0VXQSexox5EwlQl8HQqxGINQFGz_DS7xfjkF-eojlWi_TNKVUmDxtb_YIcIJ-5A6dn64Q3cfxYXQPT4&amp;__tn__=R%5d-R\"><strong>Graciela Del Valle Aguirre<\/strong><\/a>: \u201cSon de terror las l\u00edneas 33, 35 y 53 que entran a Cabildo. Hora hora y media esper\u00e1ndolos\u201d.<\/p>\n<p><a href=\"https:\/\/www.facebook.com\/profile.php?id=100035198644762&amp;comment_id=Y29tbWVudDoxNTc5NTI2NTE4OTEzODAzXzE1Nzk2MzA3ODg5MDMzNzY%3D&amp;__cft__%5b0%5d=AZXC9wLnUvWSoRclR13aRuMEDtUJlgA0sicVssnlum4-NHZatBJHcSHf5rPNgM_M5TLBVLlV_kSV6rppl8SkmPXl_LT5frq3qLRaugGWWOMwNGFvCqiV0VXQSexox5EwlQl8HQqxGINQFGz_DS7xfjkF-eojlWi_TNKVUmDxtb_YIcIJ-5A6dn64Q3cfxYXQPT4&amp;__tn__=R%5d-R\"><strong>Ana Mercado<\/strong><\/a>: \u201cEl 36 pasa cada una hora nos sacaron el 53 y nos dejaron \u00fanicamente el 50\u201d.<\/p>\n<p><a href=\"https:\/\/www.facebook.com\/claudia.bouzas.7?comment_id=Y29tbWVudDoxNTc5NTI2NTE4OTEzODAzXzE1Nzk2MzA0ODg5MDM0MDY%3D&amp;__cft__%5b0%5d=AZXC9wLnUvWSoRclR13aRuMEDtUJlgA0sicVssnlum4-NHZatBJHcSHf5rPNgM_M5TLBVLlV_kSV6rppl8SkmPXl_LT5frq3qLRaugGWWOMwNGFvCqiV0VXQSexox5EwlQl8HQqxGINQFGz_DS7xfjkF-eojlWi_TNKVUmDxtb_YIcIJ-5A6dn64Q3cfxYXQPT4&amp;__tn__=R%5d-R\"><strong>Claudia Bouzas<\/strong><\/a>: \u201cEl 33 es un desastre 3 colectivos andan durante el dia una verg\u00fcenza 1 hora y 1\/2 reloj esperando. \u00bfHasta cu\u00e1ndo? Soluciones ya\u201d.<\/p>\n<p><a href=\"https:\/\/www.facebook.com\/koliitoo?comment_id=Y29tbWVudDoxNTc5NTI2NTE4OTEzODAzXzE1Nzk1MzU3Mjg5MTI4ODI%3D&amp;__cft__%5b0%5d=AZXC9wLnUvWSoRclR13aRuMEDtUJlgA0sicVssnlum4-NHZatBJHcSHf5rPNgM_M5TLBVLlV_kSV6rppl8SkmPXl_LT5frq3qLRaugGWWOMwNGFvCqiV0VXQSexox5EwlQl8HQqxGINQFGz_DS7xfjkF-eojlWi_TNKVUmDxtb_YIcIJ-5A6dn64Q3cfxYXQPT4&amp;__tn__=R%5d-R\"><strong>Maru Venaruzzo<\/strong><\/a>: \u201cQuitar coches, frecuencias y choferes con mala disposici\u00f3n, es desastroso\u201d.<\/p>\n<p><a href=\"https:\/\/www.facebook.com\/silvia.pino.1420?comment_id=Y29tbWVudDoxNTc5NTI2NTE4OTEzODAzXzE1Nzk1NjA4Nzg5MTAzNjc%3D&amp;__cft__%5b0%5d=AZXC9wLnUvWSoRclR13aRuMEDtUJlgA0sicVssnlum4-NHZatBJHcSHf5rPNgM_M5TLBVLlV_kSV6rppl8SkmPXl_LT5frq3qLRaugGWWOMwNGFvCqiV0VXQSexox5EwlQl8HQqxGINQFGz_DS7xfjkF-eojlWi_TNKVUmDxtb_YIcIJ-5A6dn64Q3cfxYXQPT4&amp;__tn__=R%5d-R\"><strong>Silvia Pino<\/strong><\/a>: \u201cEl recorrido del 43 es un desastre, las paradas muy lejos una de la otra. El que hizo esto jam\u00e1s tom\u00f3 un colectivo\u201d.<\/p>\n<p><a href=\"https:\/\/www.facebook.com\/yohana.demiguel.7?comment_id=Y29tbWVudDoxNTc5NTI2NTE4OTEzODAzXzE1Nzk1ODk3MTIyNDA4MTc%3D&amp;__cft__%5b0%5d=AZXC9wLnUvWSoRclR13aRuMEDtUJlgA0sicVssnlum4-NHZatBJHcSHf5rPNgM_M5TLBVLlV_kSV6rppl8SkmPXl_LT5frq3qLRaugGWWOMwNGFvCqiV0VXQSexox5EwlQl8HQqxGINQFGz_DS7xfjkF-eojlWi_TNKVUmDxtb_YIcIJ-5A6dn64Q3cfxYXQPT4&amp;__tn__=R%5d-R\"><strong>Yohana De Miguel<\/strong><\/a>: \u201cTerrible el servicio!!!! El 50 no para porque viene completa la capacidad y el 36 pasa cuando se le antoja\u201d.<\/p>\n<p><a href=\"https:\/\/www.facebook.com\/rominaester.quinones?comment_id=Y29tbWVudDoxNTc5NTI2NTE4OTEzODAzXzE1Nzk1NDg0NTg5MTE2MDk%3D&amp;__cft__%5b0%5d=AZXC9wLnUvWSoRclR13aRuMEDtUJlgA0sicVssnlum4-NHZatBJHcSHf5rPNgM_M5TLBVLlV_kSV6rppl8SkmPXl_LT5frq3qLRaugGWWOMwNGFvCqiV0VXQSexox5EwlQl8HQqxGINQFGz_DS7xfjkF-eojlWi_TNKVUmDxtb_YIcIJ-5A6dn64Q3cfxYXQPT4&amp;__tn__=R%5d-R\"><strong>Romina Ester Quinones<\/strong><\/a>: En barrio\u00a0<a href=\"https:\/\/www.facebook.com\/nuestro.hogariii?__cft__%5b0%5d=AZXC9wLnUvWSoRclR13aRuMEDtUJlgA0sicVssnlum4-NHZatBJHcSHf5rPNgM_M5TLBVLlV_kSV6rppl8SkmPXl_LT5frq3qLRaugGWWOMwNGFvCqiV0VXQSexox5EwlQl8HQqxGINQFGz_DS7xfjkF-eojlWi_TNKVUmDxtb_YIcIJ-5A6dn64Q3cfxYXQPT4&amp;__tn__=R%5d-R\">Nuestro Hogar III<\/a>\u00a0imposible tomar el 51. \u00bfQu\u00e9 van hacer los chicos cuando empiecen las clases?\u201d<\/p>\n<p><a href=\"https:\/\/www.facebook.com\/profile.php?id=100006101971027&amp;comment_id=Y29tbWVudDoxNTc5NTI2NTE4OTEzODAzXzE1Nzk2MjQwMTU1NzA3MjA%3D&amp;__cft__%5b0%5d=AZXC9wLnUvWSoRclR13aRuMEDtUJlgA0sicVssnlum4-NHZatBJHcSHf5rPNgM_M5TLBVLlV_kSV6rppl8SkmPXl_LT5frq3qLRaugGWWOMwNGFvCqiV0VXQSexox5EwlQl8HQqxGINQFGz_DS7xfjkF-eojlWi_TNKVUmDxtb_YIcIJ-5A6dn64Q3cfxYXQPT4&amp;__tn__=R%5d-R\"><strong>Claudia Alvarez<\/strong><\/a>: \u201cEl boleto m\u00e1s caro pagamos! Y los colectivos todos rotos y dan asco de la mugre que tienen\u201d.<\/p>\n<p><em>Nota publicada en la edici\u00f3n impresa de febrero.\u00a0<\/em><\/p>\n<div class=\"ubm_banner\"><a href=\"https:\/\/www.cba.gov.ar\/programa-provincial-de-entrega-de-computadoras\/\" target=\"_blank\" rel=\"dofollow noopener noreferrer\"><img src=\"http:\/\/hoycordobaweb.com\/wp-content\/uploads\/2021\/02\/verguenza-asco-y-desastre-asi-perciben-el-servicio-de-transporte-los-usuarios-de-la-zona-sur.gif\" alt=\"\"><\/a><\/div>\n<p>&nbsp;<\/p>\n<p>&nbsp;<\/p>\n<p>La entrada <a rel=\"nofollow\" href=\"https:\/\/ladecimaweb.com\/verguenza-asco-y-desastre-asi-perciben-el-servicio-de-transporte-los-usuarios-de-la-zona-sur\/\">\u201cVerg\u00fcenza, asco y desastre\u201d, as\u00ed perciben el servicio de transporte los usuarios de la zona sur<\/a> se public\u00f3 primero en <a rel=\"nofollow\" href=\"https:\/\/ladecimaweb.com\">LaDecima<\/a>.<\/p>\n","protected":false},"excerpt":{"rendered":"<p>Luego de reflejar el reclamo sentido de una usuaria del transporte urbano de barrio Comercial, explotaron las cr\u00edticas y reclamos en el Facebook de La D\u00e9cima. Los comentarios en las redes sociales son un excelente term\u00f3metro de la realidad social y proporcionan una asombrosa encuesta para medir el grado de satisfacci\u00f3n hacia los servicios, en [&hellip;]<\/p>\n","protected":false},"author":1,"featured_media":12750,"comment_status":"closed","ping_status":"closed","sticky":false,"template":"","format":"standard","meta":[],"categories":[19],"tags":[],"_links":{"self":[{"href":"http:\/\/hoycordobaweb.com\/index.php\/wp-json\/wp\/v2\/posts\/12749"}],"collection":[{"href":"http:\/\/hoycordobaweb.com\/index.php\/wp-json\/wp\/v2\/posts"}],"about":[{"href":"http:\/\/hoycordobaweb.com\/index.php\/wp-json\/wp\/v2\/types\/post"}],"author":[{"embeddable":true,"href":"http:\/\/hoycordobaweb.com\/index.php\/wp-json\/wp\/v2\/users\/1"}],"replies":[{"embeddable":true,"href":"http:\/\/hoycordobaweb.com\/index.php\/wp-json\/wp\/v2\/comments?post=12749"}],"version-history":[{"count":0,"href":"http:\/\/hoycordobaweb.com\/index.php\/wp-json\/wp\/v2\/posts\/12749\/revisions"}],"wp:featuredmedia":[{"embeddable":true,"href":"http:\/\/hoycordobaweb.com\/index.php\/wp-json\/wp\/v2\/media\/12750"}],"wp:attachment":[{"href":"http:\/\/hoycordobaweb.com\/index.php\/wp-json\/wp\/v2\/media?parent=12749"}],"wp:term":[{"taxonomy":"category","embeddable":true,"href":"http:\/\/hoycordobaweb.com\/index.php\/wp-json\/wp\/v2\/categories?post=12749"},{"taxonomy":"post_tag","embeddable":true,"href":"http:\/\/hoycordobaweb.com\/index.php\/wp-json\/wp\/v2\/tags?post=12749"}],"curies":[{"name":"wp","href":"https:\/\/api.w.org\/{rel}","templated":true}]}}