{"id":12746,"date":"2021-02-14T16:07:43","date_gmt":"2021-02-14T16:07:43","guid":{"rendered":"http:\/\/ladecimaweb.com\/?p=8266"},"modified":"2021-02-14T16:07:43","modified_gmt":"2021-02-14T16:07:43","slug":"muere-a-los-90-anos-el-turco-menem-el-presidente-que-nadie-voto","status":"publish","type":"post","link":"http:\/\/hoycordobaweb.com\/index.php\/2021\/02\/14\/muere-a-los-90-anos-el-turco-menem-el-presidente-que-nadie-voto\/","title":{"rendered":"Muere a los 90 a\u00f1os \u201cel turco\u201d Menem, el presidente que nadie vot\u00f3"},"content":{"rendered":"<p><em>(Con informaci\u00f3n de T\u00e9lam, y otros medios porte\u00f1os)<\/em> Carlos Sa\u00fal Menem fue una figura central en la joven democracia argentina que, pese a su condici\u00f3n peronista, <strong>gobern\u00f3 el pa\u00eds durante m\u00e1s de una d\u00e9cada con un fuerte sesgo neoliberal<\/strong> plasmado en profundas reformas pol\u00edticas, econ\u00f3micas, sociales y culturales que constituyeron la antesala de la aguda crisis desatada en el 2001, bajo el mandato del radical Fernando de la R\u00faa.<\/p>\n<p>Menem falleci\u00f3 esta ma\u00f1ana a los 90 a\u00f1os en el porte\u00f1o Sanatorio Los Arcos, donde se encontraba internado debido a una infecci\u00f3n urinaria, confirm\u00f3 a T\u00e9lam su exposa Zulema Yoma.<\/p>\n<p>&#8220;Lamentablemente acaba de fallecer&#8221;, dijo.<\/p>\n<div id=\"image\" class=\"image\"><img title=\"\" src=\"http:\/\/hoycordobaweb.com\/wp-content\/uploads\/2021\/02\/muere-a-los-90-anos-el-turco-menem-el-presidente-que-nadie-voto.jpg\" alt=\"\" \/><\/div>\n<p>El senador riojano ven\u00eda atravesando complicaciones de salud: primero estuvo internado en el Instituto del Diagn\u00f3stico y Tratamiento a ra\u00edz de una neumon\u00eda bilateral y hace algunas semanas debi\u00f3 ser internado por una infecci\u00f3n urinario.<\/p>\n<p>El caudillo riojano devolvi\u00f3 el poder al peronismo en 1989 y <strong>fue la persona que por m\u00e1s tiempo encabez\u00f3 el Poder Ejecutivo sin interrupciones en la historia del pa\u00eds<\/strong>, tras haber sellado en 1994 el &#8220;Pacto de Olivos&#8221; con Ra\u00fal Alfons\u00edn, el primer presidente democr\u00e1tico tras la dictadura c\u00edvico-militar impuesta en 1976.<\/p>\n<div id=\"image\" class=\"image\"><img title=\"\" src=\"http:\/\/hoycordobaweb.com\/wp-content\/uploads\/2021\/02\/muere-a-los-90-anos-el-turco-menem-el-presidente-que-nadie-voto-1.jpg\" alt=\"\" \/><\/div>\n<p>El l\u00edder de La Rioja, provincia a la que gobern\u00f3 en dos per\u00edodos, asumi\u00f3 la Presidencia el 8 de julio de 1989, cinco meses antes del inicio previsto para el mandato, con <strong>promesas de &#8220;revoluci\u00f3n productiva&#8221; y &#8220;salariazo&#8221;,<\/strong> pero su gobierno estuvo marcado por una pol\u00edtica de corte neoliberal que incluy\u00f3 la privatizaci\u00f3n de varias empresas del Estado, cambios en las leyes laborales que implicaron la p\u00e9rdida de antiguas conquistas de los trabajadores y una estrategia de &#8220;relaciones carnales&#8221; con Estados Unidos.<\/p>\n<p>Juan Bautista Yofre, hoy escritor y periodista y antes funcionario de Menem, <a href=\"https:\/\/www.infobae.com\/politica\/2021\/02\/14\/murio-carlos-menem-el-presidente-que-marco-una-decada\/\">escribe hoy en Infobae<\/a> que las empresas privatizadas &#8220;a decir verdad eran organismos del Estado en desuso y bancarrota que deb\u00edan volver a funcionar&#8221;.<\/p>\n<p>Menem asumi\u00f3 el poder en medio de un proceso de hiperinflaci\u00f3n heredado de la administraci\u00f3n de Alfons\u00edn y, una vez en el gobierno, teji\u00f3 inesperadas alianzas entre el peronismo y dirigentes de ideolog\u00eda liberal que hicieron sentir inc\u00f3modos a muchos de sus compa\u00f1eros de tantos a\u00f1os de lucha.<\/p>\n<div id=\"image\" class=\"image\"><img title=\"\" src=\"http:\/\/hoycordobaweb.com\/wp-content\/uploads\/2021\/02\/muere-a-los-90-anos-el-turco-menem-el-presidente-que-nadie-voto-2.jpg\" alt=\"\" \/><\/div>\n<p>Con Domingo Cavallo como &#8220;superministro&#8221; de Econom\u00eda, impuso un Plan de Convertibilidad que hizo que los argentinos vivieran durante a\u00f1os con paridad cambiaria, en la que un peso equival\u00eda a un d\u00f3lar, un germen -sumado a otros factores- de la crisis econ\u00f3mica, social y pol\u00edtica que estall\u00f3 en el 2001, cuando gobernaba la Alianza.<\/p>\n<p>El plan de convertibilidad de la moneda logr\u00f3 &#8220;bajar la inflaci\u00f3n y brindar posibilidades a gran parte de la clase media&#8221;, refiere Perfil, pero la contracara fueron &#8220;las excesivas <strong>privatizaciones&#8221;<\/strong> que\u00a0 &#8220;generar\u00edan <strong>altos \u00edndices de desempleo<\/strong>, lo que generar\u00eda un gran descontento social que lo llevar\u00eda a perder las elecciones&#8221;.<\/p>\n<div id=\"image\" class=\"image\"><img title=\"\" src=\"http:\/\/hoycordobaweb.com\/wp-content\/uploads\/2021\/02\/muere-a-los-90-anos-el-turco-menem-el-presidente-que-nadie-voto-3.jpg\" alt=\"\" \/><\/div>\n<p>La Ley de Reforma del Estado sancionada a fines de 1989 lo habilit\u00f3 a privatizar a lo largo de esa d\u00e9cada varias empresas estatales, incluidas YPF, Gas del Estado, Aerol\u00edneas Argentinas, el Correo Argentino y el complejo minero-sider\u00fargico Hipasam-Altos Hornos Zapla-Somisa.<\/p>\n<p>Muchos de esos procesos privatizadores, entre ellos la entrega a manos extranjeras de recursos naturales estrat\u00e9gicos, fueron los puntos m\u00e1s cuestionados de su gesti\u00f3n, al igual que la calidad institucional, que tuvo su m\u00e1xima expresi\u00f3n en la denominada &#8220;mayor\u00eda autom\u00e1tica&#8221; de la Corte Suprema, que le permiti\u00f3 desplegar sus pol\u00edticas sin sobresaltos judiciales.<\/p>\n<div id=\"image\" class=\"image\"><img title=\"\" src=\"http:\/\/hoycordobaweb.com\/wp-content\/uploads\/2021\/02\/muere-a-los-90-anos-el-turco-menem-el-presidente-que-nadie-voto-4.jpg\" alt=\"\" \/><\/div>\n<p>Menem, quien estuvo preso de la dictadura militar en las Lomitas, tom\u00f3 el argumento de la &#8220;reconciliaci\u00f3n nacional&#8221; para firmar en 1990 uno de sus m\u00e1s pol\u00e9micos decretos: el indulto con el que liber\u00f3 a los comandantes de la Junta Militar condenados por m\u00faltiples y grav\u00edsimos delitos contra la humanidad. Cabe agregar a la informaci\u00f3n de la agencia estatal T\u00e9lam que <strong>los indultos tambi\u00e9n beneficiaron a los jefes de la agrupaci\u00f3n armada Montoneros.\u00a0<\/strong><\/p>\n<p>Sus estrategias pol\u00edticas y su insistencia por lograr la reelecci\u00f3n, alcanzada finalmente en 1995, lo llevaron a reformar en 1994 la Constituci\u00f3n Nacional, despu\u00e9s de que el pa\u00eds entero se sorprendiera con <strong>la firma del &#8220;Pacto de Olivos&#8221;<\/strong>, otra vez con Alfons\u00edn como co-protagonista.<\/p>\n<p><strong>La nueva Constituci\u00f3n abri\u00f3 paso a la reelecci\u00f3n presidencial, antes vedada;<\/strong> derrumb\u00f3 el Colegio Electoral que hasta entonces eleg\u00eda al jefe del Estado; redujo de seis a cuatro a\u00f1os el per\u00edodo de mandato del Presidente y aument\u00f3 el n\u00famero de senadores con una garant\u00eda de representaci\u00f3n para la minor\u00eda, entre otros puntos.<\/p>\n<div id=\"image\" class=\"image\"><img title=\"\" src=\"http:\/\/hoycordobaweb.com\/wp-content\/uploads\/2021\/02\/muere-a-los-90-anos-el-turco-menem-el-presidente-que-nadie-voto-5.jpg\" alt=\"\" \/><\/div>\n<p>Menem, <strong>un pol\u00edtico de raza,<\/strong> de aquellos que recorr\u00edan el pa\u00eds en cualquier medio de transporte para las campa\u00f1as, <strong>mostr\u00f3 un estilo campechano, con largas patillas y acento riojano,<\/strong> lo cual lo ayud\u00f3 a crecer en popularidad dentro de las filas del peronismo, al que abraz\u00f3 en su juventud.<\/p>\n<p>En los a\u00f1os 90, algunas de sus <strong>actitudes<\/strong> en el ejercicio de la Presidencia eran consideradas <strong>extravagantes,<\/strong> como la vez que jug\u00f3 en cancha llena al f\u00fatbol con la camiseta de selecci\u00f3n, o cuando viaj\u00f3 desde Buenos Aires hacia Pinamar, en tiempo r\u00e9cord, al mando de su Ferrari Testarossa.<\/p>\n<p>&#8220;Pero sus pol\u00edticas de Estado no fueron toleradas por completo en el partido fundado por Juan Per\u00f3n, al punto de que durante su gobierno hubo profundos cambios en la tradicional liturgia del partido y su mandato qued\u00f3 m\u00e1s asociado al &#8220;menemismo&#8221;, que al peronismo como se lo hab\u00eda conocido hasta entonces&#8221;, rese\u00f1a T\u00e9lam.<\/p>\n<p>Gobern\u00f3 en La Rioja entre 1973 y 1976 (hasta la llegada de la dictadura) y entre 1983 y 1989, a\u00f1o en que dej\u00f3 la provincia para hacerse cargo anticipadamente de la Presidencia por la renuncia de Alfons\u00edn, por lo que su asunci\u00f3n se hizo efectiva cinco meses antes de la fecha prevista para el fin de su mandato.<\/p>\n<div id=\"image\" class=\"image\"><img title=\"\" src=\"http:\/\/hoycordobaweb.com\/wp-content\/uploads\/2021\/02\/muere-a-los-90-anos-el-turco-menem-el-presidente-que-nadie-voto-6.jpg\" alt=\"\" \/><\/div>\n<p>Menem dej\u00f3 el poder en diciembre de 1999, cuando el peronismo, que llev\u00f3 como candidato a Eduardo Duhalde, fue derrotado en las elecciones por la coalici\u00f3n UCR-Frepaso que postul\u00f3 al radical Fernando de la R\u00faa.<\/p>\n<p>En 2001 pas\u00f3 seis meses en prisi\u00f3n en la causa por la venta de ilegal de armas a Ecuador y Croacia, por orden del juez federal Jorge Urso.<\/p>\n<p><strong>En 2003 intent\u00f3 volver a la Presidencia y fue el m\u00e1s votado en la primera vuelta de los comicios<\/strong> de ese a\u00f1o, pero consciente de que todas las encuestas lo daban como seguro derrotado frente a N\u00e9stor Kirchner, baj\u00f3 su postulaci\u00f3n y no se present\u00f3 al balotaje.<\/p>\n<p>Tras su salida del poder y la comprobaci\u00f3n del costo social de su plan de reformas econ\u00f3micas en el Estado, se populariz\u00f3 entre los argentinos <strong>el latiguillo &#8220;yo no lo vot\u00e9&#8221;<\/strong> para sublimar la culpa que sent\u00edan por haberlo votado.<\/p>\n<p><strong>Para el kirchnerismo tambi\u00e9n fue el chivo expiatorio de los males pasados, <a href=\"https:\/\/www.perfil.com\/noticias\/actualidad\/murio-expresidente-carlos-saul-menem.phtml\">aunque como refiere Perfil<\/a> &#8220;desde 2005 se mantuvo en el Senado dentro del Partido Justicialista<\/strong>, incluso ahora, dentro del Frente de Todos, actual oficialismo&#8221; votando las leyes impulsadas por N\u00e9stor y Cristina.<\/p>\n<p><a href=\"https:\/\/www.clarin.com\/politica\/murio-carlos-menem-multiples-ilusiones-previsible-final-cirugia-anestesia-_0_hA4awvCN5.html\">Pero como publica Clar\u00edn,<\/a> &#8220;no hubiera existido el menemismo sin el apoyo de\u00a0<strong>la sociedad que lo vot\u00f3 ganador en tres ocasiones<\/strong>, deslumbrada primero por el optimismo desaforado del candidato que promet\u00eda un salariazo, una revoluci\u00f3n productiva y juraba no defraudar a sus votantes; una sociedad ilusionada luego por\u00a0<strong>una aparente estabilidad econ\u00f3mica<\/strong> que dej\u00f3 a su paso un tendal de desocupados y de industrias cerradas; una sociedad que cambi\u00f3 incluso sus conductas, sus humores, sus costumbres, en algunos casos hasta sus principios, al amparo de la esperanza inclaudicable que lanzaba el Presidente de la d\u00e9cada. Hasta que se dio vuelta el viento&#8221;.<\/p>\n<p>Al momento de su muerte ocupaba un esca\u00f1o en el Senado de la Naci\u00f3n como representante de su La Rioja natal.<\/p>\n<p>&nbsp;<\/p>\n<div class=\"ubm_banner\"><a href=\"https:\/\/www.cba.gov.ar\/programa-provincial-de-entrega-de-computadoras\/\" target=\"_blank\" rel=\"dofollow noopener noreferrer\"><img src=\"http:\/\/hoycordobaweb.com\/wp-content\/uploads\/2021\/02\/muere-a-los-90-anos-el-turco-menem-el-presidente-que-nadie-voto.gif\" alt=\"\"><\/a><\/div>\n<p>La entrada <a rel=\"nofollow\" href=\"https:\/\/ladecimaweb.com\/muere-a-los-90-anos-el-turco-menem-el-presidente-que-nadie-voto\/\">Muere a los 90 a\u00f1os &#8220;el turco&#8221; Menem, el presidente que nadie vot\u00f3<\/a> se public\u00f3 primero en <a rel=\"nofollow\" href=\"https:\/\/ladecimaweb.com\">LaDecima<\/a>.<\/p>\n","protected":false},"excerpt":{"rendered":"<p>(Con informaci\u00f3n de T\u00e9lam, y otros medios porte\u00f1os) Carlos Sa\u00fal Menem fue una figura central en la joven democracia argentina que, pese a su condici\u00f3n peronista, gobern\u00f3 el pa\u00eds durante m\u00e1s de una d\u00e9cada con un fuerte sesgo neoliberal plasmado en profundas reformas pol\u00edticas, econ\u00f3micas, sociales y culturales que constituyeron la antesala de la aguda [&hellip;]<\/p>\n","protected":false},"author":1,"featured_media":12747,"comment_status":"closed","ping_status":"closed","sticky":false,"template":"","format":"standard","meta":[],"categories":[19],"tags":[],"_links":{"self":[{"href":"http:\/\/hoycordobaweb.com\/index.php\/wp-json\/wp\/v2\/posts\/12746"}],"collection":[{"href":"http:\/\/hoycordobaweb.com\/index.php\/wp-json\/wp\/v2\/posts"}],"about":[{"href":"http:\/\/hoycordobaweb.com\/index.php\/wp-json\/wp\/v2\/types\/post"}],"author":[{"embeddable":true,"href":"http:\/\/hoycordobaweb.com\/index.php\/wp-json\/wp\/v2\/users\/1"}],"replies":[{"embeddable":true,"href":"http:\/\/hoycordobaweb.com\/index.php\/wp-json\/wp\/v2\/comments?post=12746"}],"version-history":[{"count":0,"href":"http:\/\/hoycordobaweb.com\/index.php\/wp-json\/wp\/v2\/posts\/12746\/revisions"}],"wp:featuredmedia":[{"embeddable":true,"href":"http:\/\/hoycordobaweb.com\/index.php\/wp-json\/wp\/v2\/media\/12747"}],"wp:attachment":[{"href":"http:\/\/hoycordobaweb.com\/index.php\/wp-json\/wp\/v2\/media?parent=12746"}],"wp:term":[{"taxonomy":"category","embeddable":true,"href":"http:\/\/hoycordobaweb.com\/index.php\/wp-json\/wp\/v2\/categories?post=12746"},{"taxonomy":"post_tag","embeddable":true,"href":"http:\/\/hoycordobaweb.com\/index.php\/wp-json\/wp\/v2\/tags?post=12746"}],"curies":[{"name":"wp","href":"https:\/\/api.w.org\/{rel}","templated":true}]}}