{"id":12660,"date":"2021-02-12T14:33:48","date_gmt":"2021-02-12T14:33:48","guid":{"rendered":"http:\/\/ladecimaweb.com\/?p=8247"},"modified":"2021-02-12T14:33:48","modified_gmt":"2021-02-12T14:33:48","slug":"detienen-en-bella-vista-a-dos-mujeres-que-vinculan-con-el-crimen-del-jubilado-de-barrio-caceres","status":"publish","type":"post","link":"http:\/\/hoycordobaweb.com\/index.php\/2021\/02\/12\/detienen-en-bella-vista-a-dos-mujeres-que-vinculan-con-el-crimen-del-jubilado-de-barrio-caceres\/","title":{"rendered":"Detienen en Bella Vista a dos mujeres que vinculan con el crimen del jubilado de barrio C\u00e1ceres"},"content":{"rendered":"<p>Dos mujeres fueron detenidas sospechadas de haber participado en el cruel asesinato de Guillermo &#8220;Chicho&#8221; Mor\u00e1n, el jubilado de 80 a\u00f1os de barrio C\u00e1ceres que recibi\u00f3 tres pu\u00f1aladas en su casa por un grupo de delincuentes que le robaron una garrafa el \u00faltimo fin de semana.<\/p>\n<div class=\"block-ad-node\">\n<div id=\"middle_1-1294342_parent\">\n<div id=\"middle_1-1294342\" class=\"bloque-ads\" data-google-query-id=\"CNzZovrF5O4CFe8DuQYdMlIITg\">\n<div id=\"google_ads_iframe_6955764\/lavoz\/notas\/middle_1_0__container__\">Las detenidas est\u00e1n acusadas de supuesta autor\u00eda del delito de robo calificado por el empleo de arma y homicidio calificado en concurso real, seg\u00fan lo dispuso la Fiscal\u00eda del Distrito I Turno 5 a cargo de Gustavo Dalma.<\/div>\n<\/div>\n<\/div>\n<\/div>\n<p>Citando fuentes judiciales y policiales, <a href=\"https:\/\/www.lavoz.com.ar\/sucesos\/detuvieron-a-dos-mujeres-acusadas-de-participar-del-crimen-del-jubilado-de-barrio-caceres\">Lavoz.com<\/a> identific\u00f3 a las detenidas como Evelyn del Valle Cerd\u00e1 (22) y Johana Fr\u00edas Luj\u00e1n (29)<\/p>\n<p>Desde la Polic\u00eda informaron al programa El Show de la Ma\u00f1ana, que se emite por Canal 12, que las detenidas contar\u00edan con antecedentes penales.<\/p>\n<div class=\"block-ad-node\">\n<div id=\"middle_1-1294342_parent\">\n<div id=\"middle_1-1294342\" class=\"bloque-ads\" data-google-query-id=\"CNzZovrF5O4CFe8DuQYdMlIITg\"><\/div>\n<\/div>\n<\/div>\n<p>Sobre el hecho, el diario refiere que &#8220;testigos afirman que el s\u00e1bado pasado, cerca de las 11, dos mujeres llegaron hasta la casa de la v\u00edctima, Mor\u00e1n, y <a href=\"https:\/\/www.lavoz.com.ar\/sucesos\/cordoba-murio-jubilado-al-que-apunalaron-para-robarle-una-garrafa\" target=\"_blank\" rel=\"noopener noreferrer\">lograron ingresar tras enga\u00f1arlo, seg\u00fan El Doce<\/a>&#8220;.<\/p>\n<p>&#8220;En el lugar, <strong>le robaron una garrafa y le asestaron tres pu\u00f1aladas: dos en el t\u00f3rax y una en el abdomen.<\/strong> El arma con la que se perpetr\u00f3 el homicidio qued\u00f3 en el lugar, y fue secuestrada&#8221;, agrega la informaci\u00f3n.<\/p>\n<p>Posteriormente, el hombre fue llevado por vecinos al Hospital Misericordia, donde falleci\u00f3.<\/p>\n<p>A trav\u00e9s del abogado Carlos Nayi, la hija del jubilado, Liliana Beatriz Mor\u00e1n, se constituy\u00f3 en querellante en la causa.<\/p>\n<p>&nbsp;<\/p>\n<p><em>Foto publicada por Lavoz.com<\/em><\/p>\n<p>&nbsp;<\/p>\n<div class=\"ubm_banner\"><a href=\"https:\/\/www.cba.gov.ar\/programa-provincial-de-entrega-de-computadoras\/\" target=\"_blank\" rel=\"dofollow noopener noreferrer\"><img src=\"http:\/\/hoycordobaweb.com\/wp-content\/uploads\/2021\/02\/detienen-en-bella-vista-a-dos-mujeres-que-vinculan-con-el-crimen-del-jubilado-de-barrio-caceres.gif\" alt=\"\"><\/a><\/div>\n<p>&nbsp;<\/p>\n<p>&nbsp;<\/p>\n<p>La entrada <a rel=\"nofollow\" href=\"https:\/\/ladecimaweb.com\/detienen-en-bella-vista-a-dos-mujeres-que-vinculan-con-el-crimen-del-jubilado-de-barrio-caceres\/\">Detienen en Bella Vista a dos mujeres que vinculan con el crimen del jubilado de barrio C\u00e1ceres<\/a> se public\u00f3 primero en <a rel=\"nofollow\" href=\"https:\/\/ladecimaweb.com\">LaDecima<\/a>.<\/p>\n","protected":false},"excerpt":{"rendered":"<p>Dos mujeres fueron detenidas sospechadas de haber participado en el cruel asesinato de Guillermo &#8220;Chicho&#8221; Mor\u00e1n, el jubilado de 80 a\u00f1os de barrio C\u00e1ceres que recibi\u00f3 tres pu\u00f1aladas en su casa por un grupo de delincuentes que le robaron una garrafa el \u00faltimo fin de semana. Las detenidas est\u00e1n acusadas de supuesta autor\u00eda del delito [&hellip;]<\/p>\n","protected":false},"author":1,"featured_media":12661,"comment_status":"closed","ping_status":"closed","sticky":false,"template":"","format":"standard","meta":[],"categories":[19],"tags":[],"_links":{"self":[{"href":"http:\/\/hoycordobaweb.com\/index.php\/wp-json\/wp\/v2\/posts\/12660"}],"collection":[{"href":"http:\/\/hoycordobaweb.com\/index.php\/wp-json\/wp\/v2\/posts"}],"about":[{"href":"http:\/\/hoycordobaweb.com\/index.php\/wp-json\/wp\/v2\/types\/post"}],"author":[{"embeddable":true,"href":"http:\/\/hoycordobaweb.com\/index.php\/wp-json\/wp\/v2\/users\/1"}],"replies":[{"embeddable":true,"href":"http:\/\/hoycordobaweb.com\/index.php\/wp-json\/wp\/v2\/comments?post=12660"}],"version-history":[{"count":0,"href":"http:\/\/hoycordobaweb.com\/index.php\/wp-json\/wp\/v2\/posts\/12660\/revisions"}],"wp:featuredmedia":[{"embeddable":true,"href":"http:\/\/hoycordobaweb.com\/index.php\/wp-json\/wp\/v2\/media\/12661"}],"wp:attachment":[{"href":"http:\/\/hoycordobaweb.com\/index.php\/wp-json\/wp\/v2\/media?parent=12660"}],"wp:term":[{"taxonomy":"category","embeddable":true,"href":"http:\/\/hoycordobaweb.com\/index.php\/wp-json\/wp\/v2\/categories?post=12660"},{"taxonomy":"post_tag","embeddable":true,"href":"http:\/\/hoycordobaweb.com\/index.php\/wp-json\/wp\/v2\/tags?post=12660"}],"curies":[{"name":"wp","href":"https:\/\/api.w.org\/{rel}","templated":true}]}}