{"id":12576,"date":"2021-02-13T12:25:39","date_gmt":"2021-02-13T12:25:39","guid":{"rendered":"https:\/\/www.ole.com.ar\/futbol-internacional\/espana\/espana-atletico-madrid-granada-liga_0_LkO_M-AYX.html"},"modified":"2021-02-13T12:25:39","modified_gmt":"2021-02-13T12:25:39","slug":"al-caer-el-gol-de-suarez","status":"publish","type":"post","link":"http:\/\/hoycordobaweb.com\/index.php\/2021\/02\/13\/al-caer-el-gol-de-suarez\/","title":{"rendered":"Al caer el gol de Su\u00e1rez&#8230;"},"content":{"rendered":"<p><img src=\"http:\/\/hoycordobaweb.com\/wp-content\/uploads\/2021\/02\/al-caer-el-gol-de-suarez.jpg\"><\/p>\n<div><img src=\"http:\/\/hoycordobaweb.com\/wp-content\/uploads\/2021\/02\/al-caer-el-gol-de-suarez.jpg\" class=\"ff-og-image-inserted\"><\/div>\n<div class=\"title\" readability=\"12\">\n<p class=\"volanta\">ESPA\u00d1A \/ GRANADA &#8211; ATLETICO MADRID<\/p>\n<p> <meta itemprop=\"headline\" content=\"Al caer el gol de Su\u00e1rez...\"><\/p>\n<p><h2>El uruguayo tuvo un par de ocasiones que no pudo concretar pero se lo nota activo y est\u00e1 cerca de meter el primero para el Atl\u00e9tico de Madrid, que ante el Granada quiere alejarse de sus perseguidores. Correa tambi\u00e9n es titular. <strong>Seguilo en Ol\u00e9.<\/strong><\/h2>\n<\/p>\n<\/div>\n","protected":false},"excerpt":{"rendered":"<p>ESPA\u00d1A \/ GRANADA &#8211; ATLETICO MADRID El uruguayo tuvo un par de ocasiones que no pudo concretar pero se lo nota activo y est\u00e1 cerca de meter el primero para el Atl\u00e9tico de Madrid, que ante el Granada quiere alejarse de sus perseguidores. Correa tambi\u00e9n es titular. Seguilo en Ol\u00e9.<\/p>\n","protected":false},"author":1,"featured_media":12577,"comment_status":"open","ping_status":"closed","sticky":false,"template":"","format":"standard","meta":[],"categories":[16],"tags":[],"_links":{"self":[{"href":"http:\/\/hoycordobaweb.com\/index.php\/wp-json\/wp\/v2\/posts\/12576"}],"collection":[{"href":"http:\/\/hoycordobaweb.com\/index.php\/wp-json\/wp\/v2\/posts"}],"about":[{"href":"http:\/\/hoycordobaweb.com\/index.php\/wp-json\/wp\/v2\/types\/post"}],"author":[{"embeddable":true,"href":"http:\/\/hoycordobaweb.com\/index.php\/wp-json\/wp\/v2\/users\/1"}],"replies":[{"embeddable":true,"href":"http:\/\/hoycordobaweb.com\/index.php\/wp-json\/wp\/v2\/comments?post=12576"}],"version-history":[{"count":0,"href":"http:\/\/hoycordobaweb.com\/index.php\/wp-json\/wp\/v2\/posts\/12576\/revisions"}],"wp:featuredmedia":[{"embeddable":true,"href":"http:\/\/hoycordobaweb.com\/index.php\/wp-json\/wp\/v2\/media\/12577"}],"wp:attachment":[{"href":"http:\/\/hoycordobaweb.com\/index.php\/wp-json\/wp\/v2\/media?parent=12576"}],"wp:term":[{"taxonomy":"category","embeddable":true,"href":"http:\/\/hoycordobaweb.com\/index.php\/wp-json\/wp\/v2\/categories?post=12576"},{"taxonomy":"post_tag","embeddable":true,"href":"http:\/\/hoycordobaweb.com\/index.php\/wp-json\/wp\/v2\/tags?post=12576"}],"curies":[{"name":"wp","href":"https:\/\/api.w.org\/{rel}","templated":true}]}}