{"id":12566,"date":"2021-02-13T13:25:00","date_gmt":"2021-02-13T13:25:00","guid":{"rendered":"http:\/\/hoycordobaweb.com\/index.php\/2021\/02\/13\/los-altos-del-golan-y-la-postura-a-lo-poncio-pilatos-de-eeuu\/"},"modified":"2021-02-13T13:25:00","modified_gmt":"2021-02-13T13:25:00","slug":"los-altos-del-golan-y-la-postura-a-lo-poncio-pilatos-de-eeuu","status":"publish","type":"post","link":"http:\/\/hoycordobaweb.com\/index.php\/2021\/02\/13\/los-altos-del-golan-y-la-postura-a-lo-poncio-pilatos-de-eeuu\/","title":{"rendered":"Los Altos del Gol\u00e1n y la postura a lo \u00abPoncio Pilatos\u00bb de EEUU"},"content":{"rendered":"<p><img src=\"http:\/\/hoycordobaweb.com\/wp-content\/uploads\/2021\/02\/los-altos-del-golan-y-la-postura-a-lo-poncio-pilatos-de-eeuu.jpg\"><\/p>\n<div class=\"image\" id=\"image\" readability=\"7\"> <img src=\"http:\/\/hoycordobaweb.com\/wp-content\/uploads\/2021\/02\/los-altos-del-golan-y-la-postura-a-lo-poncio-pilatos-de-eeuu-2.jpg\" alt=\"El Gol\u00e1n es muy importante para la seguridad de Israel\" title=\"El Gol\u00e1n es muy importante para la seguridad de Israel\"><\/p>\n<p>El Gol\u00e1n es muy importante para la seguridad de Israel<\/p>\n<\/div>\n<p>La actitud del nuevo Gobierno del presidente Joe Biden de respaldar la ocupaci\u00f3n israel\u00ed de los Altos del Gol\u00e1n, mientras Bashar al Assad siga en el poder en Siria, representa una jugada \u00abambigua y astuta\u00bb de Estados Unidos, ya que no revierte el reconocimiento de la soberan\u00eda que hizo ese pa\u00eds en 2019, indicaron analistas a T\u00e9lam.<\/p>\n<p>Los estrat\u00e9gicos Altos del Gol\u00e1n, que dominan el norte de Israel y las fronteras de L\u00edbano y Jordania, fueron conquistadas por Israel en la Guerra de los Seis D\u00edas en 1967.<\/p>\n<p>En dicha contienda b\u00e9lica, el Estado israel\u00ed cuadriplic\u00f3 su territorio, tras anexarse tambi\u00e9n Cisjordania (incluyendo Jerusal\u00e9n Este), Gaza y la pen\u00ednsula del Sina\u00ed.<\/p>\n<p>\u00abDejando de lado la legalidad de esa cuesti\u00f3n, como los asuntos pr\u00e1cticos, el Gol\u00e1n es muy importante para la seguridad de Israel mientras Assad contin\u00fae en el poder en Siria\u00bb, dijo el secretario de Estado norteamericano, Antony Blinken, durante una entrevista difundida el lunes por la cadena norteamericana CNN.<\/p>\n<p>El funcionario se\u00f1al\u00f3 que \u00ablas cuestiones legales son otro asunto\u00bb y resalt\u00f3: \u00abA lo largo del tiempo, si la situaci\u00f3n cambia en Siria, es algo que analizaremos. Pero ahora no estamos en absoluto cerca de ello\u00bb.<\/p>\n<p>En 1981, en un paso equivalente a la anexi\u00f3n, Israel extendi\u00f3 sus leyes a los Altos del Gol\u00e1n, un territorio de 1.200 kil\u00f3metros cuadrados. Sin embargo, la decisi\u00f3n israel\u00ed no fue reconocida por la comunidad internacional.<\/p>\n<p>Un d\u00eda despu\u00e9s de las declaraciones de Blinken, el primer ministro israel\u00ed, Benjamin Netanyahu, dijo que dicho territorio \u00abpermanecer\u00e1 como parte de Israel por siempre\u00bb.<\/p>\n<p>El 25 de marzo de 2019, durante un acto en la Casa Blanca al que asisti\u00f3 Netanyahu, el expresidente Donald Trump firm\u00f3 una declaraci\u00f3n en la que reconoc\u00eda la soberan\u00eda israel\u00ed sobre los Altos del Gol\u00e1n.<\/p>\n<p>\u00abBlinken est\u00e1 haciendo \u00b4la gran Poncio Pilatos\u00b4 (un prefecto de la antigua judea que dijo \u00b4yo me lavo las manos\u00b4 por la crucifixi\u00f3n de Jes\u00fas), porque est\u00e1 diciendo en una parte que lo que hizo Trump de reconocer la soberan\u00eda israel\u00ed sobre los ocupados Altos del Gol\u00e1n estuvo mal; pero despu\u00e9s se\u00f1ala que no van a revertir esa medida\u00bb, se\u00f1al\u00f3 a T\u00e9lam Ezequiel Kopel.<\/p>\n<p>El analista y periodista, que es autor de los libros \u00abLa disputa por el control de Medio Oriente\u00bb y \u00abMedio Oriente, lugar com\u00fan\u00bb, se\u00f1al\u00f3 que Estados Unidos no acostumbra \u00abrevertir medidas\u00bb adoptadas por Gobiernos anteriores.<\/p>\n<blockquote readability=\"9\">\n<p>El 25 de marzo de 2019, durante un acto en la Casa Blanca al que asisti\u00f3 Netanyahu, el expresidente Donald Trump firm\u00f3 una declaraci\u00f3n en la que reconoc\u00eda la soberan\u00eda israel\u00ed sobre los Altos del Gol\u00e1n<span class=\"comilla\">\u201d<\/span><\/p>\n<\/blockquote>\n<p>\u00abBlinken est\u00e1 haciendo una critica superficial para decir que es diferente, pero en realidad son pol\u00edticas de Estado\u00bb, opin\u00f3.<\/p>\n<p>Para Kopel, \u00ablo que est\u00e1 haciendo Estados Unidos es un re-reconocimiento de lo que hizo Trump, que fue reconocer la soberan\u00eda israel\u00ed sobre el Gol\u00e1n ocupado\u00bb.<\/p>\n<p>\u00abO sea, Blinken est\u00e1 criticando lo que hizo Trump, pero est\u00e1 diciendo que va a mantener esa decisi\u00f3n. Nos est\u00e1 explicando: \u00b4ya fue reconocido, nosotros lo reconocemos y decimos que eso se va a seguir manteniendo\u00b4\u00bb, a\u00f1adi\u00f3.<\/p>\n<p>Blinken no solo advirti\u00f3 sobre la amenaza que representaba el Gobierno sirio de Assad para la seguridad de Israel, sino que tambi\u00e9n alert\u00f3 sobre las milicias respaldadas por Ir\u00e1n en dicha zona.<\/p>\n<p>\u00abLas cuestiones legales son algo m\u00e1s. Con el tiempo, si la situaci\u00f3n cambiara en Siria, es algo que considerar\u00edamos. Pero nosotros no estamos cerca de eso\u00bb, afirm\u00f3 Blinken.<\/p>\n<blockquote readability=\"8\">\n<p>Durante los cuatro a\u00f1os que gobern\u00f3 Trump, Estados Unidos respald\u00f3 las pol\u00edticas del Gobierno de Netanyahu, inclusive su decisi\u00f3n de construir asentamientos en los territorios ocupados<span class=\"comilla\">\u201d<\/span><\/p>\n<\/blockquote>\n<p>Durante los cuatro a\u00f1os que gobern\u00f3 Trump, Estados Unidos respald\u00f3 las pol\u00edticas del Gobierno de Netanyahu, inclusive su decisi\u00f3n de construir asentamientos en los territorios ocupados.<\/p>\n<p>El Gobierno de Biden, por otra parte, prometi\u00f3 que volver\u00eda a la posici\u00f3n hist\u00f3rica de Estados Unidos de impulsar la soluci\u00f3n de los \u00abDos Estados\u00bb, con fronteras seguras entre israel\u00edes y palestinos. Pero se\u00f1al\u00f3 que mantendr\u00e1 la embajada estadounidense en Jerusal\u00e9n, donde fue trasladada desde Tel Aviv por decisi\u00f3n de Trump.<\/p>\n<p>\u00abLo que dice Blinken es una postura ambigua y astuta. Desde el punto de vista del derecho internacional, Blinken no puede aceptar la tesis de Trump (o de Israel), seg\u00fan la cual el Gobierno israel\u00ed sustenta la soberan\u00eda sobre los Altos del Gol\u00e1n\u00bb, dijo desde Jerusal\u00e9n Arie Kacowicz.<\/p>\n<p>El analista, que es profesor del Departamento de Relaciones Internacionales de la Universidad Hebrea de Jerusal\u00e9n, se\u00f1al\u00f3 que \u00abal mismo tiempo, en t\u00e9rminos pr\u00e1cticos (o pragm\u00e1ticos), mientras siga Assad y la guerra civil en Siria, un proceso de paz entre Israel y Siria es una cuesti\u00f3n te\u00f3rica (acad\u00e9mica), que todavia no tiene ninguna chance de ser posible\u00bb.<\/p>\n<p>Kacowicz advirti\u00f3 que \u00abel d\u00eda que en Siria haya otro Gobierno y quiera reanudar un proceso de paz con Israel, desde el punto de vista legal el Estado israel\u00ed no va a poder sustentar sus demandas jur\u00eddicas de soberan\u00eda\u00bb.<\/p>\n<p>\u00abPor eso, lo que ha dicho Blinken tiene mucho sentido\u00bb, advirti\u00f3 el analista. <\/p>\n","protected":false},"excerpt":{"rendered":"<p>El Gol\u00e1n es muy importante para la seguridad de Israel La actitud del nuevo Gobierno del presidente Joe Biden de respaldar la ocupaci\u00f3n israel\u00ed de los Altos del Gol\u00e1n, mientras Bashar al Assad siga en el poder en Siria, representa una jugada \u00abambigua y astuta\u00bb de Estados Unidos, ya que no revierte el reconocimiento de [&hellip;]<\/p>\n","protected":false},"author":1,"featured_media":12567,"comment_status":"open","ping_status":"closed","sticky":false,"template":"","format":"standard","meta":[],"categories":[24],"tags":[],"_links":{"self":[{"href":"http:\/\/hoycordobaweb.com\/index.php\/wp-json\/wp\/v2\/posts\/12566"}],"collection":[{"href":"http:\/\/hoycordobaweb.com\/index.php\/wp-json\/wp\/v2\/posts"}],"about":[{"href":"http:\/\/hoycordobaweb.com\/index.php\/wp-json\/wp\/v2\/types\/post"}],"author":[{"embeddable":true,"href":"http:\/\/hoycordobaweb.com\/index.php\/wp-json\/wp\/v2\/users\/1"}],"replies":[{"embeddable":true,"href":"http:\/\/hoycordobaweb.com\/index.php\/wp-json\/wp\/v2\/comments?post=12566"}],"version-history":[{"count":0,"href":"http:\/\/hoycordobaweb.com\/index.php\/wp-json\/wp\/v2\/posts\/12566\/revisions"}],"wp:featuredmedia":[{"embeddable":true,"href":"http:\/\/hoycordobaweb.com\/index.php\/wp-json\/wp\/v2\/media\/12567"}],"wp:attachment":[{"href":"http:\/\/hoycordobaweb.com\/index.php\/wp-json\/wp\/v2\/media?parent=12566"}],"wp:term":[{"taxonomy":"category","embeddable":true,"href":"http:\/\/hoycordobaweb.com\/index.php\/wp-json\/wp\/v2\/categories?post=12566"},{"taxonomy":"post_tag","embeddable":true,"href":"http:\/\/hoycordobaweb.com\/index.php\/wp-json\/wp\/v2\/tags?post=12566"}],"curies":[{"name":"wp","href":"https:\/\/api.w.org\/{rel}","templated":true}]}}