{"id":125490,"date":"2025-12-16T16:23:30","date_gmt":"2025-12-16T16:23:30","guid":{"rendered":"https:\/\/www.mujerhoy.com\/moda\/no-te-pierdas\/reina-letizia-estrena-blusa-lazada-repite-traje-sandro-fundacion-fad-20251216105717-nt.html"},"modified":"2025-12-16T16:23:30","modified_gmt":"2025-12-16T16:23:30","slug":"el-elegantisimo-look-de-la-reina-letizia-rescata-una-blusa-morada-de-2009-junto-al-traje-de-raya-diplomatica-de-mirto","status":"publish","type":"post","link":"http:\/\/hoycordobaweb.com\/index.php\/2025\/12\/16\/el-elegantisimo-look-de-la-reina-letizia-rescata-una-blusa-morada-de-2009-junto-al-traje-de-raya-diplomatica-de-mirto\/","title":{"rendered":"El elegant\u00edsimo look de la reina Letizia: rescata una blusa morada de 2009 junto al traje de raya diplom\u00e1tica de Mirto"},"content":{"rendered":"<p><!-- AUTHOR --><\/p>\n<div class=\"voc-author-timesocial \">\n<!-- AUTHOR --><\/p>\n<div class=\"voc-author-timesocial__signature \">\n<!-- IMAGE AUTHOR -->\n<picture class=\"voc-image-signature\">\n<img class=\"voc-image-signature__img\" src=\"http:\/\/hoycordobaweb.com\/wp-content\/uploads\/2025\/12\/el-elegantisimo-look-de-la-reina-letizia-rescata-una-blusa-morada-de-2009-junto-al-traje-de-raya-diplomatica-de-mirto.jpg\" alt=\"Sonia G\u00f3mez\">\n<\/picture>\n<!-- INFO AUTHOR --> <\/div><\/div>\n<p><!-- COMPONENTS --><\/p>\n<p class=\"voc-paragraph\">Primero de los tres eventos marcados en la <a href=\"https:\/\/www.mujerhoy.com\/celebrities\/realeza\/reina-letizia-agenda-antes-vacaciones-navidad-palabra-del-ano-20251215132730-nt.html\" data-voc-vtm-id=\"in-text-traffic\" title=\"agenda de la reina Letizia\" data-mrf-link=\"www.mujerhoy.com\">agenda de la reina Letizia<\/a> antes de las vacaciones de Navidad. Tras venir de una semana tranquila de actividades p\u00fablicas, -s\u00f3lo la vimos en la reuni\u00f3n del Patronato del Instituto Cervantes con un <a href=\"https:\/\/www.mujerhoy.com\/moda\/no-te-pierdas\/reina-letizia-estrena-look-monocromatico-elegante-estiliza-instituto-cervantes-20251209132626-nt.html\" data-voc-vtm-id=\"in-text-traffic\" title=\"look monocrom\u00e1tico\" data-mrf-link=\"www.mujerhoy.com\">look monocrom\u00e1tico<\/a> muy elegante- <strong>do\u00f1a Letizia<\/strong> est\u00e1 a punto de cerrar el a\u00f1o con la pen\u00faltima cita marcada en su calendario.<\/p>\n<p class=\"voc-paragraph\">Como presidenta de honor, la reina Letizia ha presidido hoy la <strong>reuni\u00f3n con el Patronato de la Fundaci\u00f3n Fad Juventud<\/strong>, donde se ha realizado un coloquio titulado \u00abDesaf\u00edos y retos de la seguridad digital para la adolescencia, infancia y juventud &#8211; Entornos Digitales Seguros\u00bb para analizar los principales desaf\u00edos en materia de seguridad digital y protecci\u00f3n a los que se enfrentan los j\u00f3venes.<\/p>\n<div class=\"v-c-cmp v-c-cmp--t1 \">\n<div class=\"v-cmp-rld v-cmp-rld--2 \">\n<div class=\"v-cnt-m v-cnt-m--m\">\n<div class=\"v-cnt-m__c\">\n<div class=\"v-cnt-m__w v-cnt-m__w--1\">\n<p class=\"v-cnt-m__t\">\nTAMBI\u00c9N TE INTERESA\n<\/p>\n<\/div>\n<\/div>\n<\/div>\n<div class=\"v-g v-g--2-c v-g--bdr-min-xs\">\n<div class=\"v-g__c \">\n<article class=\"v-a v-a--cmp-rld v-a--cmp-rld-2 v-a--p-l\">\n<div class=\"v-a-img-c\">\n<figure class=\"v-a-fig\">\n<a href=\"https:\/\/www.mujerhoy.com\/celebrities\/realeza\/felicitacion-navidad-letizia-felipe-postal-valdesoto-perros-20251212120859-nt.html#vtm_modulosEngag=mod-rel:moda:noticia:1:cmp:2-not\" class=\"v-a-link\" title=\"La postal de Navidad m\u00e1s sorprendente de la Familia Real: un lugar especial, una foto in\u00e9dita y un gui\u00f1o para sus mascotas\"><br \/>\n<img loading=\"lazy\" class=\"v-a-img\" src=\"http:\/\/hoycordobaweb.com\/wp-content\/uploads\/2025\/12\/el-elegantisimo-look-de-la-reina-letizia-rescata-una-blusa-morada-de-2009-junto-al-traje-de-raya-diplomatica-de-mirto-1.jpg\" alt=\"La postal de Navidad m\u00e1s sorprendente de la Familia Real: un lugar especial, una foto in\u00e9dita y un gui\u00f1o para sus mascotas\"><br \/>\n<\/a><br \/>\n<\/figure>\n<\/div>\n<\/article>\n<\/div>\n<div class=\"v-g__c \">\n<article class=\"v-a v-a--cmp-rld v-a--cmp-rld-2 v-a--p-l\">\n<div class=\"v-a-img-c\">\n<figure class=\"v-a-fig\">\n<a href=\"https:\/\/www.mujerhoy.com\/celebrities\/realeza\/reina-letizia-navidad-vuelta-leonor-sofia-paloma-rocasolano-madrid-20251211235850-nt.html#vtm_modulosEngag=mod-rel:moda:noticia:2:cmp:2-not\" class=\"v-a-link\" title=\"El diciembre m\u00e1s dulce de Letizia: as\u00ed van a ser las vacaciones de Navidad m\u00e1s felices de la Reina\"><br \/>\n<img loading=\"lazy\" class=\"v-a-img\" src=\"http:\/\/hoycordobaweb.com\/wp-content\/uploads\/2025\/12\/el-elegantisimo-look-de-la-reina-letizia-rescata-una-blusa-morada-de-2009-junto-al-traje-de-raya-diplomatica-de-mirto-2.jpg\" alt=\"El diciembre m\u00e1s dulce de Letizia: as\u00ed van a ser las vacaciones de Navidad m\u00e1s felices de la Reina\"><br \/>\n<\/a><br \/>\n<\/figure>\n<\/div>\n<\/article>\n<\/div>\n<\/div>\n<\/div>\n<\/div>\n<p class=\"voc-paragraph\">Letizia ha acudido hasta la sede central de la fundaci\u00f3n alrededor de las 10:30 horas de la ma\u00f1ana junto a Cristina Guti\u00e9rrez (INCIBE-CERT), Julio Albalad (INTEF) y Miguel Valle del Olmo (Representaci\u00f3n Permanente de Espa\u00f1a ante la Uni\u00f3n Europea), junto a otras autoridades como el <strong>periodista Carlos Franganillo<\/strong>, quien ha moderado la charla.<\/p>\n<p class=\"voc-paragraph\">Una ocasi\u00f3n para la que la reina Letizia ha elegido un <strong>elegant\u00edsimo look de oficina<\/strong> que le vamos a copiar este invierno por lo bien que sienta, lo c\u00f3modo y estiloso que resulta, y lo f\u00e1cil de combinar que es.<\/p>\n<div class=\"v-c-cmp \">\n<div class=\"v-cmp-m v-cmp-m--t1\">\n<article class=\"v-a v-a--cmp-m v-c-cmp--m-p\">\n<div class=\"v-a-img-c v-a-img-c--fw-xs\">\n<div class=\"v-a-fig\">\n<div class=\"v-a-link\">\n<img loading=\"lazy\" src=\"http:\/\/hoycordobaweb.com\/wp-content\/uploads\/2025\/12\/el-elegantisimo-look-de-la-reina-letizia-rescata-una-blusa-morada-de-2009-junto-al-traje-de-raya-diplomatica-de-mirto-3.jpg\" class=\"v-a-img\" width=\"650\" height=\"975\" alt=\"El look de la reina Letizia con blusa morada y traje de Mirto.\" data-voc-vtm-id=\"in-text-traffic\">\n<\/div><figcaption class=\"v-fc\">\n<span class=\"v-fc__t\"><br \/>\nEl look de la reina Letizia con blusa morada y traje de Mirto.<br \/>\n<\/span><br \/>\n<span class=\"v-fc__p\"><br \/>\nLIMITED PICTURES<br \/>\n<\/span><br \/>\n<\/figcaption><\/div>\n<\/div>\n<\/article>\n<\/div>\n<\/div>\n<p><h3 class=\"v-cmp-suh\">\nEl look de la reina Letizia: blusa morada de Felipe Varela y traje de raya diplom\u00e1tica de Mirto<br \/>\n<\/h3>\n<\/p>\n<p class=\"voc-paragraph\">Por un lado, do\u00f1a Letizia ha estrenado una <strong>blusa morada<\/strong> que ya estren\u00f3 en 2011, cuando todav\u00eda era princesa, y que llama la atenci\u00f3n a simple vista no s\u00f3lo por su tono vibrante y su tejido satinado, tambi\u00e9n por su original dise\u00f1o. No la podemos ver al completo, pero el <strong>cuello subido con lazada<\/strong> que se deja ver bajo la blazer, lo revela. Es una creaci\u00f3n <strong>de Felipe Varela<\/strong>, uno de sus dise\u00f1adores favoritos de hace m\u00e1s de una d\u00e9cada.<\/p>\n<div class=\"v-c-cmp \">\n<div class=\"v-cmp-m v-cmp-m--t1\">\n<article class=\"v-a v-a--cmp-m v-c-cmp--m-p\">\n<div class=\"v-a-img-c v-a-img-c--fw-xs\">\n<div class=\"v-a-fig\">\n<div class=\"v-a-link\">\n<img loading=\"lazy\" src=\"http:\/\/hoycordobaweb.com\/wp-content\/uploads\/2025\/12\/el-elegantisimo-look-de-la-reina-letizia-rescata-una-blusa-morada-de-2009-junto-al-traje-de-raya-diplomatica-de-mirto-4.jpg\" class=\"v-a-img\" width=\"650\" height=\"975\" alt=\"La reina Letizia, en 2011, con la blusa morada que ha llevado de nuevo hoy.\" data-voc-vtm-id=\"in-text-traffic\">\n<\/div><figcaption class=\"v-fc\">\n<span class=\"v-fc__t\"><br \/>\nLa reina Letizia, en 2011, con la blusa morada que ha llevado de nuevo hoy.<br \/>\n<\/span><br \/>\n<span class=\"v-fc__p\"><br \/>\nGTRES<br \/>\n<\/span><br \/>\n<\/figcaption><\/div>\n<\/div>\n<\/article>\n<\/div>\n<\/div>\n<p class=\"voc-paragraph\">Un estilo muy elegante y sofisticado al que la reina Letizia ha recurrido en numerosas ocasiones este a\u00f1o y por el que sigue apostando en su armario: <strong>look de oficina<\/strong> s\u00ed, pero con un toque de luz y color en alg\u00fan detalle que eleve el estilismo a otro nivel.<\/p>\n<p class=\"voc-paragraph\">As\u00ed, ha vuelto a elegir otro de sus conjuntos favoritos. Un <strong>traje masculino de raya diplom\u00e1tica de Mirto<\/strong> con un corte de sastrer\u00eda cl\u00e1sica: hombreras XXL, cuello de solapa cl\u00e1sico y cierre cruzado.<\/p>\n<div class=\"v-c-cmp \">\n<div class=\"v-cmp-m v-cmp-m--t1\">\n<article class=\"v-a v-a--cmp-m v-c-cmp--m-p\">\n<div class=\"v-a-img-c v-a-img-c--fw-xs\">\n<div class=\"v-a-fig\">\n<div class=\"v-a-link\">\n<img loading=\"lazy\" src=\"http:\/\/hoycordobaweb.com\/wp-content\/uploads\/2025\/12\/el-elegantisimo-look-de-la-reina-letizia-rescata-una-blusa-morada-de-2009-junto-al-traje-de-raya-diplomatica-de-mirto-5.jpg\" class=\"v-a-img\" width=\"650\" height=\"975\" alt=\"El look de la reina Letizia con el traje de raya diplom\u00e1tica de Sandro.\" data-voc-vtm-id=\"in-text-traffic\">\n<\/div><figcaption class=\"v-fc\">\n<span class=\"v-fc__t\"><br \/>\nEl look de la reina Letizia con el traje de raya diplom\u00e1tica de Sandro.<br \/>\n<\/span><br \/>\n<span class=\"v-fc__p\"><br \/>\nLIMITED PICTURES<br \/>\n<\/span><br \/>\n<\/figcaption><\/div>\n<\/div>\n<\/article>\n<\/div>\n<\/div>\n<p class=\"voc-paragraph\">Para combinarlo, otros de sus complementos m\u00e1s habituales: los mocasines negros de tac\u00f3n c\u00f3modo que se pone siempre cuando lleva traje, y los <strong>pendientes dorados en forma de gota de PdPaola<\/strong> que en tantas ocasiones ya le hemos visto.<\/p>\n<p class=\"voc-paragraph\">Tras este evento, podremos volver a ver a la reina Letizia presidir al acto de la Fundaci\u00f3n del Espa\u00f1ol Urgente (Fund\u00e9uRAE) donde, entre otras cosas, se desvelar\u00e1 la Palabra del A\u00f1o de 2025, y para terminar, el jueves 18 de diciembre entregar\u00e1 los XVII y XVIII Premios Estrategia NAOS (Nutrici\u00f3n, Actividad F\u00edsica y Prevenci\u00f3n de la Obesidad) en su XVI Convenci\u00f3n.<\/p>\n<div class=\"v-c-cmp v-c-cmp--t1 \">\n<div class=\"v-cmp-rld v-cmp-rld--2 \">\n<div class=\"v-cnt-m v-cnt-m--m\">\n<div class=\"v-cnt-m__c\">\n<div class=\"v-cnt-m__w v-cnt-m__w--1\">\n<p class=\"v-cnt-m__t\">\nTAMBI\u00c9N TE INTERESA\n<\/p>\n<\/div>\n<\/div>\n<\/div>\n<div class=\"v-g v-g--2-c v-g--bdr-min-xs\">\n<div class=\"v-g__c \">\n<article class=\"v-a v-a--cmp-rld v-a--cmp-rld-2 v-a--p-l\">\n<div class=\"v-a-img-c\">\n<figure class=\"v-a-fig\">\n<a href=\"https:\/\/www.mujerhoy.com\/celebrities\/realeza\/reina-letizia-frio-sin-abrigo-primera-dama-alemana-intrusa-besamanos-cena-gala-20251127011730-nt.html#vtm_modulosEngag=mod-rel:moda:noticia:1:cmp:2-not\" class=\"v-a-link\" title=\"Una reina Letizia grandiosa en la visita del presidente alem\u00e1n: el misterio de los abrigos desaparecidos y la intrusa que se meti\u00f3 en el bolsillo\"><br \/>\n<img loading=\"lazy\" class=\"v-a-img\" src=\"http:\/\/hoycordobaweb.com\/wp-content\/uploads\/2025\/12\/el-elegantisimo-look-de-la-reina-letizia-rescata-una-blusa-morada-de-2009-junto-al-traje-de-raya-diplomatica-de-mirto-6.jpg\" alt=\"Una reina Letizia grandiosa en la visita del presidente alem\u00e1n: el misterio de los abrigos desaparecidos y la intrusa que se meti\u00f3 en el bolsillo\"><br \/>\n<\/a><br \/>\n<\/figure>\n<\/div>\n<\/article>\n<\/div>\n<div class=\"v-g__c \">\n<article class=\"v-a v-a--cmp-rld v-a--cmp-rld-2 v-a--p-l\">\n<div class=\"v-a-img-c\">\n<figure class=\"v-a-fig\">\n<a href=\"https:\/\/www.mujerhoy.com\/moda\/no-te-pierdas\/reina-letizia-rescata-traje-gris-cuadros-elegante-hugo-boss-20251204113309-nt.html#vtm_modulosEngag=mod-rel:moda:noticia:2:cmp:2-not\" class=\"v-a-link\" title=\"La reina Letizia rescata su traje gris de cuadros m\u00e1s elegante de Hugo Boss para la reuni\u00f3n con la Fundaci\u00f3n Princesa de Girona\"><br \/>\n<img loading=\"lazy\" class=\"v-a-img\" src=\"http:\/\/hoycordobaweb.com\/wp-content\/uploads\/2025\/12\/el-elegantisimo-look-de-la-reina-letizia-rescata-una-blusa-morada-de-2009-junto-al-traje-de-raya-diplomatica-de-mirto-7.jpg\" alt=\"La reina Letizia rescata su traje gris de cuadros m\u00e1s elegante de Hugo Boss para la reuni\u00f3n con la Fundaci\u00f3n Princesa de Girona\"><br \/>\n<\/a><br \/>\n<\/figure>\n<\/div>\n<\/article>\n<\/div>\n<\/div>\n<\/div>\n<\/div>\n<div class=\"media_block\"><\/div>\n","protected":false},"excerpt":{"rendered":"<p>Primero de los tres eventos marcados en la agenda de la reina Letizia antes de las vacaciones de Navidad. Tras venir de una semana tranquila de actividades p\u00fablicas, -s\u00f3lo la vimos en la reuni\u00f3n del Patronato del Instituto Cervantes con un look monocrom\u00e1tico muy elegante- do\u00f1a Letizia est\u00e1 a punto de cerrar el a\u00f1o con [&hellip;]<\/p>\n","protected":false},"author":1,"featured_media":125491,"comment_status":"closed","ping_status":"closed","sticky":false,"template":"","format":"standard","meta":[],"categories":[],"tags":[],"_links":{"self":[{"href":"http:\/\/hoycordobaweb.com\/index.php\/wp-json\/wp\/v2\/posts\/125490"}],"collection":[{"href":"http:\/\/hoycordobaweb.com\/index.php\/wp-json\/wp\/v2\/posts"}],"about":[{"href":"http:\/\/hoycordobaweb.com\/index.php\/wp-json\/wp\/v2\/types\/post"}],"author":[{"embeddable":true,"href":"http:\/\/hoycordobaweb.com\/index.php\/wp-json\/wp\/v2\/users\/1"}],"replies":[{"embeddable":true,"href":"http:\/\/hoycordobaweb.com\/index.php\/wp-json\/wp\/v2\/comments?post=125490"}],"version-history":[{"count":0,"href":"http:\/\/hoycordobaweb.com\/index.php\/wp-json\/wp\/v2\/posts\/125490\/revisions"}],"wp:featuredmedia":[{"embeddable":true,"href":"http:\/\/hoycordobaweb.com\/index.php\/wp-json\/wp\/v2\/media\/125491"}],"wp:attachment":[{"href":"http:\/\/hoycordobaweb.com\/index.php\/wp-json\/wp\/v2\/media?parent=125490"}],"wp:term":[{"taxonomy":"category","embeddable":true,"href":"http:\/\/hoycordobaweb.com\/index.php\/wp-json\/wp\/v2\/categories?post=125490"},{"taxonomy":"post_tag","embeddable":true,"href":"http:\/\/hoycordobaweb.com\/index.php\/wp-json\/wp\/v2\/tags?post=125490"}],"curies":[{"name":"wp","href":"https:\/\/api.w.org\/{rel}","templated":true}]}}