{"id":125478,"date":"2025-12-16T16:21:41","date_gmt":"2025-12-16T16:21:41","guid":{"rendered":"https:\/\/www.ole.com.ar\/river-plate\/river-plate-tadeo-allende-celta-inter-miami-mercado-pases_0_MfsFCDiATt.html"},"modified":"2025-12-16T16:21:41","modified_gmt":"2025-12-16T16:21:41","slug":"la-postura-que-tomo-celta-con-allende-ante-el-interes-de-river-e-inter-miami","status":"publish","type":"post","link":"http:\/\/hoycordobaweb.com\/index.php\/2025\/12\/16\/la-postura-que-tomo-celta-con-allende-ante-el-interes-de-river-e-inter-miami\/","title":{"rendered":"La postura que tom\u00f3 Celta con Allende ante el inter\u00e9s de River e Inter Miami"},"content":{"rendered":"<p><img src=\"http:\/\/hoycordobaweb.com\/wp-content\/uploads\/2025\/12\/la-postura-que-tomo-celta-con-allende-ante-el-interes-de-river-e-inter-miami.jpg\"><\/p>\n<p><span class=\"createDate\">16\/12\/2025 13:21hs.<\/span><time class=\"modificatedDate\" datetime=\"2025-12-16T13:40:18-03:00\"> Actualizado al 16\/12\/2025 13:40hs.<\/time><\/p>\n<div id=\"storyBody\">\n<div id=\"element-body-0\" class=\"sc-136cd478-0 ekTCfV\" readability=\"38.236252545825\">\n<p>Por ac\u00e1, en N\u00fa\u00f1ez saben que la paciencia ser\u00e1 la palabra a aplicar en el mercado de pases m\u00e1s all\u00e1 de la necesidad l\u00f3gica de <strong><a href=\"https:\/\/www.ole.com.ar\/tema\/marcelo-gallardo.html\" title=\"Marcelo Gallardo\" alt=\"Marcelo Gallardo\" class=\"slug\">Marcelo Gallardo<\/a><\/strong> de trabajar con los refuerzos cuando antes. Y por <strong><a href=\"https:\/\/www.ole.com.ar\/tema\/tadeo-allende.html\" title=\"Tadeo Allende\" alt=\"Tadeo Allende\" class=\"slug\">Allende<\/a><\/strong>, Tadeo, uno de los objetivos de <strong><a href=\"https:\/\/www.ole.com.ar\/tema\/river-plate.html\" title=\"River Plate\" alt=\"River Plate\" class=\"slug\">River<\/a><\/strong> para sumarle poder de fuego al ataque, aguarda por saber qu\u00e9 le deparar\u00e1 el 2026. A d\u00edas de que finalice formalmente su pr\u00e9stamo con <strong><a href=\"https:\/\/www.ole.com.ar\/tema\/inter-miami.html\" title=\"Inter Miami\" alt=\"Inter Miami\" class=\"slug\">Inter Miami<\/a><\/strong>, <strong><a href=\"https:\/\/www.ole.com.ar\/tema\/celta-de-espana.html\" title=\"Celta de Espa\u00f1a\" alt=\"Celta de Espa\u00f1a\" class=\"slug\">Celta<\/a><\/strong>, due\u00f1o de su pase, es el que tiene la pelota y tomaron una postura clara con voz oficial.<\/p>\n<\/div>\n<div id=\"element-body-1\" class=\"sc-136cd478-0 ekTCfV\" readability=\"42\">\n<p>Autor de <strong>24 goles y tres asistencias en 54 partidos en el campe\u00f3n de la MLS, <\/strong>nivel que se potenci\u00f3 por la compa\u00f1\u00eda de <strong>Lionel Messi,<\/strong> su nivel provoc\u00f3 que el equipo de Vigo, octavo en la Liga de Espa\u00f1a y cerca de la zona de puestos europeos, <strong>no tenga ning\u00fan apuro en desprenderse del nacido en Mina Clavero.<\/strong> As\u00ed, despu\u00e9s del 31 de diciembre, cuando ya no tenga v\u00ednculo con las Garzas, <strong> Celta ya le inform\u00f3 que el 2 de enero deber\u00e1 presentarse a los entrenamientos del equipo que dirige Claudio Gir\u00e1ldez.<\/strong><\/p>\n<\/div>\n<div id=\"element-body-2\" class=\"sc-136cd478-0 ekTCfV\" readability=\"39\">\n<p><strong>\u00abLo de Tadeo Allende ha sido muy satisfactorio. Hizo goles, rompi\u00f3 el r\u00e9cord en un playoff y eso lo ha supuesto el inter\u00e9s de varias partes\u00bb<\/strong>, expres\u00f3 Marco Garc\u00e9s, director deportivo del Celta, al tanto de <strong>las ganas de Javier Mascherano de retenerlo<\/strong> y tambi\u00e9n de la intenci\u00f3n de River de traerlo nuevamente a la Argentina tras sus inicios en Godoy Cruz e Instituto.<\/p>\n<\/div>\n<div class=\"sc-e7b891c4-0 ifHnQL image-embed\" id=\"element-body-3\"><img alt=\"Tadeo Allende celebra junto a Lionel Messi. REUTERS.\" loading=\"lazy\" width=\"720\" height=\"100\" decoding=\"async\" data-nimg=\"1\" src=\"http:\/\/hoycordobaweb.com\/wp-content\/uploads\/2025\/12\/la-postura-que-tomo-celta-con-allende-ante-el-interes-de-river-e-inter-miami-2.jpg\"><span class=\"epigraphe\">Tadeo Allende celebra junto a Lionel Messi. REUTERS.<\/span><\/div>\n<div id=\"element-body-4\" class=\"sc-136cd478-0 ekTCfV\" readability=\"44\">\n<p><strong>\u00abInter de Miami ya declar\u00f3 su inter\u00e9s, ya hizo alg\u00fan acercamiento, pero todav\u00eda estamos muy lejanos en cuanto a los n\u00fameros, hay que esperar. <\/strong>La ventana de ellos es hasta marzo, tendremos que ser pacientes\u00bb, agreg\u00f3 el directivo, dejando en claro que <strong>el prop\u00f3sito de hacer caja con el punta de 26 a\u00f1os<\/strong>, si es que Gir\u00e1ldez, tras evaluarlo, no decide tenerlo en cuenta para lo que resta de la temporada.<\/p>\n<\/div>\n<div id=\"element-body-5\" class=\"sc-136cd478-0 ekTCfV\" readability=\"40\">\n<p>En un escenario dif\u00edcil para River, que ya hizo una oferta de pr\u00e9stamo con opci\u00f3n de compra, <strong>el dato positivo es que para el club de David Beckham tambi\u00e9n ser\u00e1 dif\u00edcil sumar Allende. <\/strong>Es que m\u00e1s all\u00e1 del poder econ\u00f3mico, <strong>la MLS no es una liga que se caracterice por realizar grandes inversiones en traspasos<\/strong>, lo que hace dif\u00edcil que pueda achicarse lo suficiente la diferencia econ\u00f3mica entre las partes. Y sin ese principal competidor, desde las oficinas del Monumental <strong>podr\u00edan profundizar el operativo seducci\u00f3n.<\/strong><\/p>\n<\/div>\n<div class=\"sc-e7b891c4-0 ifHnQL image-embed\" id=\"element-body-6\"><img alt=\"Tadeo Allende, en el radar de River.\" loading=\"lazy\" width=\"720\" height=\"100\" decoding=\"async\" data-nimg=\"1\" src=\"http:\/\/hoycordobaweb.com\/wp-content\/uploads\/2025\/12\/la-postura-que-tomo-celta-con-allende-ante-el-interes-de-river-e-inter-miami-3.jpg\"><span class=\"epigraphe\">Tadeo Allende, en el radar de River.<\/span><\/div>\n<div id=\"element-body-7\" class=\"sc-136cd478-0 ekTCfV\" readability=\"38\">\n<p>Aunque el cordob\u00e9s no es un nueve de \u00e1rea tradicional, ha demostrado contundencia en el \u00e1rea rival. <strong>Teniendo en cuenta que comparte agente con Santiago Ascacibar<\/strong>, otro jugador pretendido por el Mu\u00f1eco, en N\u00fa\u00f1ez mantienen las conversaciones formales con la expectativa de que Allende pueda incorporarse <strong>a darle un salto de calidad a una ofensiva bastante inofensiva en 2025.<\/strong><\/p>\n<\/div>\n<p><h2><strong>Uno del Tomba en la mira<\/strong><\/h2>\n<\/p>\n<div id=\"element-body-9\" class=\"sc-136cd478-0 ekTCfV\" readability=\"39\">\n<p>Paralelamente, <strong>River tiene en el radar a Santiago Andino<\/strong>. Con las averiguaciones ya hechas tras comunicarse con Godoy Cruz, resta decidir si en alg\u00fan momento avanzar por \u00e9l, <strong> una apuesta por su edad (20 a\u00f1os) y por su muy buena proyecci\u00f3n<\/strong> debido a su gran rendimiento en el club mendocino m\u00e1s all\u00e1 del descenso. Si bien sus caracter\u00edsticas son m\u00e1s bien para ser un segunda punta o extremo, est\u00e1 en carpeta.<\/p>\n<\/div>\n<\/div>\n","protected":false},"excerpt":{"rendered":"<p>16\/12\/2025 13:21hs. Actualizado al 16\/12\/2025 13:40hs. Por ac\u00e1, en N\u00fa\u00f1ez saben que la paciencia ser\u00e1 la palabra a aplicar en el mercado de pases m\u00e1s all\u00e1 de la necesidad l\u00f3gica de Marcelo Gallardo de trabajar con los refuerzos cuando antes. Y por Allende, Tadeo, uno de los objetivos de River para sumarle poder de fuego [&hellip;]<\/p>\n","protected":false},"author":1,"featured_media":125479,"comment_status":"open","ping_status":"closed","sticky":false,"template":"","format":"standard","meta":[],"categories":[16],"tags":[],"_links":{"self":[{"href":"http:\/\/hoycordobaweb.com\/index.php\/wp-json\/wp\/v2\/posts\/125478"}],"collection":[{"href":"http:\/\/hoycordobaweb.com\/index.php\/wp-json\/wp\/v2\/posts"}],"about":[{"href":"http:\/\/hoycordobaweb.com\/index.php\/wp-json\/wp\/v2\/types\/post"}],"author":[{"embeddable":true,"href":"http:\/\/hoycordobaweb.com\/index.php\/wp-json\/wp\/v2\/users\/1"}],"replies":[{"embeddable":true,"href":"http:\/\/hoycordobaweb.com\/index.php\/wp-json\/wp\/v2\/comments?post=125478"}],"version-history":[{"count":0,"href":"http:\/\/hoycordobaweb.com\/index.php\/wp-json\/wp\/v2\/posts\/125478\/revisions"}],"wp:featuredmedia":[{"embeddable":true,"href":"http:\/\/hoycordobaweb.com\/index.php\/wp-json\/wp\/v2\/media\/125479"}],"wp:attachment":[{"href":"http:\/\/hoycordobaweb.com\/index.php\/wp-json\/wp\/v2\/media?parent=125478"}],"wp:term":[{"taxonomy":"category","embeddable":true,"href":"http:\/\/hoycordobaweb.com\/index.php\/wp-json\/wp\/v2\/categories?post=125478"},{"taxonomy":"post_tag","embeddable":true,"href":"http:\/\/hoycordobaweb.com\/index.php\/wp-json\/wp\/v2\/tags?post=125478"}],"curies":[{"name":"wp","href":"https:\/\/api.w.org\/{rel}","templated":true}]}}