{"id":125474,"date":"2025-12-16T16:43:41","date_gmt":"2025-12-16T16:43:41","guid":{"rendered":"https:\/\/www.ole.com.ar\/futbol-internacional\/chiqui-tapia-infantino-alejandro-dominguez-juntos-acto-fifa-qatar_0_VJsw4WWCul.html"},"modified":"2025-12-16T16:43:41","modified_gmt":"2025-12-16T16:43:41","slug":"chiqui-tapia-junto-a-infantino-y-alejandro-dominguez-en-qatar-gracias-por-el-apoyo","status":"publish","type":"post","link":"http:\/\/hoycordobaweb.com\/index.php\/2025\/12\/16\/chiqui-tapia-junto-a-infantino-y-alejandro-dominguez-en-qatar-gracias-por-el-apoyo\/","title":{"rendered":"Chiqui Tapia junto a Infantino y Alejandro Dom\u00ednguez en Qatar: \u00abGracias por el apoyo\u00bb"},"content":{"rendered":"<p><img src=\"http:\/\/hoycordobaweb.com\/wp-content\/uploads\/2025\/12\/chiqui-tapia-junto-a-infantino-y-alejandro-dominguez-en-qatar-gracias-por-el-apoyo.jpg\"><\/p>\n<p><span class=\"createDate\">16\/12\/2025 13:43hs.<\/span><time class=\"modificatedDate\" datetime=\"2025-12-16T14:07:00-03:00\"> Actualizado al 16\/12\/2025 14:07hs.<\/time><\/p>\n<div id=\"storyBody\">\n<div id=\"element-body-0\" class=\"sc-136cd478-0 ekTCfV\" readability=\"33.652694610778\">\n<p><a href=\"https:\/\/www.ole.com.ar\/tema\/claudio-tapia.html\" title=\"Claudio Tapia\" alt=\"Claudio Tapia\" class=\"slug\">Claudio Tapia<\/a> entr\u00f3 formalmente en funciones como miembro de la <a href=\"https:\/\/www.ole.com.ar\/tema\/fifa.html\" title=\"FIFA\" alt=\"FIFA\" class=\"slug\">FIFA<\/a> este martes, <strong>al presidir por primera vez la reuni\u00f3n de la Comisi\u00f3n de Reglas de Juego de la casa madre del f\u00fatbol en Qatar. <\/strong>All\u00ed coincidi\u00f3 con <a href=\"https:\/\/www.ole.com.ar\/tema\/gianni-infantino.html\" title=\"Gianni Infantino\" alt=\"Gianni Infantino\" class=\"slug\">Gianni Infantino<\/a>, mandam\u00e1s de la FIFA, y <a href=\"https:\/\/www.ole.com.ar\/tema\/alejandro-dominguez.html\" title=\"Alejandro Dom\u00ednguez\" alt=\"Alejandro Dom\u00ednguez\" class=\"slug\">Alejandro Dom\u00ednguez<\/a>, de la Conmebol, a quienes les agradeci\u00f3 \u00absu apoyo\u00bb.<\/p>\n<\/div>\n<div id=\"element-body-1\" class=\"sc-136cd478-0 ekTCfV\" readability=\"38\">\n<p>\u00abJunto a Gianni Infantino, Mattias Grafstr\u00f6m y dem\u00e1s autoridades en el marco de la reuni\u00f3n de la Comisi\u00f3n de Reglas de Juego de la FIFA que llevamos a cabo en Doha, Qatar. <strong>Un orgullo enorme ser parte. Siempre con el foco puesto en el crecimiento del f\u00fatbol a nivel mundial\u00bb,<\/strong> escribi\u00f3 el presidente de la AFA en sus redes sociales.<\/p>\n<\/div>\n<div class=\"sc-e7b891c4-0 ifHnQL image-embed\" id=\"element-body-2\"><img alt=\"Chiqui Tapia con Infantino y Dom\u00ednguez en Qatar.\" loading=\"lazy\" width=\"720\" height=\"100\" decoding=\"async\" data-nimg=\"1\" src=\"http:\/\/hoycordobaweb.com\/wp-content\/uploads\/2025\/12\/chiqui-tapia-junto-a-infantino-y-alejandro-dominguez-en-qatar-gracias-por-el-apoyo-2.jpg\"><span class=\"epigraphe\">Chiqui Tapia con Infantino y Dom\u00ednguez en Qatar.<\/span><\/div>\n<div id=\"element-body-3\" class=\"sc-136cd478-0 ekTCfV\" readability=\"42\">\n<p>\u00abEste martes en Doha, Qatar, se llev\u00f3 a cabo el plenario de Reglas del Juego de la FIFA. All\u00ed estuvo presente Claudio Tapia, Presidente de la AFA y de la Comisi\u00f3n de Reglas del Juego de la FIFA, junto a Gianni Infantino. Entre otras autoridades destacadas del mundo del f\u00fatbol, tambi\u00e9n particip\u00f3 el Presidente de la CONMEBOL, Alejandro Dom\u00ednguez\u00bb, agreg\u00f3 la AFA en otro posteo.<\/p>\n<\/div>\n<div class=\"custom-embedhtml\" id=\"element-body-4\" readability=\"29.846590909091\">\n<blockquote class=\"twitter-tweet\" readability=\"9.65625\">\n<p lang=\"es\" dir=\"ltr\">Junto a Gianni Infantino, Mattias Grafstr\u00f6m y dem\u00e1s autoridades en el marco de la reuni\u00f3n de la Comisi\u00f3n de Reglas de Juego de la FIFA que llevamos a cabo en Doha, Catar.<\/p>\n<p>Un orgullo enorme ser parte. Siempre con el foco puesto en el crecimiento del f\u00fatbol a nivel mundial. <a href=\"https:\/\/t.co\/EFB7aGqlvW\">pic.twitter.com\/EFB7aGqlvW<\/a><\/p>\n<p>\u2014 Chiqui Tapia (@tapiachiqui) <a href=\"https:\/\/twitter.com\/tapiachiqui\/status\/2000953867799023897?ref_src=twsrc%5Etfw\">December 16, 2025<\/a><\/p><\/blockquote><\/div>\n<p><h2><strong>El abrazo de Tapia y Dom\u00ednguez<\/strong><\/h2>\n<\/p>\n<div id=\"element-body-6\" class=\"sc-3c5a76cc-1 idjLTd\" readability=\"31\">\n<div class=\"sc-e8b2828-0 fBmEJc\" type=\"embed\">\n<div class=\"sc-e8b2828-1 iPLbWT videoText\" id=\"contentTitleembedek6vCXir\" type=\"embed\" readability=\"56\"><svg fill=\"#ffffff\"><symbol id=\"play\" viewBox=\"0 0 512 512\"><path d=\"M512 256C512 397.4 397.4 512 256 512C114.6 512 0 397.4 0 256C0 114.6 114.6 0 256 0C397.4 0 512 114.6 512 256zM176 168V344C176 352.7 180.7 360.7 188.3 364.9C195.8 369.2 205.1 369 212.5 364.5L356.5 276.5C363.6 272.1 368 264.4 368 256C368 247.6 363.6 239.9 356.5 235.5L212.5 147.5C205.1 142.1 195.8 142.8 188.3 147.1C180.7 151.3 176 159.3 176 168V168z\" \/><\/symbol><use xlink:href=\"#play\" \/><\/svg><\/p>\n<div class=\"right\" readability=\"7\">\n<p>Claudio Chiqui Tapia<!-- --> &#8211; <span>&nbsp;<\/span><\/p>\n<h2 class=\"title-vid\">El abrazo de Chiqui Tapia con Dom\u00ednguez <\/h2>\n<\/div>\n<\/div>\n<p><span class=\"back\" id=\"spanBackembedek6vCXir\"><\/span><\/div>\n<div class=\"JWvideoNota_title\" readability=\"7\">\n<p>El titular de la AFA con el presidente de la Conmebol.<\/p>\n<\/div>\n<\/div>\n<p><h2><strong>La buena relaci\u00f3n AFA &#8211; FIFA<\/strong><\/h2>\n<\/p>\n<div id=\"element-body-8\" class=\"sc-136cd478-0 ekTCfV\" readability=\"36\">\n<p>En octubre pasado, durante el Council de la FIFA se oficializaron cargos para distintos miembros de la AFA. Lo que refleja el peso que volvi\u00f3 a tener el f\u00fatbol argentino a nivel mundial, sobre todo con el t\u00edtulo en Qatar 2022.<\/p>\n<\/div>\n<div id=\"element-body-9\" class=\"sc-136cd478-0 ekTCfV\" readability=\"33\">\n<p>Al presidente de la AFA le asignaron un lugar dentro de la Comisi\u00f3n de Reglamento (Laws of the Game Comittee) y hubo otros siete dirigentes qie recibieron un cargo oficial.<\/p>\n<\/div>\n<div class=\"sc-e7b891c4-0 ifHnQL image-embed\" id=\"element-body-10\"><img alt=\"Chiqui Tapia con Infantino y Dom\u00ednguez en Qatar.\" loading=\"lazy\" width=\"720\" height=\"100\" decoding=\"async\" data-nimg=\"1\" src=\"http:\/\/hoycordobaweb.com\/wp-content\/uploads\/2025\/12\/chiqui-tapia-junto-a-infantino-y-alejandro-dominguez-en-qatar-gracias-por-el-apoyo-3.jpg\"><span class=\"epigraphe\">Chiqui Tapia con Infantino y Dom\u00ednguez en Qatar.<\/span><\/div>\n<div id=\"element-body-11\" class=\"sc-136cd478-0 ekTCfV\" readability=\"41\">\n<p>Los otros nombramientos fueron <strong>Javier M\u00e9ndez Cartier,<\/strong> presidente de Excursionistas (Comisi\u00f3n de Futsal); <strong>Luciano Nakis<\/strong>, titular de Armenio (Comisi\u00f3n de Competiciones Masculinas de Selecciones); <strong>Cristian Malaspina<\/strong>, secretario general de la AFA y presidente de Argentinos (Comisi\u00f3n de Asesor\u00eda Comercial y de Marketing); <strong>Federico Beligoy<\/strong>, a cargo de la Direcci\u00f3n de Arbitraje (Comisi\u00f3n de \u00c1rbitros); Mar\u00eda Sylvia Jim\u00e9nez, de la Liga Catamarque\u00f1a y vocal de la AFA (Comisi\u00f3n de Grupos de Inter\u00e9s del F\u00fatbol Femenino), el hist\u00f3rico doctor Donato Villani (Comisi\u00f3n de Medicina) y Pablo V\u00e1zquez (Comisi\u00f3n de Estadios y Seguridad).<\/p>\n<\/div>\n<div id=\"element-body-12\" class=\"sc-a7166897-0 eoLsBE\" readability=\"31\">\n<section readability=\"2\"><picture><img alt=\"El abogado de la AFA denunci\u00f3 a Patricia Bullrich \" loading=\"lazy\" width=\"290\" height=\"290\" decoding=\"async\" data-nimg=\"1\" src=\"http:\/\/hoycordobaweb.com\/wp-content\/uploads\/2025\/12\/chiqui-tapia-junto-a-infantino-y-alejandro-dominguez-en-qatar-gracias-por-el-apoyo-4.jpg\"><\/picture>\n<p><span>Mir\u00e1 tambi\u00e9n<\/span><\/p>\n<hr>\n<h3>El abogado de la AFA denunci\u00f3 a Patricia Bullrich <\/h3>\n<\/p>\n<\/section>\n<\/div>\n<div id=\"element-body-13\" class=\"sc-a7166897-0 eoLsBE\" readability=\"31\">\n<section readability=\"2\"><picture><img alt=\"El nuevo mensaje de Sebasti\u00e1n Ver\u00f3n antes del Trofeo de Campeones\" loading=\"lazy\" width=\"290\" height=\"290\" decoding=\"async\" data-nimg=\"1\" src=\"http:\/\/hoycordobaweb.com\/wp-content\/uploads\/2025\/12\/chiqui-tapia-junto-a-infantino-y-alejandro-dominguez-en-qatar-gracias-por-el-apoyo-5.jpg\"><\/picture>\n<p><span>Mir\u00e1 tambi\u00e9n<\/span><\/p>\n<hr>\n<h3>El nuevo mensaje de Sebasti\u00e1n Ver\u00f3n antes del Trofeo de Campeones<\/h3>\n<\/p>\n<\/section>\n<\/div>\n<div id=\"element-body-14\" class=\"sc-a7166897-0 eoLsBE\" readability=\"31\">\n<section readability=\"2\"><picture><img alt=\"Reapareci\u00f3 Toviggino en redes y le peg\u00f3 a Bullrich tras la denuncia en Conmebol\" loading=\"lazy\" width=\"290\" height=\"290\" decoding=\"async\" data-nimg=\"1\" src=\"http:\/\/hoycordobaweb.com\/wp-content\/uploads\/2025\/12\/chiqui-tapia-junto-a-infantino-y-alejandro-dominguez-en-qatar-gracias-por-el-apoyo-6.jpg\"><\/picture>\n<p><span>Mir\u00e1 tambi\u00e9n<\/span><\/p>\n<hr>\n<h3>Reapareci\u00f3 Toviggino en redes y le peg\u00f3 a Bullrich tras la denuncia en Conmebol<\/h3>\n<\/p>\n<\/section>\n<\/div>\n<\/div>\n","protected":false},"excerpt":{"rendered":"<p>16\/12\/2025 13:43hs. Actualizado al 16\/12\/2025 14:07hs. Claudio Tapia entr\u00f3 formalmente en funciones como miembro de la FIFA este martes, al presidir por primera vez la reuni\u00f3n de la Comisi\u00f3n de Reglas de Juego de la casa madre del f\u00fatbol en Qatar. All\u00ed coincidi\u00f3 con Gianni Infantino, mandam\u00e1s de la FIFA, y Alejandro Dom\u00ednguez, de la [&hellip;]<\/p>\n","protected":false},"author":1,"featured_media":125475,"comment_status":"open","ping_status":"closed","sticky":false,"template":"","format":"standard","meta":[],"categories":[16],"tags":[],"_links":{"self":[{"href":"http:\/\/hoycordobaweb.com\/index.php\/wp-json\/wp\/v2\/posts\/125474"}],"collection":[{"href":"http:\/\/hoycordobaweb.com\/index.php\/wp-json\/wp\/v2\/posts"}],"about":[{"href":"http:\/\/hoycordobaweb.com\/index.php\/wp-json\/wp\/v2\/types\/post"}],"author":[{"embeddable":true,"href":"http:\/\/hoycordobaweb.com\/index.php\/wp-json\/wp\/v2\/users\/1"}],"replies":[{"embeddable":true,"href":"http:\/\/hoycordobaweb.com\/index.php\/wp-json\/wp\/v2\/comments?post=125474"}],"version-history":[{"count":0,"href":"http:\/\/hoycordobaweb.com\/index.php\/wp-json\/wp\/v2\/posts\/125474\/revisions"}],"wp:featuredmedia":[{"embeddable":true,"href":"http:\/\/hoycordobaweb.com\/index.php\/wp-json\/wp\/v2\/media\/125475"}],"wp:attachment":[{"href":"http:\/\/hoycordobaweb.com\/index.php\/wp-json\/wp\/v2\/media?parent=125474"}],"wp:term":[{"taxonomy":"category","embeddable":true,"href":"http:\/\/hoycordobaweb.com\/index.php\/wp-json\/wp\/v2\/categories?post=125474"},{"taxonomy":"post_tag","embeddable":true,"href":"http:\/\/hoycordobaweb.com\/index.php\/wp-json\/wp\/v2\/tags?post=125474"}],"curies":[{"name":"wp","href":"https:\/\/api.w.org\/{rel}","templated":true}]}}