{"id":125472,"date":"2025-12-16T16:46:50","date_gmt":"2025-12-16T16:46:50","guid":{"rendered":"https:\/\/www.ole.com.ar\/futbol-internacional\/zatlan-ibrahimovic-convocado-maximilian-milan_0_kBNGgghvPW.html"},"modified":"2025-12-16T16:46:50","modified_gmt":"2025-12-16T16:46:50","slug":"el-hijo-de-zlatan-tendra-su-primera-experiencia-con-el-milan-en-la-supercopa","status":"publish","type":"post","link":"http:\/\/hoycordobaweb.com\/index.php\/2025\/12\/16\/el-hijo-de-zlatan-tendra-su-primera-experiencia-con-el-milan-en-la-supercopa\/","title":{"rendered":"El hijo de Zlatan tendr\u00e1 su primera experiencia con el Milan en la Supercopa"},"content":{"rendered":"<p><img src=\"http:\/\/hoycordobaweb.com\/wp-content\/uploads\/2025\/12\/el-hijo-de-zlatan-tendra-su-primera-experiencia-con-el-milan-en-la-supercopa.jpg\"><\/p>\n<p><time class=\"createDate\" datetime=\"2025-12-16T13:46:50-03:00\">16\/12\/2025 13:46hs.<\/time><\/p>\n<div id=\"storyBody\">\n<div id=\"element-body-0\" class=\"sc-136cd478-0 ekTCfV\" readability=\"34.158844765343\">\n<p><strong>El apellido pesa, y en <a href=\"https:\/\/www.ole.com.ar\/tema\/milan.html\" title=\"Milan\" alt=\"Milan\" class=\"slug\">Milan<\/a> dan el ok<\/strong>. En medio de un plantel condicionado por las lesiones y con la Supercopa de Italia en el horizonte, Massimiliano Allegri decidi\u00f3 incluir en la lista de convocados a <strong><a href=\"https:\/\/www.ole.com.ar\/tema\/zlatan-ibrahimovic.html\" title=\"Zlatan Ibrahimovic\" alt=\"Zlatan Ibrahimovic\" class=\"slug\">Maximilian Ibrahimovic,<\/a> el hijo de Zlatan, para viajar a Arabia Saudita. <\/strong><\/p>\n<\/div>\n<div id=\"element-body-1\" class=\"sc-136cd478-0 ekTCfV\" readability=\"37\">\n<p>Con apenas 19 a\u00f1os, el juvenil forma parte de un grupo de j\u00f3venes promovidos desde el Milan Futuro y <strong>tendr\u00e1 su primera experiencia en una competencia oficial del primer equipo<\/strong>, en un torneo que se jugar\u00e1 \u00edntegramente en Riad y que representa una nueva oportunidad para que el apellido Ibrahimovic vuelva a asomar en una cita importante del f\u00fatbol italiano.<\/p>\n<\/div>\n<div id=\"element-body-2\" class=\"sc-136cd478-0 ekTCfV\" readability=\"42\">\n<p>La convocatoria se da en un contexto particular para los rossoneri, que deber\u00e1n afrontar el certamen con varias ausencias importantes. Adem\u00e1s de Maximilian, el entrenador cit\u00f3 a otros j\u00f3venes del proyecto, como Matteo Dutu, de 20 a\u00f1os, y Valeri Vladimirov, de 17, en una se\u00f1al clara de respaldo al trabajo de inferiores.<\/p>\n<\/div>\n<div id=\"element-body-3\" class=\"sc-136cd478-0 ekTCfV\" readability=\"41\">\n<p> El plantel debutar\u00e1 este jueves ante Napoli en una de las semifinales de la Supercopa, mientras que Bologna e Inter se enfrentar\u00e1n en la otra llave. La final se disputar\u00e1 el lunes, tambi\u00e9n en Riad, en un torneo corto pero exigente, donde el club buscar\u00e1 un t\u00edtulo y, al mismo tiempo, empezar a mirar al futuro con nuevos apellidos que piden pista.<\/p>\n<\/div>\n<div class=\"sc-e7b891c4-0 ifHnQL image-embed\" id=\"element-body-4\"><img alt=\"Maximilian Ibrahimovic jugando para la reserva del Milan (maximiliansegeribrahimovic)\" loading=\"lazy\" width=\"720\" height=\"100\" decoding=\"async\" data-nimg=\"1\" src=\"http:\/\/hoycordobaweb.com\/wp-content\/uploads\/2025\/12\/el-hijo-de-zlatan-tendra-su-primera-experiencia-con-el-milan-en-la-supercopa-2.jpg\"><span class=\"epigraphe\">Maximilian Ibrahimovic jugando para la reserva del Milan (maximiliansegeribrahimovic)<\/span><\/div>\n<p><h2>El primer paso de Maximilian<\/h2>\n<\/p>\n<div id=\"element-body-6\" class=\"sc-136cd478-0 ekTCfV\" readability=\"37\">\n<p>En julio de 2024, la familia Ibrahimovic volvi\u00f3 a quedar ligada al Milan con un nuevo cap\u00edtulo. Maximilian, hijo mayor de Zlatan, <strong>firm\u00f3 su primer contrato profesional con el club y dio as\u00ed sus primeros pasos<\/strong> en el f\u00fatbol profesional. <\/p>\n<\/div>\n<div id=\"element-body-7\" class=\"sc-136cd478-0 ekTCfV\" readability=\"36\">\n<p>A sus 17 a\u00f1os, el juvenil comenz\u00f3 a construir su propio camino en una instituci\u00f3n emblem\u00e1tica para su padre, que por entonces ya se desempe\u00f1aba como asesor principal de la dirigencia y de los propietarios.<\/p>\n<\/div>\n<div id=\"element-body-8\" class=\"sc-136cd478-0 ekTCfV\" readability=\"37\">\n<p>En esa etapa, Maximilian no se incorpor\u00f3 de inmediato al primer equipo, sino que pas\u00f3 a formar parte del Milan Futuro, <strong>la filial creada por la instituci\u00f3n para competir en la Serie C<\/strong>. El nuevo equipo debut\u00f3 en la temporada ocupando la plaza que hab\u00eda quedado vacante tras la quiebra del Ancona. <\/p>\n<\/div>\n<div id=\"element-body-9\" class=\"sc-136cd478-0 ekTCfV\" readability=\"36\">\n<p>El proyecto fue conducido por Daniele Bonera, ex jugador y ex integrante del cuerpo t\u00e9cnico de Stefano Pioli, quien adem\u00e1s ten\u00eda un v\u00ednculo previo con la familia Ibrahimovic por haber compartido plantel con Zlatan durante su etapa como futbolista. <\/p>\n<\/div>\n<div id=\"element-body-10\" class=\"sc-136cd478-0 ekTCfV\" readability=\"38\">\n<p>Maximilian, nacido el 22 de septiembre de 2006 en Suecia, <strong>se desempe\u00f1aba principalmente como extremo izquierdo, aunque tambi\u00e9n pod\u00eda jugar como centro delantero<\/strong>, siguiendo el molde futbol\u00edstico de su padre.<\/p>\n<\/div>\n<div class=\"sc-e7b891c4-0 ifHnQL image-embed\" id=\"element-body-11\"><img alt=\"Maximilian Ibrahimovic.\" loading=\"lazy\" width=\"720\" height=\"100\" decoding=\"async\" data-nimg=\"1\" src=\"http:\/\/hoycordobaweb.com\/wp-content\/uploads\/2025\/12\/el-hijo-de-zlatan-tendra-su-primera-experiencia-con-el-milan-en-la-supercopa-3.jpg\"><span class=\"epigraphe\">Maximilian Ibrahimovic.<\/span><\/div>\n<p><h2>El rol de Zlatan en el Milan<\/h2>\n<\/p>\n<div id=\"element-body-13\" class=\"sc-136cd478-0 ekTCfV\" readability=\"38\">\n<p>Ibrahimovic regres\u00f3 al club pocos meses despu\u00e9s de su retiro (2023), pero ya no como futbolista sino en un rol dirigencial clave. El club lo nombr\u00f3 asesor principal de los propietarios, con un v\u00ednculo directo con RedBird, el grupo inversor que controla la instituci\u00f3n. <strong>Su funci\u00f3n est\u00e1 orientada a reforzar la cultura ganadora del equipo y a participar activamente en las decisiones estrat\u00e9gicas.<\/strong><\/p>\n<\/div>\n<div id=\"element-body-14\" class=\"sc-136cd478-0 ekTCfV\" readability=\"37\">\n<p>En ese cargo, Zlatan trabaja en coordinaci\u00f3n con la dirigencia y tiene intervenci\u00f3n tanto en el \u00e1rea deportiva como en la comercial. Entre sus responsabilidades se incluyen el desarrollo de jugadores, los programas de formaci\u00f3n de alto rendimiento y proyectos especiales. Desde el club destacaron que su incorporaci\u00f3n apunta a consolidar un proyecto de largo plazo.<\/p>\n<\/div>\n<div class=\"sc-e7b891c4-0 ifHnQL image-embed\" id=\"element-body-15\"><img alt=\" Ibrahimovic en Milan. (foto: EFE)\" loading=\"lazy\" width=\"720\" height=\"100\" decoding=\"async\" data-nimg=\"1\" src=\"http:\/\/hoycordobaweb.com\/wp-content\/uploads\/2025\/12\/el-hijo-de-zlatan-tendra-su-primera-experiencia-con-el-milan-en-la-supercopa-4.jpg\"><span class=\"epigraphe\"> Ibrahimovic en Milan. (foto: EFE)<\/span><\/div>\n<div id=\"element-body-16\" class=\"sc-a7166897-0 eoLsBE\" readability=\"31\">\n<section readability=\"2\"><picture><img alt=\"El abogado de la AFA denunci\u00f3 a Patricia Bullrich \" loading=\"lazy\" width=\"290\" height=\"290\" decoding=\"async\" data-nimg=\"1\" src=\"http:\/\/hoycordobaweb.com\/wp-content\/uploads\/2025\/12\/el-hijo-de-zlatan-tendra-su-primera-experiencia-con-el-milan-en-la-supercopa-5.jpg\"><\/picture>\n<p><span>Mir\u00e1 tambi\u00e9n<\/span><\/p>\n<hr>\n<h3>El abogado de la AFA denunci\u00f3 a Patricia Bullrich <\/h3>\n<\/p>\n<\/section>\n<\/div>\n<div id=\"element-body-17\" class=\"sc-a7166897-0 eoLsBE\" readability=\"31.5\">\n<section readability=\"3\"><picture><img alt=\"El uno por uno de los pibes de la Sub 16 que representar\u00e1n a la Selecci\u00f3n Argentina en Chile\" loading=\"lazy\" width=\"290\" height=\"290\" decoding=\"async\" data-nimg=\"1\" src=\"http:\/\/hoycordobaweb.com\/wp-content\/uploads\/2025\/12\/el-hijo-de-zlatan-tendra-su-primera-experiencia-con-el-milan-en-la-supercopa-6.jpg\"><\/picture>\n<p><span>Mir\u00e1 tambi\u00e9n<\/span><\/p>\n<hr>\n<h3>El uno por uno de los pibes de la Sub 16 que representar\u00e1n a la Selecci\u00f3n Argentina en Chile<\/h3>\n<\/p>\n<\/section>\n<\/div>\n<div id=\"element-body-18\" class=\"sc-a7166897-0 eoLsBE\" readability=\"32.5\">\n<section readability=\"5\"><picture><img alt=\"Segu\u00ed la entrega de los premios The Best de la FIFA, en vivo: \u00a1Santiago Montiel, ganador del Premio Pusk\u00e1s!\" loading=\"lazy\" width=\"290\" height=\"290\" decoding=\"async\" data-nimg=\"1\" src=\"http:\/\/hoycordobaweb.com\/wp-content\/uploads\/2025\/12\/el-hijo-de-zlatan-tendra-su-primera-experiencia-con-el-milan-en-la-supercopa-7.jpg\"><\/picture>\n<p><span>Mir\u00e1 tambi\u00e9n<\/span><\/p>\n<hr>\n<h3>Segu\u00ed la entrega de los premios The Best de la FIFA, en vivo: \u00a1Santiago Montiel, ganador del Premio Pusk\u00e1s!<\/h3>\n<\/p>\n<\/section>\n<\/div>\n<\/div>\n","protected":false},"excerpt":{"rendered":"<p>16\/12\/2025 13:46hs. El apellido pesa, y en Milan dan el ok. En medio de un plantel condicionado por las lesiones y con la Supercopa de Italia en el horizonte, Massimiliano Allegri decidi\u00f3 incluir en la lista de convocados a Maximilian Ibrahimovic, el hijo de Zlatan, para viajar a Arabia Saudita. Con apenas 19 a\u00f1os, el [&hellip;]<\/p>\n","protected":false},"author":1,"featured_media":125473,"comment_status":"open","ping_status":"closed","sticky":false,"template":"","format":"standard","meta":[],"categories":[16],"tags":[],"_links":{"self":[{"href":"http:\/\/hoycordobaweb.com\/index.php\/wp-json\/wp\/v2\/posts\/125472"}],"collection":[{"href":"http:\/\/hoycordobaweb.com\/index.php\/wp-json\/wp\/v2\/posts"}],"about":[{"href":"http:\/\/hoycordobaweb.com\/index.php\/wp-json\/wp\/v2\/types\/post"}],"author":[{"embeddable":true,"href":"http:\/\/hoycordobaweb.com\/index.php\/wp-json\/wp\/v2\/users\/1"}],"replies":[{"embeddable":true,"href":"http:\/\/hoycordobaweb.com\/index.php\/wp-json\/wp\/v2\/comments?post=125472"}],"version-history":[{"count":0,"href":"http:\/\/hoycordobaweb.com\/index.php\/wp-json\/wp\/v2\/posts\/125472\/revisions"}],"wp:featuredmedia":[{"embeddable":true,"href":"http:\/\/hoycordobaweb.com\/index.php\/wp-json\/wp\/v2\/media\/125473"}],"wp:attachment":[{"href":"http:\/\/hoycordobaweb.com\/index.php\/wp-json\/wp\/v2\/media?parent=125472"}],"wp:term":[{"taxonomy":"category","embeddable":true,"href":"http:\/\/hoycordobaweb.com\/index.php\/wp-json\/wp\/v2\/categories?post=125472"},{"taxonomy":"post_tag","embeddable":true,"href":"http:\/\/hoycordobaweb.com\/index.php\/wp-json\/wp\/v2\/tags?post=125472"}],"curies":[{"name":"wp","href":"https:\/\/api.w.org\/{rel}","templated":true}]}}