{"id":125383,"date":"2025-12-15T15:56:47","date_gmt":"2025-12-15T15:56:47","guid":{"rendered":"https:\/\/www.ole.com.ar\/futbol-internacional\/america\/neymar-santos-renovacion-contrato-brasil-copa-sudamericana-rumor-extension-vinculo_0_P2meaprXG3.html"},"modified":"2025-12-15T15:56:47","modified_gmt":"2025-12-15T15:56:47","slug":"desde-brasil-confirman-que-neymar-renovaria-con-el-santos-para-jugar-la-sudamericana-2026-y-llegar-con-ritmo-al-mundial","status":"publish","type":"post","link":"http:\/\/hoycordobaweb.com\/index.php\/2025\/12\/15\/desde-brasil-confirman-que-neymar-renovaria-con-el-santos-para-jugar-la-sudamericana-2026-y-llegar-con-ritmo-al-mundial\/","title":{"rendered":"Desde Brasil confirman que Neymar renovar\u00eda con el Santos para jugar la Sudamericana 2026 y llegar con ritmo al Mundial"},"content":{"rendered":"<p><img src=\"http:\/\/hoycordobaweb.com\/wp-content\/uploads\/2025\/12\/desde-brasil-confirman-que-neymar-renovaria-con-el-santos-para-jugar-la-sudamericana-2026-y-llegar-con-ritmo-al-mundial.jpg\"><\/p>\n<p><time class=\"createDate\" datetime=\"2025-12-15T12:56:47-03:00\">15\/12\/2025 12:56hs.<\/time><\/p>\n<div id=\"storyBody\">\n<div id=\"element-body-0\" class=\"sc-136cd478-0 ekTCfV\" readability=\"35.923076923077\">\n<p>Luego de un 2025 at\u00edpico para un <strong><a href=\"https:\/\/www.ole.com.ar\/tema\/neymar.html\" title=\"Neymar\" alt=\"Neymar\" class=\"slug\">Neymar<\/a><\/strong> que lleg\u00f3 al <strong><a href=\"https:\/\/www.ole.com.ar\/tema\/santos-brasil.html\" title=\"Santos Brasil\" alt=\"Santos Brasil\" class=\"slug\">Santos<\/a><\/strong> a principio de a\u00f1o y no logr\u00f3 tener el ritmo esperado por sus lesiones, el Peixe finalmente termin\u00f3 salv\u00e1ndose del descenso despu\u00e9s de pelear en la zona roja de la tabla durante muchas fechas y, como quien no quiere la cosa, <strong>se meti\u00f3 en puestos de <a href=\"https:\/\/www.ole.com.ar\/tema\/copa-sudamericana.html\" title=\"Copa Sudamericana\" alt=\"Copa Sudamericana\" class=\"slug\">Copa Sudamericana<\/a><\/strong>. Y fue pasada esta \u00faltima fecha del <strong><a href=\"https:\/\/www.ole.com.ar\/tema\/brasileirao.html\" title=\"brasileirao\" alt=\"brasileirao\" class=\"slug\">Brasileirao<\/a><\/strong>, que desde pa\u00eds vecino <strong>comenzaron los rumores de una posible renovaci\u00f3n del astro brasile\u00f1o con el club que lo vio nacer<\/strong>.<\/p>\n<\/div>\n<div id=\"element-body-1\" class=\"sc-136cd478-0 ekTCfV\" readability=\"40\">\n<p>Pasado el aluvi\u00f3n que implic\u00f3 la \u00faltima jornada de la Serie A, en la que el equipo paulista asegur\u00f3 su permanencia en la Primera Divisi\u00f3n de Brasil, <strong>Ney anunci\u00f3 que se operar\u00e1 los meniscos de la rodilla para llegar \u00abcompleto\u00bb a \u00abla \u00faltima misi\u00f3n, que es el Mundial\u00bb<\/strong>. Y fue tras esta confesi\u00f3n, que en Brasil <strong>comenzaron a hablar de una posible renovaci\u00f3n<\/strong> con el Santos para as\u00ed llegar al 100% a la Copa del Mundo, versi\u00f3n que en las \u00faltimas horas tom\u00f3 fuerza.<\/p>\n<\/div>\n<div class=\"sc-e7b891c4-0 ifHnQL image-embed\" id=\"element-body-2\"><img alt=\"Con Ney a la cabeza, Santos se salv\u00f3 del descenso (Reuters).\" loading=\"lazy\" width=\"720\" height=\"100\" decoding=\"async\" data-nimg=\"1\" src=\"http:\/\/hoycordobaweb.com\/wp-content\/uploads\/2025\/12\/desde-brasil-confirman-que-neymar-renovaria-con-el-santos-para-jugar-la-sudamericana-2026-y-llegar-con-ritmo-al-mundial-2.jpg\"><span class=\"epigraphe\">Con Ney a la cabeza, Santos se salv\u00f3 del descenso (Reuters).<\/span><\/div>\n<div id=\"element-body-3\" class=\"sc-136cd478-0 ekTCfV\" readability=\"42\">\n<p>Seg\u00fan confirm\u00f3 el diario R7Esportes, <strong>el Santos y Neymar habr\u00edan llegado a un acuerdo para extender su v\u00ednculo, el cual vence el pr\u00f3ximo 31 de diciembre, hasta mediados del 2026<\/strong>. Esto, con dos objetivos claros: llegar al Mundial del a\u00f1o que viene con ritmo y minutos, para as\u00ed entrar dentro de la convocatoria de Carlo Ancelotti, quien a\u00fan no lo ha citado para la selecci\u00f3n de Brasil; y jugar la Copa Sudamericana con el club de sus amores, al que viene de salvar del descenso.<\/p>\n<\/div>\n<div id=\"element-body-4\" class=\"sc-136cd478-0 ekTCfV\" readability=\"40\">\n<p>Si bien el futuro de Ney a\u00fan sigue siendo una inc\u00f3gnita, ya que el jugador no ha hablado sobre su pr\u00f3ximo club, este panorama del Peixe acerca mucho m\u00e1s la posibilidad de una extensi\u00f3n del v\u00ednculo entre el Santos y el ex futbolista del Barcelona. Despu\u00e9s de haber pasado un a\u00f1o en el que sufri\u00f3 y mucho, <strong>el 10 tiene grandes chances de seguir en el club de sus amores, con el que tendr\u00e1 el objetivo de volver a ganar un t\u00edtulo siendo la figura<\/strong>, algo de lo que estuvo lejos en este 2025.<\/p>\n<\/div>\n<div class=\"sc-e7b891c4-0 ifHnQL image-embed\" id=\"element-body-5\"><img alt=\"Neymar festejando la permanencia (Reuters).\" loading=\"lazy\" width=\"720\" height=\"100\" decoding=\"async\" data-nimg=\"1\" src=\"http:\/\/hoycordobaweb.com\/wp-content\/uploads\/2025\/12\/desde-brasil-confirman-que-neymar-renovaria-con-el-santos-para-jugar-la-sudamericana-2026-y-llegar-con-ritmo-al-mundial-3.jpg\"><span class=\"epigraphe\">Neymar festejando la permanencia (Reuters).<\/span><\/div>\n<p><h2><strong>Los n\u00fameros de Neymar desde su llegada al Santos y todas sus lesiones<\/strong><\/h2>\n<\/p>\n<div id=\"element-body-7\" class=\"sc-136cd478-0 ekTCfV\" readability=\"39\">\n<p>Tras haber fichado con el Peixe a comienzo de a\u00f1o, Neymar tuvo su tan ansiado debut con su equipo en febrero, durante un empate frente al Botafogo SP por el Paulista, torneo en el que disput\u00f3 siete partidos (registr\u00f3 tres goles y tres asistencias) hasta que el Santos fue eliminado en las semis frente al Corinthians, encuentro que Ney no jug\u00f3 por su <strong>primera lesi\u00f3n en este 2025<\/strong>.<\/p>\n<\/div>\n<div id=\"element-body-8\" class=\"sc-136cd478-0 ekTCfV\" readability=\"37\">\n<p>En la semana previa a la semifinal, el brasile\u00f1o <strong>sufri\u00f3 un desgarro en su muslo derecho, lesi\u00f3n que lo tuvo fuera de las canchas durante 40 d\u00edas<\/strong>. Tras m\u00e1s de un mes de recuperaci\u00f3n, Ney volvi\u00f3 a jugar en un partido frente a Fluminense por la tercera fecha del Brasileirao. <\/p>\n<\/div>\n<div class=\"sc-e7b891c4-0 ifHnQL image-embed\" id=\"element-body-9\"><img alt=\"Ney tuvo varias lesiones en 2025 (Reuters).\" loading=\"lazy\" width=\"720\" height=\"100\" decoding=\"async\" data-nimg=\"1\" src=\"http:\/\/hoycordobaweb.com\/wp-content\/uploads\/2025\/12\/desde-brasil-confirman-que-neymar-renovaria-con-el-santos-para-jugar-la-sudamericana-2026-y-llegar-con-ritmo-al-mundial-4.jpg\"><span class=\"epigraphe\">Ney tuvo varias lesiones en 2025 (Reuters).<\/span><\/div>\n<div id=\"element-body-10\" class=\"sc-136cd478-0 ekTCfV\" readability=\"38\">\n<p>Pero apenas una fecha m\u00e1s tarde, <strong>volvi\u00f3 a resentirse de esta molestia en su pierna diestra y nuevamente qued\u00f3 marginado por esta lesi\u00f3n<\/strong>, que en esta ocasi\u00f3n lo tuvo siete fechas afuera. Post recuperaci\u00f3n, jug\u00f3 apenas dos partidos m\u00e1s por el Brasileirao y cerr\u00f3 as\u00ed un flojo primer semestre.<\/p>\n<\/div>\n<div class=\"sc-e7b891c4-0 ifHnQL image-embed\" id=\"element-body-11\"><img alt=\"Un primer semestre para el olvido (Reuters).\" loading=\"lazy\" width=\"720\" height=\"100\" decoding=\"async\" data-nimg=\"1\" src=\"http:\/\/hoycordobaweb.com\/wp-content\/uploads\/2025\/12\/desde-brasil-confirman-que-neymar-renovaria-con-el-santos-para-jugar-la-sudamericana-2026-y-llegar-con-ritmo-al-mundial-5.jpg\"><span class=\"epigraphe\">Un primer semestre para el olvido (Reuters).<\/span><\/div>\n<div id=\"element-body-12\" class=\"sc-136cd478-0 ekTCfV\" readability=\"38\">\n<p>Durante la segunda parte del a\u00f1o, el extremo de 33 a\u00f1os empez\u00f3 con mucho m\u00e1s ritmo de juego: <strong>disput\u00f3 nueve partidos consecutivos en el Brasileirao, en los que aport\u00f3 tres goles<\/strong>. Sin embargo, el maldito recto femoral del muslo derecho volvi\u00f3 a pasarle factura y se lesion\u00f3 una vez m\u00e1s. \u00bfEl resultado? 43 d\u00edas (siete fechas) sin pisar el c\u00e9sped.<\/p>\n<\/div>\n<div id=\"element-body-13\" class=\"sc-136cd478-0 ekTCfV\" readability=\"39\">\n<p>Pasada esta mala racha, Neymar volvi\u00f3 con todo durante el mes de noviembre, en el que <strong>disput\u00f3 siete partidos consecutivos y se convirti\u00f3 en la figura clave del Santos<\/strong>, equipo al que, gracias a sus cinco goles, salv\u00f3 del descenso y clasific\u00f3 a la Sudamericana.<\/p>\n<\/div>\n<div class=\"sc-e7b891c4-0 ifHnQL image-embed\" id=\"element-body-14\"><img alt=\"Neymar se visti\u00f3 de h\u00e9roe durante las \u00faltimas fechas del Santos (Reuters).\" loading=\"lazy\" width=\"720\" height=\"100\" decoding=\"async\" data-nimg=\"1\" src=\"http:\/\/hoycordobaweb.com\/wp-content\/uploads\/2025\/12\/desde-brasil-confirman-que-neymar-renovaria-con-el-santos-para-jugar-la-sudamericana-2026-y-llegar-con-ritmo-al-mundial-6.jpg\"><span class=\"epigraphe\">Neymar se visti\u00f3 de h\u00e9roe durante las \u00faltimas fechas del Santos (Reuters).<\/span><\/div>\n<div id=\"element-body-15\" class=\"sc-136cd478-0 ekTCfV\" readability=\"35\">\n<p>El balance de este primer a\u00f1o para Ney deja un total de <strong>28 encuentros disputados<\/strong>, dentro de los cuales tuvo 23 titularidades y 2.065&#8242; jugados, <strong>once goles y cuatro asistencias sumadas para el Peixe<\/strong>.<\/p>\n<\/div>\n<div id=\"element-body-16\" class=\"sc-a7166897-0 eoLsBE\" readability=\"32\">\n<section readability=\"4\"><picture><img alt=\"Golpazo para el Sao Paulo de Crespo: con la clasificaci\u00f3n de Vasco y Corinthians a la final de la Copa do Brasil, qued\u00f3 fuera de la Libertadores \" loading=\"lazy\" width=\"290\" height=\"290\" decoding=\"async\" data-nimg=\"1\" src=\"http:\/\/hoycordobaweb.com\/wp-content\/uploads\/2025\/12\/desde-brasil-confirman-que-neymar-renovaria-con-el-santos-para-jugar-la-sudamericana-2026-y-llegar-con-ritmo-al-mundial-7.jpg\"><\/picture>\n<p><span>Mir\u00e1 tambi\u00e9n<\/span><\/p>\n<hr>\n<h3>Golpazo para el Sao Paulo de Crespo: con la clasificaci\u00f3n de Vasco y Corinthians a la final de la Copa do Brasil, qued\u00f3 fuera de la Libertadores <\/h3>\n<\/p>\n<\/section>\n<\/div>\n<div id=\"element-body-17\" class=\"sc-a7166897-0 eoLsBE\" readability=\"32\">\n<section readability=\"4\"><picture><img alt=\"La Copa do Brasil ya tiene sus finalistas: Corinthians y Vasco da Gama ir\u00e1n por el t\u00edtulo, el cupo para la Libertadores y el millonario premio\" loading=\"lazy\" width=\"290\" height=\"290\" decoding=\"async\" data-nimg=\"1\" src=\"http:\/\/hoycordobaweb.com\/wp-content\/uploads\/2025\/12\/desde-brasil-confirman-que-neymar-renovaria-con-el-santos-para-jugar-la-sudamericana-2026-y-llegar-con-ritmo-al-mundial-8.jpg\"><\/picture>\n<p><span>Mir\u00e1 tambi\u00e9n<\/span><\/p>\n<hr>\n<h3>La Copa do Brasil ya tiene sus finalistas: Corinthians y Vasco da Gama ir\u00e1n por el t\u00edtulo, el cupo para la Libertadores y el millonario premio<\/h3>\n<\/p>\n<\/section>\n<\/div>\n<div id=\"element-body-18\" class=\"sc-a7166897-0 eoLsBE\" readability=\"31\">\n<section readability=\"2\"><picture><img alt=\"El r\u00e9cord que Pedri le arrebat\u00f3 a Messi en el Barcelona\" loading=\"lazy\" width=\"290\" height=\"290\" decoding=\"async\" data-nimg=\"1\" src=\"http:\/\/hoycordobaweb.com\/wp-content\/uploads\/2025\/12\/desde-brasil-confirman-que-neymar-renovaria-con-el-santos-para-jugar-la-sudamericana-2026-y-llegar-con-ritmo-al-mundial-9.jpg\"><\/picture>\n<p><span>Mir\u00e1 tambi\u00e9n<\/span><\/p>\n<hr>\n<h3>El r\u00e9cord que Pedri le arrebat\u00f3 a Messi en el Barcelona<\/h3>\n<\/p>\n<\/section>\n<\/div>\n<div id=\"element-body-19\" class=\"sc-a7166897-0 eoLsBE\" readability=\"31.5\">\n<section readability=\"3\"><picture><img alt=\"Los grandes n\u00fameros de Mohamed en M\u00e9xico: cinco t\u00edtulos de liga y con cuatro equipos distintos\" loading=\"lazy\" width=\"290\" height=\"290\" decoding=\"async\" data-nimg=\"1\" src=\"http:\/\/hoycordobaweb.com\/wp-content\/uploads\/2025\/12\/desde-brasil-confirman-que-neymar-renovaria-con-el-santos-para-jugar-la-sudamericana-2026-y-llegar-con-ritmo-al-mundial-10.jpg\"><\/picture>\n<p><span>Mir\u00e1 tambi\u00e9n<\/span><\/p>\n<hr>\n<h3>Los grandes n\u00fameros de Mohamed en M\u00e9xico: cinco t\u00edtulos de liga y con cuatro equipos distintos<\/h3>\n<\/p>\n<\/section>\n<\/div>\n<\/div>\n","protected":false},"excerpt":{"rendered":"<p>15\/12\/2025 12:56hs. Luego de un 2025 at\u00edpico para un Neymar que lleg\u00f3 al Santos a principio de a\u00f1o y no logr\u00f3 tener el ritmo esperado por sus lesiones, el Peixe finalmente termin\u00f3 salv\u00e1ndose del descenso despu\u00e9s de pelear en la zona roja de la tabla durante muchas fechas y, como quien no quiere la cosa, [&hellip;]<\/p>\n","protected":false},"author":1,"featured_media":125384,"comment_status":"open","ping_status":"closed","sticky":false,"template":"","format":"standard","meta":[],"categories":[16],"tags":[],"_links":{"self":[{"href":"http:\/\/hoycordobaweb.com\/index.php\/wp-json\/wp\/v2\/posts\/125383"}],"collection":[{"href":"http:\/\/hoycordobaweb.com\/index.php\/wp-json\/wp\/v2\/posts"}],"about":[{"href":"http:\/\/hoycordobaweb.com\/index.php\/wp-json\/wp\/v2\/types\/post"}],"author":[{"embeddable":true,"href":"http:\/\/hoycordobaweb.com\/index.php\/wp-json\/wp\/v2\/users\/1"}],"replies":[{"embeddable":true,"href":"http:\/\/hoycordobaweb.com\/index.php\/wp-json\/wp\/v2\/comments?post=125383"}],"version-history":[{"count":0,"href":"http:\/\/hoycordobaweb.com\/index.php\/wp-json\/wp\/v2\/posts\/125383\/revisions"}],"wp:featuredmedia":[{"embeddable":true,"href":"http:\/\/hoycordobaweb.com\/index.php\/wp-json\/wp\/v2\/media\/125384"}],"wp:attachment":[{"href":"http:\/\/hoycordobaweb.com\/index.php\/wp-json\/wp\/v2\/media?parent=125383"}],"wp:term":[{"taxonomy":"category","embeddable":true,"href":"http:\/\/hoycordobaweb.com\/index.php\/wp-json\/wp\/v2\/categories?post=125383"},{"taxonomy":"post_tag","embeddable":true,"href":"http:\/\/hoycordobaweb.com\/index.php\/wp-json\/wp\/v2\/tags?post=125383"}],"curies":[{"name":"wp","href":"https:\/\/api.w.org\/{rel}","templated":true}]}}