{"id":125379,"date":"2025-12-15T16:21:01","date_gmt":"2025-12-15T16:21:01","guid":{"rendered":"https:\/\/www.ole.com.ar\/boca-juniors\/senal-ander-herrera-vacaciones-espana_0_4jEGF0bFSG.html"},"modified":"2025-12-15T16:21:01","modified_gmt":"2025-12-15T16:21:01","slug":"otra-senal-de-ander-herrera-desde-sus-vacaciones-en-espana","status":"publish","type":"post","link":"http:\/\/hoycordobaweb.com\/index.php\/2025\/12\/15\/otra-senal-de-ander-herrera-desde-sus-vacaciones-en-espana\/","title":{"rendered":"Otra se\u00f1al de Ander Herrera desde sus vacaciones en Espa\u00f1a"},"content":{"rendered":"<p><img src=\"http:\/\/hoycordobaweb.com\/wp-content\/uploads\/2025\/12\/otra-senal-de-ander-herrera-desde-sus-vacaciones-en-espana.jpg\"><\/p>\n<p><time class=\"createDate\" datetime=\"2025-12-15T13:21:01-03:00\">15\/12\/2025 13:21hs.<\/time><\/p>\n<div id=\"storyBody\">\n<div id=\"element-body-0\" class=\"sc-136cd478-0 ekTCfV\" readability=\"39.792027729636\">\n<p>Las redes sociales en el \u00faltimo tiempo se transformaron en una suerte de term\u00f3metro emocional para los futbolistas, un espacio donde los gestos, las im\u00e1genes y hasta los silencios dicen tanto como las palabras. Y en ese marco se inscribe el nuevo posteo de <strong><a href=\"https:\/\/www.ole.com.ar\/tema\/ander-herrera.html\" title=\"Ander Herrera\" alt=\"Ander Herrera\" class=\"slug\">Ander Herrera<\/a><\/strong>, que no pas\u00f3 inadvertido para el mundo <a href=\"https:\/\/www.ole.com.ar\/tema\/boca-juniors.html\" title=\"Boca Juniors\" alt=\"Boca Juniors\" class=\"slug\">Boca<\/a> ni para un hincha siempre atento a las se\u00f1ales. Lejos de cualquier comunicado formal, <strong>el volante eligi\u00f3 expresarse desde lo m\u00e1s \u00edntimo: una serie de im\u00e1genes que combinan f\u00fatbol, familia y sentimientos, acompa\u00f1adas apenas por una pelota y un coraz\u00f3n.<\/strong><\/p>\n<\/div>\n<div id=\"element-body-1\" class=\"sc-136cd478-0 ekTCfV\" readability=\"39\">\n<p>El carrusel re\u00fane distintas postales de su vida en Buenos Aires. <strong> Hay fotos suyas entren\u00e1ndose en Boca Predio, enfocado, con la indumentaria azul y oro, reflejando compromiso y profesionalismo pese a un a\u00f1o atravesado por m\u00faltiples lesiones.<\/strong> Tambi\u00e9n aparecen im\u00e1genes de momentos ligados a su rutina como jugador, que remiten a su deseo de seguir siendo parte activa del equipo cuando el f\u00edsico se lo permite.<\/p>\n<\/div>\n<div class=\"sc-e7b891c4-0 ifHnQL image-embed\" id=\"element-body-2\"><img alt=\"Las fotos que eligi\u00f3 Ander para su posteo\" loading=\"lazy\" width=\"720\" height=\"100\" decoding=\"async\" data-nimg=\"1\" src=\"http:\/\/hoycordobaweb.com\/wp-content\/uploads\/2025\/12\/otra-senal-de-ander-herrera-desde-sus-vacaciones-en-espana-2.jpg\"><span class=\"epigraphe\">Las fotos que eligi\u00f3 Ander para su posteo<\/span><\/div>\n<div id=\"element-body-3\" class=\"sc-136cd478-0 ekTCfV\" readability=\"37\">\n<p>Pero el posteo no se limita a lo futbol\u00edstico. La presencia de su familia ocupa un lugar central. Sus hijas y su esposa aparecen en la Bombonera, en las tribunas o vistiendo ropa de Boca, escenas que refuerzan la idea de una adaptaci\u00f3n plena a la ciudad y al club. Esa conexi\u00f3n familiar con el mundo xeneize no pasa inadvertida y suma un componente emocional fuerte en un momento clave de definiciones.<\/p>\n<\/div>\n<div class=\"sc-e7b891c4-0 ifHnQL image-embed\" id=\"element-body-4\"><img alt=\"Las fotos que eligi\u00f3 Ander para su posteo\" loading=\"lazy\" width=\"720\" height=\"100\" decoding=\"async\" data-nimg=\"1\" src=\"http:\/\/hoycordobaweb.com\/wp-content\/uploads\/2025\/12\/otra-senal-de-ander-herrera-desde-sus-vacaciones-en-espana-3.jpg\"><span class=\"epigraphe\">Las fotos que eligi\u00f3 Ander para su posteo<\/span><\/div>\n<div id=\"element-body-5\" class=\"sc-136cd478-0 ekTCfV\" readability=\"39\">\n<p>El contexto le da a\u00fan m\u00e1s peso a la publicaci\u00f3n. Herrera transita los \u00faltimos d\u00edas del primer a\u00f1o de su contrato, con un segundo que debe ser revalidado de com\u00fan acuerdo. <strong>En principio, al regreso de las vacaciones, habr\u00e1 una charla con Juan Rom\u00e1n Riquelme \u2014a\u00fan sin fecha confirmada\u2014 en la que el jugador comunicar\u00e1 su decisi\u00f3n.<\/strong> Si la voluntad de ambas partes es continuar, la activaci\u00f3n del nuevo v\u00ednculo ser\u00eda autom\u00e1tica.<\/p>\n<\/div>\n<div class=\"sc-e7b891c4-0 ifHnQL image-embed\" id=\"element-body-6\"><img alt=\"Las fotos que eligi\u00f3 Ander para su posteo\" loading=\"lazy\" width=\"720\" height=\"100\" decoding=\"async\" data-nimg=\"1\" src=\"http:\/\/hoycordobaweb.com\/wp-content\/uploads\/2025\/12\/otra-senal-de-ander-herrera-desde-sus-vacaciones-en-espana-4.jpg\"><span class=\"epigraphe\">Las fotos que eligi\u00f3 Ander para su posteo<\/span><\/div>\n<div id=\"element-body-7\" class=\"sc-136cd478-0 ekTCfV\" readability=\"40\">\n<p>As\u00ed, el posteo admite dos lecturas posibles. Puede entenderse como una reafirmaci\u00f3n del v\u00ednculo con Boca y con la vida que construy\u00f3 en Buenos Aires, pero tambi\u00e9n como una despedida cargada de gratitud, en caso de que el ciclo llegue a su fin. Sin palabras, <strong>Ander Herrera volvi\u00f3 a hablar con im\u00e1genes, dejando abiertas todas las puertas y alimentando la expectativa de lo que vendr\u00e1.<\/strong><\/p>\n<\/div>\n<div class=\"sc-e7b891c4-0 ifHnQL image-embed\" id=\"element-body-8\"><img alt=\"Las fotos que eligi\u00f3 Ander para su posteo\" loading=\"lazy\" width=\"720\" height=\"100\" decoding=\"async\" data-nimg=\"1\" src=\"http:\/\/hoycordobaweb.com\/wp-content\/uploads\/2025\/12\/otra-senal-de-ander-herrera-desde-sus-vacaciones-en-espana-5.jpg\"><span class=\"epigraphe\">Las fotos que eligi\u00f3 Ander para su posteo<\/span><\/div>\n<div id=\"element-body-9\" class=\"sc-a7166897-0 eoLsBE\" readability=\"32\">\n<section readability=\"4\"><picture><img alt=\"De River a Boca y de Boca a River, c\u00f3mo les fue a los que cruzaron sin escalas en los \u00faltimos 40 a\u00f1os\" loading=\"lazy\" width=\"290\" height=\"290\" decoding=\"async\" data-nimg=\"1\" src=\"http:\/\/hoycordobaweb.com\/wp-content\/uploads\/2025\/12\/otra-senal-de-ander-herrera-desde-sus-vacaciones-en-espana-6.jpg\"><\/picture>\n<p><span>Mir\u00e1 tambi\u00e9n<\/span><\/p>\n<hr>\n<h3>De River a Boca y de Boca a River, c\u00f3mo les fue a los que cruzaron sin escalas en los \u00faltimos 40 a\u00f1os<\/h3>\n<\/p>\n<\/section>\n<\/div>\n<div id=\"element-body-10\" class=\"sc-a7166897-0 eoLsBE\" readability=\"31\">\n<section readability=\"2\"><picture><img alt=\"El jugador que vuelve de su pr\u00e9stamo y tiene chances de quedarse&nbsp;en&nbsp;Boca&nbsp;en&nbsp;2026\" loading=\"lazy\" width=\"290\" height=\"290\" decoding=\"async\" data-nimg=\"1\" src=\"http:\/\/hoycordobaweb.com\/wp-content\/uploads\/2025\/12\/otra-senal-de-ander-herrera-desde-sus-vacaciones-en-espana-7.jpg\"><\/picture>\n<p><span>Mir\u00e1 tambi\u00e9n<\/span><\/p>\n<hr>\n<h3>El jugador que vuelve de su pr\u00e9stamo y tiene chances de quedarse&nbsp;en&nbsp;Boca&nbsp;en&nbsp;2026<\/h3>\n<\/p>\n<\/section>\n<\/div>\n<\/div>\n","protected":false},"excerpt":{"rendered":"<p>15\/12\/2025 13:21hs. Las redes sociales en el \u00faltimo tiempo se transformaron en una suerte de term\u00f3metro emocional para los futbolistas, un espacio donde los gestos, las im\u00e1genes y hasta los silencios dicen tanto como las palabras. Y en ese marco se inscribe el nuevo posteo de Ander Herrera, que no pas\u00f3 inadvertido para el mundo [&hellip;]<\/p>\n","protected":false},"author":1,"featured_media":125380,"comment_status":"open","ping_status":"closed","sticky":false,"template":"","format":"standard","meta":[],"categories":[16],"tags":[],"_links":{"self":[{"href":"http:\/\/hoycordobaweb.com\/index.php\/wp-json\/wp\/v2\/posts\/125379"}],"collection":[{"href":"http:\/\/hoycordobaweb.com\/index.php\/wp-json\/wp\/v2\/posts"}],"about":[{"href":"http:\/\/hoycordobaweb.com\/index.php\/wp-json\/wp\/v2\/types\/post"}],"author":[{"embeddable":true,"href":"http:\/\/hoycordobaweb.com\/index.php\/wp-json\/wp\/v2\/users\/1"}],"replies":[{"embeddable":true,"href":"http:\/\/hoycordobaweb.com\/index.php\/wp-json\/wp\/v2\/comments?post=125379"}],"version-history":[{"count":0,"href":"http:\/\/hoycordobaweb.com\/index.php\/wp-json\/wp\/v2\/posts\/125379\/revisions"}],"wp:featuredmedia":[{"embeddable":true,"href":"http:\/\/hoycordobaweb.com\/index.php\/wp-json\/wp\/v2\/media\/125380"}],"wp:attachment":[{"href":"http:\/\/hoycordobaweb.com\/index.php\/wp-json\/wp\/v2\/media?parent=125379"}],"wp:term":[{"taxonomy":"category","embeddable":true,"href":"http:\/\/hoycordobaweb.com\/index.php\/wp-json\/wp\/v2\/categories?post=125379"},{"taxonomy":"post_tag","embeddable":true,"href":"http:\/\/hoycordobaweb.com\/index.php\/wp-json\/wp\/v2\/tags?post=125379"}],"curies":[{"name":"wp","href":"https:\/\/api.w.org\/{rel}","templated":true}]}}