{"id":125373,"date":"2025-12-14T16:51:22","date_gmt":"2025-12-14T16:51:22","guid":{"rendered":"https:\/\/manoamanocba.com.ar\/?p=7435"},"modified":"2025-12-14T16:51:22","modified_gmt":"2025-12-14T16:51:22","slug":"adelanto-2026-regresara-a-cordoba-diego-el-cigala","status":"publish","type":"post","link":"http:\/\/hoycordobaweb.com\/index.php\/2025\/12\/14\/adelanto-2026-regresara-a-cordoba-diego-el-cigala\/","title":{"rendered":"Adelanto 2026: regresar\u00e1 a C\u00f3rdoba Diego El Cigala"},"content":{"rendered":"<div><img src=\"http:\/\/hoycordobaweb.com\/wp-content\/uploads\/2025\/12\/adelanto-2026-regresara-a-cordoba-diego-el-cigala.jpg\" class=\"ff-og-image-inserted\"><\/div>\n<p>Este 2026 marcar\u00e1 el retorno de uno de los emblemas de la m\u00fasica flamenca. Diego El Cigala pisar\u00e1 nuevamente los escenarios de Argentina, Uruguay y Chile presentando \u201cFlamenco y Son\u201d. Su regreso se dar\u00e1 el 15 de abril de 2026, a las 20.30, en la Ciudad de Las Artes.<\/p>\n<p>Bajo la producci\u00f3n de Dami\u00e0n Sequeira, el espect\u00e1culo de El Cigala fusiona el flamenco con ritmos latinos como el son cubano y la salsa. Es una gira que viene realizando, y con la que visita diferentes ciudades, ofreciendo un viaje \u00ab\u00edntimo y apasionado\u00bb que celebra la esencia del g\u00e8nero y los sonidos de Am\u00e9rica Latina; un recorrido musical por sus \u00e9xitos y canciones de otros autores que con su particular estilo se han convertido en las favoritas de su p\u00fablico.<\/p>\n<p>Acompa\u00f1ado por su grupo musical, de marcado talento, el artista interpretar\u00e1 un repertorio que destaca por su expresividad y riqueza musical. Adem\u00e1s, contar\u00e1 con la presencia de una bailarina en escena, a\u00f1adiendo un elemento visual que complementa la interpretaci\u00f3n.<\/p>\n<p><em>\u201cEl flamenco es tan grande y tan bonito que no necesita fusionar con nada\u00bb<\/em>, sostiene Diego El Cigala.<\/p>\n<p>Las entradas ya est\u00e1n a la venta en boleter\u00eda y autoentrada.com para este espect\u00e1culo.<\/p>\n","protected":false},"excerpt":{"rendered":"<p>Este 2026 marcar\u00e1 el retorno de uno de los emblemas de la m\u00fasica flamenca. Diego El Cigala pisar\u00e1 nuevamente los escenarios de Argentina, Uruguay y Chile presentando \u201cFlamenco y Son\u201d. Su regreso se dar\u00e1 el 15 de abril de 2026, a las 20.30, en la Ciudad de Las Artes. Bajo la producci\u00f3n de Dami\u00e0n Sequeira, [&hellip;]<\/p>\n","protected":false},"author":1,"featured_media":125374,"comment_status":"closed","ping_status":"closed","sticky":false,"template":"","format":"standard","meta":[],"categories":[19],"tags":[],"_links":{"self":[{"href":"http:\/\/hoycordobaweb.com\/index.php\/wp-json\/wp\/v2\/posts\/125373"}],"collection":[{"href":"http:\/\/hoycordobaweb.com\/index.php\/wp-json\/wp\/v2\/posts"}],"about":[{"href":"http:\/\/hoycordobaweb.com\/index.php\/wp-json\/wp\/v2\/types\/post"}],"author":[{"embeddable":true,"href":"http:\/\/hoycordobaweb.com\/index.php\/wp-json\/wp\/v2\/users\/1"}],"replies":[{"embeddable":true,"href":"http:\/\/hoycordobaweb.com\/index.php\/wp-json\/wp\/v2\/comments?post=125373"}],"version-history":[{"count":0,"href":"http:\/\/hoycordobaweb.com\/index.php\/wp-json\/wp\/v2\/posts\/125373\/revisions"}],"wp:featuredmedia":[{"embeddable":true,"href":"http:\/\/hoycordobaweb.com\/index.php\/wp-json\/wp\/v2\/media\/125374"}],"wp:attachment":[{"href":"http:\/\/hoycordobaweb.com\/index.php\/wp-json\/wp\/v2\/media?parent=125373"}],"wp:term":[{"taxonomy":"category","embeddable":true,"href":"http:\/\/hoycordobaweb.com\/index.php\/wp-json\/wp\/v2\/categories?post=125373"},{"taxonomy":"post_tag","embeddable":true,"href":"http:\/\/hoycordobaweb.com\/index.php\/wp-json\/wp\/v2\/tags?post=125373"}],"curies":[{"name":"wp","href":"https:\/\/api.w.org\/{rel}","templated":true}]}}