{"id":125279,"date":"2025-12-14T16:21:44","date_gmt":"2025-12-14T16:21:44","guid":{"rendered":"https:\/\/www.ole.com.ar\/river-plate\/river-tomas-nasif-prestamo-banfield-cesion-delantero-numeros-goles_0_ZZKEmngexn.html"},"modified":"2025-12-14T16:21:44","modified_gmt":"2025-12-14T16:21:44","slug":"el-jugador-de-river-que-finaliza-su-prestamo-y-podria-volver-a-ser-cedido-al-mismo-club","status":"publish","type":"post","link":"http:\/\/hoycordobaweb.com\/index.php\/2025\/12\/14\/el-jugador-de-river-que-finaliza-su-prestamo-y-podria-volver-a-ser-cedido-al-mismo-club\/","title":{"rendered":"El jugador de River que finaliza su pr\u00e9stamo y podr\u00eda volver a ser cedido al mismo club"},"content":{"rendered":"<p><img src=\"http:\/\/hoycordobaweb.com\/wp-content\/uploads\/2025\/12\/el-jugador-de-river-que-finaliza-su-prestamo-y-podria-volver-a-ser-cedido-al-mismo-club.jpg\"><\/p>\n<p><time class=\"createDate\" datetime=\"2025-12-14T13:21:44-03:00\">14\/12\/2025 13:21hs.<\/time><\/p>\n<div id=\"storyBody\">\n<div id=\"element-body-0\" class=\"sc-136cd478-0 ekTCfV\" readability=\"39.595141700405\">\n<p>Se fue a pr\u00e9stamo a principios de este 2025 para sumar sus primeros minutos en Primera. Tuvo un arranque furioso de a\u00f1o, con <strong>tres goles en las dos fechas iniciales del Apertura<\/strong>. Se ilusion\u00f3 con poder mostrar toda su capacidad goleadora que hab\u00eda mostrado en la Reserva de <strong><a href=\"https:\/\/www.ole.com.ar\/tema\/river-plate.html\" title=\"River Plate\" alt=\"River Plate\" class=\"slug\">River<\/a><\/strong>, pero un par de lesiones le quitaron mucho tiempo de actividad. Y ahora, podr\u00eda renovar su cesi\u00f3n en el mismo club: <strong>Tom\u00e1s Nasif, de \u00e9l se trata, cuenta con chances de seguir su carrera en el 2026 en Banfield.<\/strong><\/p>\n<\/div>\n<div id=\"element-body-1\" class=\"sc-136cd478-0 ekTCfV\" readability=\"38\">\n<p>Desde ambos clubes negocian la posibilidad de <strong>extender el pr\u00e9stamo por un a\u00f1o m\u00e1s, algo que por ahora tiene buen curso y podr\u00eda quedar sellado en las pr\u00f3ximas horas<\/strong>: en principio, la operaci\u00f3n ser\u00eda sin cargo ni opci\u00f3n de compra, mismos t\u00e9rminos que la que se hab\u00eda hecho para este 2025. En el rubro que habr\u00e1 que ver si hay modificaciones es en si existe cl\u00e1usula de repesca para el mercado de mediados de 2026.<\/p>\n<\/div>\n<div id=\"element-body-2\" class=\"sc-136cd478-0 ekTCfV\" readability=\"43\">\n<p>La idea de <strong>River <\/strong>es que <strong>Nasif<\/strong>, centrodelantero de 21 a\u00f1os, <strong>pueda tener esa continuidad en Primera que una lesi\u00f3n en el tobillo le sac\u00f3:<\/strong> a fines de abril, por un esguince que en el cuerpo m\u00e9dico del Taladro concluyeron que \u00abno evolucion\u00f3 como se esperaba, persistiendo molestias y limitaciones funcionales\u00bb, se oper\u00f3 y estuvo casi seis meses sin jugar. De hecho, <strong>volvi\u00f3 a integrar el banco de suplentes el 18 de octubre, en la 13\u00aa fecha del Clausura<\/strong>: como el equipo no pas\u00f3 a los playoffs, no tuvo demasiadas oportunidades m\u00e1s y solo sum\u00f3 ocho minutos en la pen\u00faltima jornada.<\/p>\n<\/div>\n<div id=\"element-body-3\" class=\"sc-3c5a76cc-1 idjLTd\" readability=\"31\">\n<div class=\"sc-e8b2828-0 fBmEJc\" type=\"embed\">\n<div class=\"sc-e8b2828-1 iPLbWT videoText\" id=\"contentTitleembedZl1G8CJV\" type=\"embed\"><svg fill=\"#ffffff\"><symbol id=\"play\" viewBox=\"0 0 512 512\"><path d=\"M512 256C512 397.4 397.4 512 256 512C114.6 512 0 397.4 0 256C0 114.6 114.6 0 256 0C397.4 0 512 114.6 512 256zM176 168V344C176 352.7 180.7 360.7 188.3 364.9C195.8 369.2 205.1 369 212.5 364.5L356.5 276.5C363.6 272.1 368 264.4 368 256C368 247.6 363.6 239.9 356.5 235.5L212.5 147.5C205.1 142.1 195.8 142.8 188.3 147.1C180.7 151.3 176 159.3 176 168V168z\" \/><\/symbol><use xlink:href=\"#play\" \/><\/svg><\/p>\n<div class=\"right\">\n<p>River Plate<!-- --> &#8211; <span>&nbsp;<\/span><\/p>\n<h2 class=\"title-vid\">Nasif explica su salida de River a Banfield<\/h2>\n<\/div>\n<\/div>\n<p><span class=\"back\" id=\"spanBackembedZl1G8CJV\"><\/span><\/div>\n<div class=\"JWvideoNota_title\" readability=\"7\">\n<p>El goleador habl\u00f3 tras el doblete a Newell&#8217;s. Video: ESPN<\/p>\n<\/div>\n<\/div>\n<div id=\"element-body-4\" class=\"sc-136cd478-0 ekTCfV\" readability=\"39\">\n<p>En total, el Turco, quien se hab\u00eda destacado en la Reserva multicampeona de River en el 2024 (ocho goles en 24 juegos), <strong>cerr\u00f3 el 2025 con tres tantos y una asistencia en 647 minutos, que fueron repartidos en nueve partidos<\/strong>. Un acumulado que termin\u00f3 siendo menor al que promet\u00eda en aquel arranque de a\u00f1o y que Banfield sinti\u00f3.<\/p>\n<\/div>\n<div id=\"element-body-5\" class=\"sc-136cd478-0 ekTCfV\" readability=\"41\">\n<p>Por eso, una vez terminada la temporada, <strong>desde el Sur dejaron clara su intenci\u00f3n de mantener al delantero en el plantel. <\/strong>Y a <strong>River <\/strong>le cerr\u00f3: con <strong>Driussi, Colidio, Salas, Ruberto<\/strong> y la posibilidad de sumar alg\u00fan refuerzo en la zona de ataque, no iba a tener mucho lugar y la idea era que pudiera tener una temporada completa de rodaje en Primera.<\/p>\n<\/div>\n<p><h2><strong>Los tres goles de Nasif este a\u00f1o<\/strong><\/h2>\n<\/p>\n<div id=\"element-body-7\" class=\"sc-3c5a76cc-1 idjLTd\" readability=\"32\">\n<div class=\"sc-e8b2828-0 fBmEJc\" type=\"embed\">\n<div class=\"sc-e8b2828-1 iPLbWT videoText\" id=\"contentTitleembedbedYSQeZ\" type=\"embed\"><svg fill=\"#ffffff\"><symbol id=\"play\" viewBox=\"0 0 512 512\"><path d=\"M512 256C512 397.4 397.4 512 256 512C114.6 512 0 397.4 0 256C0 114.6 114.6 0 256 0C397.4 0 512 114.6 512 256zM176 168V344C176 352.7 180.7 360.7 188.3 364.9C195.8 369.2 205.1 369 212.5 364.5L356.5 276.5C363.6 272.1 368 264.4 368 256C368 247.6 363.6 239.9 356.5 235.5L212.5 147.5C205.1 142.1 195.8 142.8 188.3 147.1C180.7 151.3 176 159.3 176 168V168z\" \/><\/symbol><use xlink:href=\"#play\" \/><\/svg><\/p>\n<div class=\"right\">\n<p>Facundo Nasif<!-- --> &#8211; <span>&nbsp;<\/span><\/p>\n<h2 class=\"title-vid\">\u00a1De la Reserva de River a goleador en Primera!<\/h2>\n<\/div>\n<\/div>\n<p><span class=\"back\" id=\"spanBackembedbedYSQeZ\"><\/span><\/div>\n<div class=\"JWvideoNota_title\" readability=\"9\">\n<p>Tom\u00e1s Nasif lleva tres goles con Banfield, en apenas dos fechas del Apertura de la Copa de la Liga 2025. (Video: ESPN)<\/p>\n<\/div>\n<\/div>\n<div id=\"element-body-8\" class=\"sc-a7166897-0 eoLsBE\" readability=\"32\">\n<section readability=\"4\"><picture><img alt=\"El goleador de River en la Messi Cup, con Ol\u00e9: &quot;Mi sue\u00f1o es ganar la Libertadores con el club&quot;\" loading=\"lazy\" width=\"290\" height=\"290\" decoding=\"async\" data-nimg=\"1\" src=\"http:\/\/hoycordobaweb.com\/wp-content\/uploads\/2025\/12\/el-jugador-de-river-que-finaliza-su-prestamo-y-podria-volver-a-ser-cedido-al-mismo-club-2.jpg\"><\/picture>\n<p><span>Mir\u00e1 tambi\u00e9n<\/span><\/p>\n<hr>\n<h3>El goleador de River en la Messi Cup, con Ol\u00e9: \u00abMi sue\u00f1o es ganar la Libertadores con el club\u00bb<\/h3>\n<\/p>\n<\/section>\n<\/div>\n<div id=\"element-body-9\" class=\"sc-a7166897-0 eoLsBE\" readability=\"32\">\n<section readability=\"4\"><picture><img alt=\"Copa Sudamericana 2026: con Racing adentro e Independiente afuera, los 37 clasificados y los siete que faltan\" loading=\"lazy\" width=\"290\" height=\"290\" decoding=\"async\" data-nimg=\"1\" src=\"http:\/\/hoycordobaweb.com\/wp-content\/uploads\/2025\/12\/el-jugador-de-river-que-finaliza-su-prestamo-y-podria-volver-a-ser-cedido-al-mismo-club-3.jpg\"><\/picture>\n<p><span>Mir\u00e1 tambi\u00e9n<\/span><\/p>\n<hr>\n<h3>Copa Sudamericana 2026: con Racing adentro e Independiente afuera, los 37 clasificados y los siete que faltan<\/h3>\n<\/p>\n<\/section>\n<\/div>\n<div id=\"element-body-10\" class=\"sc-a7166897-0 eoLsBE\" readability=\"31\">\n<section readability=\"2\"><picture><img alt=\"C\u00f3mo sigue la Messi Cup: se define la final entre River y Atl\u00e9tico Madrid\" loading=\"lazy\" width=\"290\" height=\"290\" decoding=\"async\" data-nimg=\"1\" src=\"http:\/\/hoycordobaweb.com\/wp-content\/uploads\/2025\/12\/el-jugador-de-river-que-finaliza-su-prestamo-y-podria-volver-a-ser-cedido-al-mismo-club-4.jpg\"><\/picture>\n<p><span>Mir\u00e1 tambi\u00e9n<\/span><\/p>\n<hr>\n<h3>C\u00f3mo sigue la Messi Cup: se define la final entre River y Atl\u00e9tico Madrid<\/h3>\n<\/p>\n<\/section>\n<\/div>\n<div id=\"element-body-11\" class=\"sc-a7166897-0 eoLsBE\" readability=\"31\">\n<section readability=\"2\"><picture><img alt=\"\u00bfQui\u00e9n nueve? El problema del ataque que River a\u00fan no resuelve&nbsp;en&nbsp;el&nbsp;mercado\" loading=\"lazy\" width=\"290\" height=\"290\" decoding=\"async\" data-nimg=\"1\" src=\"http:\/\/hoycordobaweb.com\/wp-content\/uploads\/2025\/12\/el-jugador-de-river-que-finaliza-su-prestamo-y-podria-volver-a-ser-cedido-al-mismo-club-5.jpg\"><\/picture>\n<p><span>Mir\u00e1 tambi\u00e9n<\/span><\/p>\n<hr>\n<h3>\u00bfQui\u00e9n nueve? El problema del ataque que River a\u00fan no resuelve&nbsp;en&nbsp;el&nbsp;mercado<\/h3>\n<\/p>\n<\/section>\n<\/div>\n<div id=\"element-body-12\" class=\"sc-a7166897-0 eoLsBE\" readability=\"31\">\n<section readability=\"2\"><picture><img alt=\"Los pibes de River a la final de la Messi Cup: triunfazo vs. Chelsea\" loading=\"lazy\" width=\"290\" height=\"290\" decoding=\"async\" data-nimg=\"1\" src=\"http:\/\/hoycordobaweb.com\/wp-content\/uploads\/2025\/12\/el-jugador-de-river-que-finaliza-su-prestamo-y-podria-volver-a-ser-cedido-al-mismo-club-6.jpg\"><\/picture>\n<p><span>Mir\u00e1 tambi\u00e9n<\/span><\/p>\n<hr>\n<h3>Los pibes de River a la final de la Messi Cup: triunfazo vs. Chelsea<\/h3>\n<\/p>\n<\/section>\n<\/div>\n<\/div>\n","protected":false},"excerpt":{"rendered":"<p>14\/12\/2025 13:21hs. Se fue a pr\u00e9stamo a principios de este 2025 para sumar sus primeros minutos en Primera. Tuvo un arranque furioso de a\u00f1o, con tres goles en las dos fechas iniciales del Apertura. Se ilusion\u00f3 con poder mostrar toda su capacidad goleadora que hab\u00eda mostrado en la Reserva de River, pero un par de [&hellip;]<\/p>\n","protected":false},"author":1,"featured_media":125280,"comment_status":"open","ping_status":"closed","sticky":false,"template":"","format":"standard","meta":[],"categories":[16],"tags":[],"_links":{"self":[{"href":"http:\/\/hoycordobaweb.com\/index.php\/wp-json\/wp\/v2\/posts\/125279"}],"collection":[{"href":"http:\/\/hoycordobaweb.com\/index.php\/wp-json\/wp\/v2\/posts"}],"about":[{"href":"http:\/\/hoycordobaweb.com\/index.php\/wp-json\/wp\/v2\/types\/post"}],"author":[{"embeddable":true,"href":"http:\/\/hoycordobaweb.com\/index.php\/wp-json\/wp\/v2\/users\/1"}],"replies":[{"embeddable":true,"href":"http:\/\/hoycordobaweb.com\/index.php\/wp-json\/wp\/v2\/comments?post=125279"}],"version-history":[{"count":0,"href":"http:\/\/hoycordobaweb.com\/index.php\/wp-json\/wp\/v2\/posts\/125279\/revisions"}],"wp:featuredmedia":[{"embeddable":true,"href":"http:\/\/hoycordobaweb.com\/index.php\/wp-json\/wp\/v2\/media\/125280"}],"wp:attachment":[{"href":"http:\/\/hoycordobaweb.com\/index.php\/wp-json\/wp\/v2\/media?parent=125279"}],"wp:term":[{"taxonomy":"category","embeddable":true,"href":"http:\/\/hoycordobaweb.com\/index.php\/wp-json\/wp\/v2\/categories?post=125279"},{"taxonomy":"post_tag","embeddable":true,"href":"http:\/\/hoycordobaweb.com\/index.php\/wp-json\/wp\/v2\/tags?post=125279"}],"curies":[{"name":"wp","href":"https:\/\/api.w.org\/{rel}","templated":true}]}}