{"id":125275,"date":"2025-12-14T16:45:09","date_gmt":"2025-12-14T16:45:09","guid":{"rendered":"https:\/\/www.ole.com.ar\/estudiantes\/estudiantes-juan-sebastian-veron-eduardo-dominguez_0_ah1SLZmLDY.html"},"modified":"2025-12-14T16:45:09","modified_gmt":"2025-12-14T16:45:09","slug":"que-respondio-sebastian-veron-cuando-le-preguntaron-por-la-continuidad-de-eduardo-dominguez","status":"publish","type":"post","link":"http:\/\/hoycordobaweb.com\/index.php\/2025\/12\/14\/que-respondio-sebastian-veron-cuando-le-preguntaron-por-la-continuidad-de-eduardo-dominguez\/","title":{"rendered":"Qu\u00e9 respondi\u00f3 Sebasti\u00e1n Ver\u00f3n cuando le preguntaron por la continuidad de Eduardo Dom\u00ednguez"},"content":{"rendered":"<p><img src=\"http:\/\/hoycordobaweb.com\/wp-content\/uploads\/2025\/12\/que-respondio-sebastian-veron-cuando-le-preguntaron-por-la-continuidad-de-eduardo-dominguez.jpg\"><\/p>\n<p><time class=\"createDate\" datetime=\"2025-12-14T13:45:09-03:00\">14\/12\/2025 13:45hs.<\/time><\/p>\n<div id=\"storyBody\">\n<div id=\"element-body-0\" class=\"sc-136cd478-0 ekTCfV\" readability=\"32.864864864865\">\n<p>Con la victoria que consigui\u00f3 ante <strong><a href=\"https:\/\/www.ole.com.ar\/tema\/racing.html\" title=\"Racing\" alt=\"Racing\" class=\"slug\">Racing<\/a> <\/strong>en la final del Torneo Clausura, <strong><a href=\"https:\/\/www.ole.com.ar\/tema\/eduardo-dominguez.html\" title=\"Eduardo Dom\u00ednguez\" alt=\"Eduardo Dom\u00ednguez\" class=\"slug\">Eduardo Dom\u00ednguez<\/a> <\/strong>conquist\u00f3 su cuarto t\u00edtulo como entrenador de <strong><a href=\"https:\/\/www.ole.com.ar\/tema\/estudiantes-de-la-plata.html\" title=\"Estudiantes de La Plata\" alt=\"Estudiantes de La Plata\" class=\"slug\">Estudiantes<\/a><\/strong>. Aunque tiene la mira puesta en el Trofeo de Campeones que tendr\u00e1 que definir frente a <strong><a href=\"https:\/\/www.ole.com.ar\/tema\/platense.html\" title=\"Platense\" alt=\"Platense\" class=\"slug\">Platense<\/a><\/strong>, su v\u00ednculo contractual con el club llega a su fin este mismo diciembre. Por lo tanto, <strong><a href=\"https:\/\/www.ole.com.ar\/tema\/juan-sebastian-veron.html\" title=\"Juan Sebasti\u00e1n Ver\u00f3n\" alt=\"Juan Sebasti\u00e1n Ver\u00f3n\" class=\"slug\">Juan Sebasti\u00e1n Ver\u00f3n<\/a><\/strong> no le escap\u00f3 a la pregunta del momento y confes\u00f3 que le gustar\u00eda renovarle el contrato de cara a la temporada 2026.<\/p>\n<\/div>\n<div id=\"element-body-1\" class=\"sc-136cd478-0 ekTCfV\" readability=\"36\">\n<p>\u00bb <strong>Ojal\u00e1 sea con Eduardo a la cabeza<\/strong>\u00ab, reconoci\u00f3 el presidente del Pincha en TyC Sports. De todos modos, segundos antes aclar\u00f3: \u00bb <strong>Nos tenemos que dar el espacio y el tiempo para poder hablar y planificar<\/strong>\u00ab. <\/p>\n<\/div>\n<div id=\"element-body-2\" class=\"sc-3c5a76cc-1 idjLTd\">\n<div class=\"sc-e8b2828-0 fBmEJc\" type=\"embed\">\n<div class=\"sc-e8b2828-1 iPLbWT videoText\" id=\"contentTitleembed2wj8uLZG\" type=\"embed\" readability=\"56\"><svg fill=\"#ffffff\"><symbol id=\"play\" viewBox=\"0 0 512 512\"><path d=\"M512 256C512 397.4 397.4 512 256 512C114.6 512 0 397.4 0 256C0 114.6 114.6 0 256 0C397.4 0 512 114.6 512 256zM176 168V344C176 352.7 180.7 360.7 188.3 364.9C195.8 369.2 205.1 369 212.5 364.5L356.5 276.5C363.6 272.1 368 264.4 368 256C368 247.6 363.6 239.9 356.5 235.5L212.5 147.5C205.1 142.1 195.8 142.8 188.3 147.1C180.7 151.3 176 159.3 176 168V168z\" \/><\/symbol><use xlink:href=\"#play\" \/><\/svg><\/p>\n<div class=\"right\" readability=\"7\">\n<p>Juan Sebati\u00e1n Ver\u00f3n<!-- --> &#8211; <span>&nbsp;<\/span><\/p>\n<h2 class=\"title-vid\">Sebasti\u00e1n Ver\u00f3n habl\u00f3 sobre la hipot\u00e9tica renovaci\u00f3n de Eduardo Dom\u00ednguez<\/h2>\n<\/div>\n<\/div>\n<p><span class=\"back\" id=\"spanBackembed2wj8uLZG\"><\/span><\/div>\n<div class=\"JWvideoNota_title\">\n<p>Video: TyC Sports<\/p>\n<\/div>\n<\/div>\n<div id=\"element-body-3\" class=\"sc-136cd478-0 ekTCfV\" readability=\"37\">\n<p>Teniendo en cuenta que haber salido campeones del certamen dom\u00e9stico los clasific\u00f3 directamente a la pr\u00f3xima Copa Libertadores, la m\u00e1xima autoridad de la instituci\u00f3n recalc\u00f3 que ser\u00e1 indispensable organizarse con el t\u00e9cnico en caso de acordar su continuidad. \u00bb <strong>Tenemos que saber que por delante tenemos objetivos nuevos que van a ser m\u00e1s complejos<\/strong>\u00ab, solt\u00f3.<\/p>\n<\/div>\n<div id=\"element-body-4\" class=\"sc-136cd478-0 ekTCfV\" readability=\"36\">\n<p>A pesar de que el plantel no mostr\u00f3 un gran rendimiento durante la vigente temporada (e incluso clasific\u00f3 a los playoffs gracias a otros resultados que se dieron en la fecha 16) haber sumado una nueva estrella hizo que pensar en una extensi\u00f3n de contrato sea posible. A su vez, el abrazo que se dieron la Brujita y el DT en la cancha descomprimi\u00f3 los rumores que los situaban enemistados. <\/p>\n<\/div>\n<div id=\"element-body-5\" class=\"sc-3c5a76cc-1 idjLTd\" readability=\"31.5\">\n<div class=\"sc-e8b2828-0 fBmEJc\" type=\"embed\">\n<div class=\"sc-e8b2828-1 iPLbWT videoText\" id=\"contentTitleembedGnYHJdMb\" type=\"embed\" readability=\"56\"><svg fill=\"#ffffff\"><symbol id=\"play\" viewBox=\"0 0 512 512\"><path d=\"M512 256C512 397.4 397.4 512 256 512C114.6 512 0 397.4 0 256C0 114.6 114.6 0 256 0C397.4 0 512 114.6 512 256zM176 168V344C176 352.7 180.7 360.7 188.3 364.9C195.8 369.2 205.1 369 212.5 364.5L356.5 276.5C363.6 272.1 368 264.4 368 256C368 247.6 363.6 239.9 356.5 235.5L212.5 147.5C205.1 142.1 195.8 142.8 188.3 147.1C180.7 151.3 176 159.3 176 168V168z\" \/><\/symbol><use xlink:href=\"#play\" \/><\/svg><\/p>\n<div class=\"right\" readability=\"7\">\n<p>Estudiantes de La Plata<!-- --> &#8211; <span>&nbsp;<\/span><\/p>\n<h2 class=\"title-vid\">Eduardo Dom\u00ednguez, el DT tetracampe\u00f3n en Estudiantes<\/h2>\n<\/div>\n<\/div>\n<p><span class=\"back\" id=\"spanBackembedGnYHJdMb\"><\/span><\/div>\n<div class=\"JWvideoNota_title\" readability=\"8\">\n<p>Video: Lucas Bendayan, enviado especial de Ol\u00e9.<\/p>\n<\/div>\n<\/div>\n<p><h2>Eduardo Dom\u00ednguez est\u00e1 a un partido de ser campe\u00f3n dos veces en una semana con Estudiantes<\/h2>\n<\/p>\n<div id=\"element-body-7\" class=\"sc-136cd478-0 ekTCfV\" readability=\"36\">\n<p>Haber ganado el Clausura le da a <strong>Eduardo Dom\u00ednguez <\/strong>la posibilidad de disputar el Trofeo de Campeones contra <strong>Platense<\/strong>. Por lo tanto, en caso de hacerse fuerte frente al Calamar en San Nicol\u00e1s, el entrenador ser\u00e1 campe\u00f3n dos veces en <strong>Estudiantes <\/strong>con una semana de diferencia.<\/p>\n<\/div>\n<div class=\"sc-e7b891c4-0 ifHnQL image-embed\" id=\"element-body-8\"><img alt=\"Eduardo Dom\u00ednguez, campe\u00f3n con Estudiantes. (REUTER)\" loading=\"lazy\" width=\"720\" height=\"100\" decoding=\"async\" data-nimg=\"1\" src=\"http:\/\/hoycordobaweb.com\/wp-content\/uploads\/2025\/12\/que-respondio-sebastian-veron-cuando-le-preguntaron-por-la-continuidad-de-eduardo-dominguez-2.jpg\"><span class=\"epigraphe\">Eduardo Dom\u00ednguez, campe\u00f3n con Estudiantes. (REUTER)<\/span><\/div>\n<p><h2>Los n\u00fameros de Eduardo Dom\u00ednguez en Estudiantes<\/h2>\n<\/p>\n<div id=\"element-body-10\" class=\"sc-136cd478-0 ekTCfV\" readability=\"36\">\n<p>Con 1.013 d\u00edas en el cargo, <strong>Eduardo Dom\u00ednguez<\/strong> (que asumi\u00f3 en marzo de 2023) dirigi\u00f3 <strong>156 partidos<\/strong> en <strong>Estudiantes<\/strong>. Hasta el momento, gan\u00f3 70, empat\u00f3 41 y perdi\u00f3 los 45 restantes. <\/p>\n<\/div>\n<div id=\"element-body-11\" class=\"sc-136cd478-0 ekTCfV\" readability=\"38\">\n<p>Desde su llegada, conquist\u00f3 cuatro t\u00edtulos: Copa Argentina 2023, Copa de la Liga 2024, Trofeo de Campeones 2024 y Torneo Clausura 2025. No obstante, esta cifra puede extenderse si le gana a <strong>Platense <\/strong>el Trofeo de Campeones 2025.<\/p>\n<\/div>\n<div class=\"sc-e7b891c4-0 ifHnQL image-embed\" id=\"element-body-12\"><img alt=\"Eduardo Dom\u00ednguez en Estudiantes. (REUTER)\" loading=\"lazy\" width=\"720\" height=\"100\" decoding=\"async\" data-nimg=\"1\" src=\"http:\/\/hoycordobaweb.com\/wp-content\/uploads\/2025\/12\/que-respondio-sebastian-veron-cuando-le-preguntaron-por-la-continuidad-de-eduardo-dominguez-3.jpg\"><span class=\"epigraphe\">Eduardo Dom\u00ednguez en Estudiantes. (REUTER)<\/span><\/div>\n<p><h2>\u00bfCu\u00e1ndo se juega la final del Trofeo de Campeones entre Platense y Estudiantes?<\/h2>\n<\/p>\n<div id=\"element-body-14\" class=\"sc-136cd478-0 ekTCfV\" readability=\"35\">\n<p>El Trofeo de Campeones 2025 lo disputar\u00e1n <strong>Platense <\/strong>(que fue el ganador del Apertura) y <strong>Estudiantes <\/strong>(que hizo lo propio en el Clausura) el pr\u00f3ximo <strong>s\u00e1bado 20 de diciembre<\/strong> en el Estadio \u00danico de San Nicol\u00e1s. Hasta el momento, la AFA no confirm\u00f3 el horario para dicho encuentro.<\/p>\n<\/div>\n<div id=\"element-body-15\" class=\"sc-a7166897-0 eoLsBE\" readability=\"31.5\">\n<section readability=\"3\"><picture><img alt=\"Sebasti\u00e1n Ver\u00f3n cit\u00f3 a Alejandro Sabella tras conquistar el Clausura con Estudiantes\" loading=\"lazy\" width=\"290\" height=\"290\" decoding=\"async\" data-nimg=\"1\" src=\"http:\/\/hoycordobaweb.com\/wp-content\/uploads\/2025\/12\/que-respondio-sebastian-veron-cuando-le-preguntaron-por-la-continuidad-de-eduardo-dominguez-4.jpg\"><\/picture>\n<p><span>Mir\u00e1 tambi\u00e9n<\/span><\/p>\n<hr>\n<h3>Sebasti\u00e1n Ver\u00f3n cit\u00f3 a Alejandro Sabella tras conquistar el Clausura con Estudiantes<\/h3>\n<\/p>\n<\/section>\n<\/div>\n<div id=\"element-body-16\" class=\"sc-a7166897-0 eoLsBE\" readability=\"32\">\n<section readability=\"4\"><picture><img alt=\"&quot;Es un pelotudo&quot;, la reacci\u00f3n de Costas ante la falta de Rojas que deriv\u00f3 en el 1-1 de Carrillo\" loading=\"lazy\" width=\"290\" height=\"290\" decoding=\"async\" data-nimg=\"1\" src=\"http:\/\/hoycordobaweb.com\/wp-content\/uploads\/2025\/12\/que-respondio-sebastian-veron-cuando-le-preguntaron-por-la-continuidad-de-eduardo-dominguez-5.jpg\"><\/picture>\n<p><span>Mir\u00e1 tambi\u00e9n<\/span><\/p>\n<hr>\n<h3>\u00abEs un pelotudo\u00bb, la reacci\u00f3n de Costas ante la falta de Rojas que deriv\u00f3 en el 1-1 de Carrillo<\/h3>\n<\/p>\n<\/section>\n<\/div>\n<div id=\"element-body-17\" class=\"sc-a7166897-0 eoLsBE\" readability=\"31.5\">\n<section readability=\"3\"><picture><img alt=\"El entramado de Dom\u00ednguez campe\u00f3n: de estar afuera y cruzarse con la dirigencia a su cuarto t\u00edtulo \" loading=\"lazy\" width=\"290\" height=\"290\" decoding=\"async\" data-nimg=\"1\" src=\"http:\/\/hoycordobaweb.com\/wp-content\/uploads\/2025\/12\/que-respondio-sebastian-veron-cuando-le-preguntaron-por-la-continuidad-de-eduardo-dominguez-6.jpg\"><\/picture>\n<p><span>Mir\u00e1 tambi\u00e9n<\/span><\/p>\n<hr>\n<h3>El entramado de Dom\u00ednguez campe\u00f3n: de estar afuera y cruzarse con la dirigencia a su cuarto t\u00edtulo <\/h3>\n<\/p>\n<\/section>\n<\/div>\n<\/div>\n","protected":false},"excerpt":{"rendered":"<p>14\/12\/2025 13:45hs. Con la victoria que consigui\u00f3 ante Racing en la final del Torneo Clausura, Eduardo Dom\u00ednguez conquist\u00f3 su cuarto t\u00edtulo como entrenador de Estudiantes. Aunque tiene la mira puesta en el Trofeo de Campeones que tendr\u00e1 que definir frente a Platense, su v\u00ednculo contractual con el club llega a su fin este mismo diciembre. [&hellip;]<\/p>\n","protected":false},"author":1,"featured_media":125276,"comment_status":"open","ping_status":"closed","sticky":false,"template":"","format":"standard","meta":[],"categories":[16],"tags":[],"_links":{"self":[{"href":"http:\/\/hoycordobaweb.com\/index.php\/wp-json\/wp\/v2\/posts\/125275"}],"collection":[{"href":"http:\/\/hoycordobaweb.com\/index.php\/wp-json\/wp\/v2\/posts"}],"about":[{"href":"http:\/\/hoycordobaweb.com\/index.php\/wp-json\/wp\/v2\/types\/post"}],"author":[{"embeddable":true,"href":"http:\/\/hoycordobaweb.com\/index.php\/wp-json\/wp\/v2\/users\/1"}],"replies":[{"embeddable":true,"href":"http:\/\/hoycordobaweb.com\/index.php\/wp-json\/wp\/v2\/comments?post=125275"}],"version-history":[{"count":0,"href":"http:\/\/hoycordobaweb.com\/index.php\/wp-json\/wp\/v2\/posts\/125275\/revisions"}],"wp:featuredmedia":[{"embeddable":true,"href":"http:\/\/hoycordobaweb.com\/index.php\/wp-json\/wp\/v2\/media\/125276"}],"wp:attachment":[{"href":"http:\/\/hoycordobaweb.com\/index.php\/wp-json\/wp\/v2\/media?parent=125275"}],"wp:term":[{"taxonomy":"category","embeddable":true,"href":"http:\/\/hoycordobaweb.com\/index.php\/wp-json\/wp\/v2\/categories?post=125275"},{"taxonomy":"post_tag","embeddable":true,"href":"http:\/\/hoycordobaweb.com\/index.php\/wp-json\/wp\/v2\/tags?post=125275"}],"curies":[{"name":"wp","href":"https:\/\/api.w.org\/{rel}","templated":true}]}}