{"id":125273,"date":"2025-12-14T16:52:18","date_gmt":"2025-12-14T16:52:18","guid":{"rendered":"https:\/\/www.ole.com.ar\/racing\/racing-estudiantes-clausura_0_4yeckm9xSw.html"},"modified":"2025-12-14T16:52:18","modified_gmt":"2025-12-14T16:52:18","slug":"del-quede-en-deuda-de-costas-a-lo-que-viene-en-racing-el-futuro-del-dt-los-refuerzos-y-las-salidas","status":"publish","type":"post","link":"http:\/\/hoycordobaweb.com\/index.php\/2025\/12\/14\/del-quede-en-deuda-de-costas-a-lo-que-viene-en-racing-el-futuro-del-dt-los-refuerzos-y-las-salidas\/","title":{"rendered":"Del \u00abqued\u00e9 en deuda\u00bb de Costas a lo que viene en Racing: el futuro del DT, los refuerzos y las salidas"},"content":{"rendered":"<p><img src=\"http:\/\/hoycordobaweb.com\/wp-content\/uploads\/2025\/12\/del-quede-en-deuda-de-costas-a-lo-que-viene-en-racing-el-futuro-del-dt-los-refuerzos-y-las-salidas.jpg\"><\/p>\n<p><time class=\"createDate\" datetime=\"2025-12-14T13:52:18-03:00\">14\/12\/2025 13:52hs.<\/time><\/p>\n<div id=\"storyBody\">\n<div id=\"element-body-0\" class=\"sc-136cd478-0 ekTCfV\" readability=\"41.577092511013\">\n<p>El silencio del dolor, el m\u00e1s profundo, esta vez gobern\u00f3 a ese grupo de jugadores tan acostumbrados a festejar, a sonre\u00edr, a cantar, a abrazarse. La derrota contra <strong><a href=\"https:\/\/www.ole.com.ar\/tema\/estudiantes-de-la-plata.html\" title=\"Estudiantes de La Plata\" alt=\"Estudiantes de La Plata\" class=\"slug\">Estudiantes<\/a><\/strong>, en la final del Torneo <strong> <a href=\"https:\/\/www.ole.com.ar\/tema\/clausura-2025.html\" title=\"Clausura 2025\" alt=\"Clausura 2025\" class=\"slug\">Clausura<\/a><\/strong>, <strong>fue un mazazo a la ilusi\u00f3n de <a href=\"https:\/\/www.ole.com.ar\/tema\/racing.html\" title=\"Racing\" alt=\"Racing\" class=\"slug\">Racing<\/a>, que buscaba terminar el a\u00f1o con un segundo t\u00edtulo (tras conquistar la Recopa), clasificarse a la Libertadores 2026 y jugar el Trofeo de Campeones<\/strong>. \u00bfY ahora qu\u00e9? \u00bfC\u00f3mo sigue la vida de la Academia?<\/p>\n<\/div>\n<div id=\"element-body-1\" class=\"sc-136cd478-0 ekTCfV\" readability=\"37\">\n<p><strong>Luego de regresar a Buenos Aires a las 5.30 de la madrugada de este domingo, en un vuelo triste, los 33 futbolistas que viajaron a Santiago del Estero<\/strong> (todo el plantel) salieron licenciados, aun sin confirmaci\u00f3n sobre la fecha de retorno a los entrenamientos para el comienzo de la pretemporada.<\/p>\n<\/div>\n<div id=\"element-body-2\" class=\"sc-136cd478-0 ekTCfV\" readability=\"36\">\n<p>Como primer compromiso a cumplir, en la agenda de Racing aparece u <strong>na reuni\u00f3n pendiente con Gustavo Costas por la renovaci\u00f3n de su contrato<\/strong>. Desde hace tiempo la dirigencia le ofreci\u00f3 continuar hasta fin de 2026 y <strong> el DT respondi\u00f3 que se sentar\u00eda a conversar una vez que el equipo dejada de competir.<\/strong><\/p>\n<\/div>\n<div class=\"sc-e7b891c4-0 ifHnQL image-embed\" id=\"element-body-3\"><img alt=\"Costas celebr\u00f3 el golazo de Maravilla y se derrumb\u00f3 en el empate. Foto: Fernando de la Orden CLARIN\" loading=\"lazy\" width=\"720\" height=\"100\" decoding=\"async\" data-nimg=\"1\" src=\"http:\/\/hoycordobaweb.com\/wp-content\/uploads\/2025\/12\/del-quede-en-deuda-de-costas-a-lo-que-viene-en-racing-el-futuro-del-dt-los-refuerzos-y-las-salidas-2.jpg\"><span class=\"epigraphe\">Costas celebr\u00f3 el golazo de Maravilla y se derrumb\u00f3 en el empate. Foto: Fernando de la Orden CLARIN<\/span><\/div>\n<div id=\"element-body-4\" class=\"sc-136cd478-0 ekTCfV\" readability=\"43\">\n<p>Es un hecho que el DT permanecer\u00e1 en la Academia. Sin ir m\u00e1s lejos, hace algunas semanas, el entrenador cont\u00f3 p\u00fablicamente que Federico, su hijo y preparador f\u00edsico, <strong> hab\u00eda empezado a diagramar la pretemporada, que posiblemente se realice nuevamente en el CIDE,<\/strong> Complejo Internacional de Ciudad del Este, Paraguay, donde el plantel ya trabaj\u00f3 en varias oportunidades.<\/p>\n<\/div>\n<div id=\"element-body-5\" class=\"sc-136cd478-0 ekTCfV\" readability=\"41\">\n<p>De todos modos, se estableci\u00f3 que <strong>el t\u00e9cnico primero se juntar\u00e1 con los dirigentes para comenzar a hablar sobre la conformaci\u00f3n del plantel para 2026<\/strong>, con refuerzos, salidas y lista de nombres prescindibles. Tras ello, seguir\u00e1 un encuentro entre Costas y Diego Cifarelli, tesorero, con el objetivo de acordar los n\u00fameros del nuevo v\u00ednculo.<\/p>\n<\/div>\n<div class=\"sc-e7b891c4-0 ifHnQL image-embed\" id=\"element-body-6\"><img alt=\"Al DT se lo vio abatido en la conferencia de prensa. Foto: Fernando de la Orden \/ CLARIN\" loading=\"lazy\" width=\"720\" height=\"100\" decoding=\"async\" data-nimg=\"1\" src=\"http:\/\/hoycordobaweb.com\/wp-content\/uploads\/2025\/12\/del-quede-en-deuda-de-costas-a-lo-que-viene-en-racing-el-futuro-del-dt-los-refuerzos-y-las-salidas-3.jpg\"><span class=\"epigraphe\">Al DT se lo vio abatido en la conferencia de prensa. Foto: Fernando de la Orden \/ CLARIN<\/span><\/div>\n<p><h2>Los dos jugadores que se fueron de Racing<\/h2>\n<\/p>\n<div id=\"element-body-8\" class=\"sc-136cd478-0 ekTCfV\" readability=\"41\">\n<p>Como certezas, en el rubro egresos, <strong>Gabriel Arias y Facundo Mura afrontaron este s\u00e1bado su \u00faltimo partido con Racing porque sus convenios caducan a fin de mes y tomaron la decisi\u00f3n de no extenderlos<\/strong>. El defensor est\u00e1 a detalles de concretar su arribo al Inter Miami de Lionel Messi con un contrato por tres a\u00f1os, mientras que el horizonte del arquero no est\u00e1 claro: lo quieren, entre otros, Defensa y Justicia, Argentinos Juniors y otros del exterior.<\/p>\n<\/div>\n<div id=\"element-body-9\" class=\"sc-136cd478-0 ekTCfV\" readability=\"33.361256544503\">\n<p><strong>A su vez, seguir\u00eda los pasos de estos jugadores <a href=\"https:\/\/www.ole.com.ar\/tema\/luciano-vietto.html\" title=\"Luciano Vietto\" alt=\"Luciano Vietto\" class=\"slug\">Luciano Vietto<\/a>.<\/strong> Es otro al que se le termina el contrato y, al menos hasta ahora, su representante no recibi\u00f3 oferta alguna para prolongarlo.<\/p>\n<\/div>\n<div id=\"element-body-10\" class=\"sc-136cd478-0 ekTCfV\" readability=\"39\">\n<p> Adem\u00e1s, muy probablemente Racing <strong>les buscar\u00e1 una salida a jugadores que quedaron muy relegados, como por ejemplo Santiago Quir\u00f3s y Mart\u00edn Barrios<\/strong>. Con relaci\u00f3n a transferencias, la dirigencia est\u00e1 dispuesta vender a alg\u00fan jugador para equilibrar las finanzas, con la premisa de no desamar la base del plantel.<\/p>\n<\/div>\n<p><h2>Racing se qued\u00f3 afuera de la Libertadores<\/h2>\n<\/p>\n<div id=\"element-body-12\" class=\"sc-136cd478-0 ekTCfV\" readability=\"39\">\n<p>Saben en Racing, claro, que no haber clasificado a la Libertadores puede tener un impacto <strong>en el mercado porque esta Copa siempre es un elemento de atracci\u00f3n para jugadores en los mercado de pases. <\/strong>Y tambi\u00e9n, no participar de este torneo internacional puede dificultar la tarea de retener a los jugadores m\u00e1s importantes del equipo, que pueden ejercer presi\u00f3n en caso de buenas ofertas.<\/p>\n<\/div>\n<div id=\"element-body-13\" class=\"sc-136cd478-0 ekTCfV\" readability=\"35\">\n<p><strong>\u00abMerecimos algo m\u00e1s en este a\u00f1o. Yo dije que no ven\u00eda a competir, sino a ganar. Qued\u00e9 en deuda\u00bb<\/strong>, se lament\u00f3 Gustavo Costas en la conferencia de prensa que brind\u00f3 en Santiago del Estero.<\/p>\n<\/div>\n<div id=\"element-body-14\" class=\"sc-136cd478-0 ekTCfV\" readability=\"40\">\n<p>Racing fue un equipo muy competitivo, lleg\u00f3 a la semi de la Libertadores y a la final del campeonato, tras eliminar a Boca y River. <strong>Se qued\u00f3 a las puertas de la gran fiesta en estos dos torneos, pero lleg\u00f3 muy lejos y con la chapa de ser, de m\u00ednimo<\/strong>, uno de los equipos m\u00e1s respetados en el f\u00fatbol argentino.<\/p>\n<\/div>\n<div id=\"element-body-16\" class=\"sc-a7166897-0 eoLsBE\" readability=\"31.5\">\n<section readability=\"3\"><picture><img alt=\"El club internacional que felicit\u00f3 a Fernando Muslera tras consagrarse con Estudiantes \" loading=\"lazy\" width=\"290\" height=\"290\" decoding=\"async\" data-nimg=\"1\" src=\"http:\/\/hoycordobaweb.com\/wp-content\/uploads\/2025\/12\/del-quede-en-deuda-de-costas-a-lo-que-viene-en-racing-el-futuro-del-dt-los-refuerzos-y-las-salidas-4.jpg\"><\/picture>\n<p><span>Mir\u00e1 tambi\u00e9n<\/span><\/p>\n<hr>\n<h3>El club internacional que felicit\u00f3 a Fernando Muslera tras consagrarse con Estudiantes <\/h3>\n<\/p>\n<\/section>\n<\/div>\n<div id=\"element-body-17\" class=\"sc-a7166897-0 eoLsBE\" readability=\"31.5\">\n<section readability=\"3\"><picture><img alt=\"Sebasti\u00e1n Ver\u00f3n cit\u00f3 a Alejandro Sabella tras conquistar el Clausura con Estudiantes\" loading=\"lazy\" width=\"290\" height=\"290\" decoding=\"async\" data-nimg=\"1\" src=\"http:\/\/hoycordobaweb.com\/wp-content\/uploads\/2025\/12\/del-quede-en-deuda-de-costas-a-lo-que-viene-en-racing-el-futuro-del-dt-los-refuerzos-y-las-salidas-5.jpg\"><\/picture>\n<p><span>Mir\u00e1 tambi\u00e9n<\/span><\/p>\n<hr>\n<h3>Sebasti\u00e1n Ver\u00f3n cit\u00f3 a Alejandro Sabella tras conquistar el Clausura con Estudiantes<\/h3>\n<\/p>\n<\/section>\n<\/div>\n<div id=\"element-body-18\" class=\"sc-a7166897-0 eoLsBE\" readability=\"32\">\n<section readability=\"4\"><picture><img alt=\"&quot;Es un pelotudo&quot;, la reacci\u00f3n de Costas ante la falta de Rojas que deriv\u00f3 en el 1-1 de Carrillo\" loading=\"lazy\" width=\"290\" height=\"290\" decoding=\"async\" data-nimg=\"1\" src=\"http:\/\/hoycordobaweb.com\/wp-content\/uploads\/2025\/12\/del-quede-en-deuda-de-costas-a-lo-que-viene-en-racing-el-futuro-del-dt-los-refuerzos-y-las-salidas-6.jpg\"><\/picture>\n<p><span>Mir\u00e1 tambi\u00e9n<\/span><\/p>\n<hr>\n<h3>\u00abEs un pelotudo\u00bb, la reacci\u00f3n de Costas ante la falta de Rojas que deriv\u00f3 en el 1-1 de Carrillo<\/h3>\n<\/p>\n<\/section>\n<\/div>\n<div id=\"element-body-19\" class=\"sc-a7166897-0 eoLsBE\" readability=\"31\">\n<section readability=\"2\"><picture><img alt=\"As\u00ed cubri\u00f3 el mundo la consagraci\u00f3n de Estudiantes en el Torneo Clausura\" loading=\"lazy\" width=\"290\" height=\"290\" decoding=\"async\" data-nimg=\"1\" src=\"http:\/\/hoycordobaweb.com\/wp-content\/uploads\/2025\/12\/del-quede-en-deuda-de-costas-a-lo-que-viene-en-racing-el-futuro-del-dt-los-refuerzos-y-las-salidas-7.jpg\"><\/picture>\n<p><span>Mir\u00e1 tambi\u00e9n<\/span><\/p>\n<hr>\n<h3>As\u00ed cubri\u00f3 el mundo la consagraci\u00f3n de Estudiantes en el Torneo Clausura<\/h3>\n<\/p>\n<\/section>\n<\/div>\n<div id=\"element-body-20\" class=\"sc-a7166897-0 eoLsBE\" readability=\"31.5\">\n<section readability=\"3\"><picture><img alt=\"El entramado de Dom\u00ednguez campe\u00f3n: de estar afuera y cruzarse con la dirigencia a su cuarto t\u00edtulo \" loading=\"lazy\" width=\"290\" height=\"290\" decoding=\"async\" data-nimg=\"1\" src=\"http:\/\/hoycordobaweb.com\/wp-content\/uploads\/2025\/12\/del-quede-en-deuda-de-costas-a-lo-que-viene-en-racing-el-futuro-del-dt-los-refuerzos-y-las-salidas-8.jpg\"><\/picture>\n<p><span>Mir\u00e1 tambi\u00e9n<\/span><\/p>\n<hr>\n<h3>El entramado de Dom\u00ednguez campe\u00f3n: de estar afuera y cruzarse con la dirigencia a su cuarto t\u00edtulo <\/h3>\n<\/p>\n<\/section>\n<\/div>\n<\/div>\n","protected":false},"excerpt":{"rendered":"<p>14\/12\/2025 13:52hs. El silencio del dolor, el m\u00e1s profundo, esta vez gobern\u00f3 a ese grupo de jugadores tan acostumbrados a festejar, a sonre\u00edr, a cantar, a abrazarse. La derrota contra Estudiantes, en la final del Torneo Clausura, fue un mazazo a la ilusi\u00f3n de Racing, que buscaba terminar el a\u00f1o con un segundo t\u00edtulo (tras [&hellip;]<\/p>\n","protected":false},"author":1,"featured_media":125274,"comment_status":"open","ping_status":"closed","sticky":false,"template":"","format":"standard","meta":[],"categories":[16],"tags":[],"_links":{"self":[{"href":"http:\/\/hoycordobaweb.com\/index.php\/wp-json\/wp\/v2\/posts\/125273"}],"collection":[{"href":"http:\/\/hoycordobaweb.com\/index.php\/wp-json\/wp\/v2\/posts"}],"about":[{"href":"http:\/\/hoycordobaweb.com\/index.php\/wp-json\/wp\/v2\/types\/post"}],"author":[{"embeddable":true,"href":"http:\/\/hoycordobaweb.com\/index.php\/wp-json\/wp\/v2\/users\/1"}],"replies":[{"embeddable":true,"href":"http:\/\/hoycordobaweb.com\/index.php\/wp-json\/wp\/v2\/comments?post=125273"}],"version-history":[{"count":0,"href":"http:\/\/hoycordobaweb.com\/index.php\/wp-json\/wp\/v2\/posts\/125273\/revisions"}],"wp:featuredmedia":[{"embeddable":true,"href":"http:\/\/hoycordobaweb.com\/index.php\/wp-json\/wp\/v2\/media\/125274"}],"wp:attachment":[{"href":"http:\/\/hoycordobaweb.com\/index.php\/wp-json\/wp\/v2\/media?parent=125273"}],"wp:term":[{"taxonomy":"category","embeddable":true,"href":"http:\/\/hoycordobaweb.com\/index.php\/wp-json\/wp\/v2\/categories?post=125273"},{"taxonomy":"post_tag","embeddable":true,"href":"http:\/\/hoycordobaweb.com\/index.php\/wp-json\/wp\/v2\/tags?post=125273"}],"curies":[{"name":"wp","href":"https:\/\/api.w.org\/{rel}","templated":true}]}}