{"id":125204,"date":"2025-12-14T13:02:01","date_gmt":"2025-12-14T13:02:01","guid":{"rendered":"https:\/\/www.espinof.com\/directores-y-guionistas\/han-solo-no-puede-disparar-primero-razon-que-steven-spielberg-nunca-haria-pelicula-star-wars-george-lucas"},"modified":"2025-12-14T13:02:01","modified_gmt":"2025-12-14T13:02:01","slug":"han-solo-no-puede-disparar-primero-por-la-misma-razon-por-la-que-steven-spielberg-nunca-haria-una-pelicula-de-star-wars-george-lucas","status":"publish","type":"post","link":"http:\/\/hoycordobaweb.com\/index.php\/2025\/12\/14\/han-solo-no-puede-disparar-primero-por-la-misma-razon-por-la-que-steven-spielberg-nunca-haria-una-pelicula-de-star-wars-george-lucas\/","title":{"rendered":"Han Solo no puede disparar primero por la misma raz\u00f3n por la que Steven Spielberg nunca har\u00eda una pel\u00edcula de &#8216;Star Wars&#8217;: George Lucas"},"content":{"rendered":"<p>Han pasado 6 a\u00f1os desde el estreno de &#8216;<a class=\"text-outboundlink\" href=\"https:\/\/www.espinof.com\/criticas\/star-wars-ascenso-skywalker-gran-traca-final-obsesionada-responder-todas-dudas-fans\" data-vars-post-title=\"'Star Wars: El ascenso de Skywalker': una gran traca final obsesionada en responder todas las dudas de los fans\" data-vars-post-url=\"https:\/\/www.espinof.com\/criticas\/star-wars-ascenso-skywalker-gran-traca-final-obsesionada-responder-todas-dudas-fans\">El ascenso de Skywalker<\/a>&#8216;, la \u00faltima pel\u00edcula de&nbsp;<a class=\"text-outboundlink\" href=\"https:\/\/www.espinof.com\/listas\/star-wars-que-orden-conviene-ver-todas-peliculas-series-saga\" data-vars-post-title=\"'Star Wars', en qu\u00e9 orden conviene ver todas las pel\u00edculas y series de la saga\" data-vars-post-url=\"https:\/\/www.espinof.com\/listas\/star-wars-que-orden-conviene-ver-todas-peliculas-series-saga\">la saga Star Wars<\/a>.&nbsp;Puede que parezcan muchos, pero recordemos que pasaron 16 entre &#8216;El retorno del jedi&#8217; y &#8216;La amenaza fantasma&#8217;, y 10 entre &#8216;La venganza de los sith&#8217; y &#8216;El despertar de la fuerza&#8217;. En todo caso, se acerca un nuevo largometraje de &#8216;<strong>Star Wars<\/strong>&#8216; aunque quiz\u00e1 no sea el que esperaban todos los fans: &#8216;<a class=\"text-outboundlink\" href=\"https:\/\/www.espinof.com\/todo-lo-que-sabemos\/the-mandalorian-grogu-fecha-estreno-reparto-trailer-sinopsis-todo-que-sabemos-pelicula-star-wars-pedro-pascal-baby-yoda\" data-vars-post-title=\"'The Mandalorian y Grogu' - fecha de estreno, tr\u00e1iler, reparto y todo lo que sabemos de la pel\u00edcula de Star Wars con Pedro Pascal\" data-vars-post-url=\"https:\/\/www.espinof.com\/todo-lo-que-sabemos\/the-mandalorian-grogu-fecha-estreno-reparto-trailer-sinopsis-todo-que-sabemos-pelicula-star-wars-pedro-pascal-baby-yoda\">The Mandalorian y Grogu<\/a>&#8216;.<\/p>\n<p><!-- BREAK 1 --> <\/p>\n<h2>Ron Howard, la tercera opci\u00f3n de George Lucas<\/h2>\n<p>Mientras tanto, los fans tienen material de sobra con el que pasar el tiempo. Como las numerosas an\u00e9cdotas sobre el creador de la saga, <strong>George Lucas<\/strong>.&nbsp;En una entrevista para&nbsp;<a rel=\"noopener, noreferrer\" href=\"https:\/\/soundcloud.com\/happysadconfused\/ron-howard\"><em>HappySadConfused<\/em><\/a><em>,<\/em> su amigo el tambi\u00e9n cineasta <strong>Ron Howard<\/strong>&nbsp;habl\u00f3 sobre &#8216;Star Wars&#8217; y desvel\u00f3 que Lucas le propuso&nbsp;<strong>dirigir las precuelas<\/strong>. Pero cuenta que lo hizo <strong>despu\u00e9s de que Steven Spielberg y Robert Zemeckis rechazaran el trabajo<\/strong>:<\/p>\n<blockquote readability=\"7\">\n<p>\u00abLo hizo. No quer\u00eda dirigirlas \u00e9l y me dijo que hab\u00eda hablado con Zemeckis y Spielberg. Fui la tercera opci\u00f3n. Y todos le dijimos lo mismo: George, \u00a1deber\u00edas hacerlo t\u00fa!\u00bb<\/p>\n<\/blockquote>\n<div class=\"article-asset-image article-asset-normal article-asset-center\">\n<div class=\"asset-content\">\n<div class=\"caption-img \"> <img class=\"centro_sinmarco\" height=\"1080\" width=\"1920\" loading=\"lazy\" decoding=\"async\" sizes=\"100vw\" fetchpriority=\"high\" srcset=\"http:\/\/hoycordobaweb.com\/wp-content\/uploads\/2025\/12\/han-solo-no-puede-disparar-primero-por-la-misma-razon-por-la-que-steven-spielberg-nunca-haria-una-pelicula-de-star-wars-george-lucas.jpg 450w, http:\/\/hoycordobaweb.com\/wp-content\/uploads\/2025\/12\/han-solo-no-puede-disparar-primero-por-la-misma-razon-por-la-que-steven-spielberg-nunca-haria-una-pelicula-de-star-wars-george-lucas-6.jpg 681w, http:\/\/hoycordobaweb.com\/wp-content\/uploads\/2025\/12\/han-solo-no-puede-disparar-primero-por-la-misma-razon-por-la-que-steven-spielberg-nunca-haria-una-pelicula-de-star-wars-george-lucas-7.jpg 1024w, http:\/\/hoycordobaweb.com\/wp-content\/uploads\/2025\/12\/han-solo-no-puede-disparar-primero-por-la-misma-razon-por-la-que-steven-spielberg-nunca-haria-una-pelicula-de-star-wars-george-lucas-8.jpg 1366w\" src=\"http:\/\/hoycordobaweb.com\/wp-content\/uploads\/2025\/12\/han-solo-no-puede-disparar-primero-por-la-misma-razon-por-la-que-steven-spielberg-nunca-haria-una-pelicula-de-star-wars-george-lucas.jpg\" alt=\"Val Kilmer y Ron Howard en el rodaje de Willow\"> <noscript><img alt=\"Val Kilmer y Ron Howard en el rodaje de Willow\" class=\"centro_sinmarco\" src=\"http:\/\/hoycordobaweb.com\/wp-content\/uploads\/2025\/12\/han-solo-no-puede-disparar-primero-por-la-misma-razon-por-la-que-steven-spielberg-nunca-haria-una-pelicula-de-star-wars-george-lucas.jpg\"><\/noscript> <span>Val Kilmer y Ron Howard en el rodaje de Willow<\/span> <\/div><\/div>\n<\/div>\n<p>Se entiende que detr\u00e1s de ese \u00abno\u00bb se encuentra la imposibilidad de contar con dos capitanes llevando el tim\u00f3n del mismo barco pero, por si acaso, <strong>Ron <\/strong><strong>Howard<\/strong>&nbsp;aclar\u00f3 su decisi\u00f3n. Justific\u00f3 el rechazo a &#8216;Star Wars&#8217; recordando el rodaje de &#8216;<a class=\"text-outboundlink\" href=\"https:\/\/www.espinof.com\/criticas\/cine-en-el-salon-willow-un-heroe-diferente\" data-vars-post-title=\"Cine en el sal\u00f3n: 'Willow', un h\u00e9roe diferente\" data-vars-post-url=\"https:\/\/www.espinof.com\/criticas\/cine-en-el-salon-willow-un-heroe-diferente\">Willow<\/a>&#8216; y afirmando que fue su pel\u00edcula menos personal debido a la imposici\u00f3n de <strong>la visi\u00f3n de<\/strong><strong>&nbsp;<\/strong><strong>George Lucas<\/strong>, <strong>guionista y productor<\/strong> de aquella aventura de fantas\u00eda estrenada en 1988.<\/p>\n<p><!-- BREAK 2 --><\/p>\n<div class=\"article-asset article-asset-normal article-asset-center\">\n<div class=\"desvio-container\">\n<div class=\"desvio\">\n<div class=\"desvio-figure js-desvio-figure\"> <a href=\"https:\/\/www.espinof.com\/divulgacion\/fans-star-wars-odian-ultimos-jedi-mismisimo-george-lucas-se-averguenza-otra-pelicula-saga-estrenada-hace-47-anos\" class=\"pivot-outboundlink\" data-vars-post-title=\"Mientras los fans de 'Star Wars' odian 'Los \u00faltimos jedi', el mism\u00edsimo George Lucas se averg\u00fcenza de otra pel\u00edcula de la saga estrenada hace 47 a\u00f1os \"> <img loading=\"lazy\" alt=\"Mientras los fans de 'Star Wars' odian 'Los \u00faltimos jedi', el mism\u00edsimo George Lucas se averg\u00fcenza de otra pel\u00edcula de la saga estrenada hace 47 a\u00f1os \" width=\"375\" height=\"142\" src=\"http:\/\/hoycordobaweb.com\/wp-content\/uploads\/2025\/12\/han-solo-no-puede-disparar-primero-por-la-misma-razon-por-la-que-steven-spielberg-nunca-haria-una-pelicula-de-star-wars-george-lucas-1.jpg\"> <\/a> <\/div><\/div><\/div>\n<\/div>\n<p>En fin, Ron Howard reconoce que no se sent\u00eda capaz de continuar&nbsp;<strong>&#8216;Star Wars&#8217;<\/strong>: \u00ab<em>Creo que nadie quer\u00eda seguirla en ese momento, ser\u00eda un honor pero demasiado abrumador<\/em>\u00ab. Por supuesto, la cosa cambi\u00f3 cuando Lucas abandon\u00f3 la saga. Despu\u00e9s de la venta de Lucasfilm a Disney, se pusieron en marcha varias pel\u00edculas y <strong>Howard acab\u00f3 dirigiendo el spin-off de Han Solo<\/strong>. Un proyecto que le lleg\u00f3 de rebote <a class=\"text-outboundlink\" href=\"https:\/\/www.espinof.com\/directores-y-guionistas\/han-solo-historia-star-wars-se-rodo-dos-veces-ahora-ron-howard-explica-que-paso-exactamente-terrible-despido-sus-directores-anteriores\" data-vars-post-title=\"La pel\u00edcula de 'Han Solo' se rod\u00f3 dos veces. Ahora Ron Howard explica qu\u00e9 pas\u00f3 en el terrible despido de sus directores anteriores\" data-vars-post-url=\"https:\/\/www.espinof.com\/directores-y-guionistas\/han-solo-historia-star-wars-se-rodo-dos-veces-ahora-ron-howard-explica-que-paso-exactamente-terrible-despido-sus-directores-anteriores\">tras el despido de los directores originales<\/a>.<\/p>\n<p><!-- BREAK 3 --> <\/p>\n<p>Por cierto, el director de la reciente &#8216;<a class=\"text-outboundlink\" href=\"https:\/\/www.espinof.com\/criticas\/he-visto-eden-ron-howard-dos-dias-despues-sigo-comprenderla-desconcierto-fascinacion-malsana\" data-vars-post-title=\"'Ed\u00e9n' es una de las pel\u00edculas m\u00e1s extra\u00f1as que he visto este a\u00f1o. D\u00edas despu\u00e9s, para m\u00ed sigue siendo un misterio qu\u00e9 quer\u00eda hacer Ron Howard aqu\u00ed\" data-vars-post-url=\"https:\/\/www.espinof.com\/criticas\/he-visto-eden-ron-howard-dos-dias-despues-sigo-comprenderla-desconcierto-fascinacion-malsana\">Ed\u00e9n<\/a>&#8216; tambi\u00e9n mencion\u00f3 haber <strong>rechazado<\/strong>&nbsp;<strong>pel\u00edculas de superh\u00e9roes<\/strong>:<\/p>\n<blockquote readability=\"15\">\n<p>\u00abSiento que no deber\u00edas hacer una pel\u00edcula como una especie de ejercicio intelectual. Nunca fui de c\u00f3mics. Me gustan esas pel\u00edculas cuando las veo, especialmente los or\u00edgenes de las historias. Pero nunca sent\u00ed que pudiera estar en un set a las 3 de la ma\u00f1ana, cansado, con diez decisiones importantes que tomar y saber intuitivamente, a un nivel visceral, cu\u00e1les son las necesidades de la historia. Es un tono un poco diferente\u2026 En mi caso, estar\u00eda imitando, no inventando. As\u00ed que nunca dije que s\u00ed a una.\u00bb<\/p>\n<\/blockquote>\n<h2>Jar Jar Binks, el personaje favorito de George Lucas<\/h2>\n<p>Por otro lado,&nbsp;<strong>George Lucas<\/strong>&nbsp;nunca pierde la oportunidad de dejar declaraciones llamativas. Si es que se para a hablar. Lo hizo en una entrevista con <a rel=\"noopener, noreferrer\" href=\"https:\/\/www.vanityfair.com\/hollywood\/2015\/11\/george-lucas-star-wars-jar-jar-binks\">VainityFair<\/a> donde solt\u00f3 que <strong>Jar Jar Binks es su personaje favorito<\/strong>&nbsp;de toda la saga. El personaje m\u00e1s odiado por los fans . \u00bfEstaba de broma? \u00bfQuiso provocar a los <em>haters<\/em>?<\/p>\n<div class=\"article-asset-image article-asset-normal article-asset-center\">\n<div class=\"asset-content\"> <img class=\"centro_sinmarco\" height=\"600\" width=\"1200\" loading=\"lazy\" decoding=\"async\" sizes=\"100vw\" fetchpriority=\"high\" srcset=\"http:\/\/hoycordobaweb.com\/wp-content\/uploads\/2025\/12\/han-solo-no-puede-disparar-primero-por-la-misma-razon-por-la-que-steven-spielberg-nunca-haria-una-pelicula-de-star-wars-george-lucas-2.jpg 450w, http:\/\/hoycordobaweb.com\/wp-content\/uploads\/2025\/12\/han-solo-no-puede-disparar-primero-por-la-misma-razon-por-la-que-steven-spielberg-nunca-haria-una-pelicula-de-star-wars-george-lucas-9.jpg 681w, http:\/\/hoycordobaweb.com\/wp-content\/uploads\/2025\/12\/han-solo-no-puede-disparar-primero-por-la-misma-razon-por-la-que-steven-spielberg-nunca-haria-una-pelicula-de-star-wars-george-lucas-10.jpg 1024w, http:\/\/hoycordobaweb.com\/wp-content\/uploads\/2025\/12\/han-solo-no-puede-disparar-primero-por-la-misma-razon-por-la-que-steven-spielberg-nunca-haria-una-pelicula-de-star-wars-george-lucas-11.jpg 1366w\" src=\"http:\/\/hoycordobaweb.com\/wp-content\/uploads\/2025\/12\/han-solo-no-puede-disparar-primero-por-la-misma-razon-por-la-que-steven-spielberg-nunca-haria-una-pelicula-de-star-wars-george-lucas-2.jpg\" alt=\"Jar Jar Binks\"> <noscript><img alt=\"Jar Jar Binks\" class=\"centro_sinmarco\" src=\"http:\/\/hoycordobaweb.com\/wp-content\/uploads\/2025\/12\/han-solo-no-puede-disparar-primero-por-la-misma-razon-por-la-que-steven-spielberg-nunca-haria-una-pelicula-de-star-wars-george-lucas-2.jpg\"><\/noscript> <\/div>\n<\/div>\n<p>Posiblemente estaba vacilando a todo el mundo, pero quiz\u00e1 lo piense de verdad. A fin de cuentas, lo cre\u00f3 \u00e9l y lo puso de <strong>senador<\/strong>. Un giro de los acontecimientos que en su momento pudo resultar rid\u00edculo, pero solo hay que echar un vistazo a las noticias para comprobar que, en realidad, George Lucas estaba lanzando un dardo muy certero sobre la <strong>pol\u00edtica<\/strong>.<\/p>\n<p><!-- BREAK 4 --><\/p>\n<p>Tambi\u00e9n es muy llamativa su explicaci\u00f3n acerca de<strong> por qu\u00e9 <\/strong>decidi\u00f3 dejar la direcci\u00f3n de &#8216;Star Wars&#8217; <strong>en manos de<\/strong> <strong>J.J. Abrams<\/strong>, responsable del ansiado Episodio VII que resucit\u00f3 la franquicia. En la misma entrevista:<\/p>\n<p><!-- BREAK 5 --><\/p>\n<blockquote readability=\"7\">\n<p>\u00abVas a hacer una pel\u00edcula y todo lo que obtienes son cr\u00edticas y gente intentando tomar decisiones sobre lo que vas a hacer antes de que lo hagas. No es divertido y no puedes experimentar. No puedes hacer nada. Tienes que hacerlo de cierta manera. No me gusta eso.\u00bb<\/p>\n<\/blockquote>\n<div class=\"article-asset article-asset-normal article-asset-center\">\n<div class=\"desvio-container\">\n<div class=\"desvio\">\n<div class=\"desvio-figure js-desvio-figure\"> <a href=\"https:\/\/www.espinof.com\/directores-y-guionistas\/fans-star-wars-nunca-veran-mejor-duelo-sables-laser-precuelas-george-lucas-elimino\" class=\"pivot-outboundlink\" data-vars-post-title=\"&quot;Voy a tirarles un contenedor&quot;: George Lucas se carg\u00f3 el mejor duelo de sables l\u00e1ser de las precuelas de 'Star Wars'\"> <img loading=\"lazy\" alt=\"&quot;Voy a tirarles un contenedor&quot;: George Lucas se carg\u00f3 el mejor duelo de sables l\u00e1ser de las precuelas de 'Star Wars'\" width=\"375\" height=\"142\" src=\"http:\/\/hoycordobaweb.com\/wp-content\/uploads\/2025\/12\/han-solo-no-puede-disparar-primero-por-la-misma-razon-por-la-que-steven-spielberg-nunca-haria-una-pelicula-de-star-wars-george-lucas-3.jpg\"> <\/a> <\/div><\/div><\/div>\n<\/div>\n<p>Tambi\u00e9n se refiri\u00f3 a uno de los&nbsp;cambios que realiz\u00f3 en la primera trilog\u00eda de &#8216;Star Wars&#8217; y que, seguramente, es la modificaci\u00f3n m\u00e1s criticada por los fans:&nbsp;<strong>la escena en la que Han Solo dispara y mata a Greedo<\/strong> en la pel\u00edcula original de la saga estrenada en 1977.<\/p>\n<p><!-- BREAK 6 --> <\/p>\n<h2>\u00abHan Solo deber\u00eda ser alguien como John Wayne\u00bb<\/h2>\n<p>En el montaje que se estren\u00f3 originalmente, Greedo apuntaba a Han pero \u00e9ste es el \u00fanico que abr\u00eda fuego, adelant\u00e1ndose al probable movimiento de su rival. La escena ten\u00eda sentido y serv\u00eda para <strong>caracterizar al personaje encarnado por Harrison Ford<\/strong>. Sin embargo, Lucas cambi\u00f3 de idea y <strong>retoc\u00f3 la escena<\/strong> para que Greedo disparase primero y Han lo matase como respuesta, como protecci\u00f3n ante un peligro de muerte demostrado (claro, con la suerte de que su oponente ten\u00eda peor punter\u00eda que \u00e9l).<\/p>\n<div class=\"article-asset-image article-asset-normal article-asset-center\">\n<div class=\"asset-content\"> <img class=\"centro_sinmarco\" height=\"825\" width=\"1278\" loading=\"lazy\" decoding=\"async\" sizes=\"100vw\" fetchpriority=\"high\" srcset=\"http:\/\/hoycordobaweb.com\/wp-content\/uploads\/2025\/12\/han-solo-no-puede-disparar-primero-por-la-misma-razon-por-la-que-steven-spielberg-nunca-haria-una-pelicula-de-star-wars-george-lucas-4.jpg 450w, http:\/\/hoycordobaweb.com\/wp-content\/uploads\/2025\/12\/han-solo-no-puede-disparar-primero-por-la-misma-razon-por-la-que-steven-spielberg-nunca-haria-una-pelicula-de-star-wars-george-lucas-12.jpg 681w, http:\/\/hoycordobaweb.com\/wp-content\/uploads\/2025\/12\/han-solo-no-puede-disparar-primero-por-la-misma-razon-por-la-que-steven-spielberg-nunca-haria-una-pelicula-de-star-wars-george-lucas-13.jpg 1024w, http:\/\/hoycordobaweb.com\/wp-content\/uploads\/2025\/12\/han-solo-no-puede-disparar-primero-por-la-misma-razon-por-la-que-steven-spielberg-nunca-haria-una-pelicula-de-star-wars-george-lucas-14.jpg 1366w\" src=\"http:\/\/hoycordobaweb.com\/wp-content\/uploads\/2025\/12\/han-solo-no-puede-disparar-primero-por-la-misma-razon-por-la-que-steven-spielberg-nunca-haria-una-pelicula-de-star-wars-george-lucas-4.jpg\" alt=\"Han Solo y Greedo\"> <noscript><img alt=\"Han Solo y Greedo\" class=\"centro_sinmarco\" src=\"http:\/\/hoycordobaweb.com\/wp-content\/uploads\/2025\/12\/han-solo-no-puede-disparar-primero-por-la-misma-razon-por-la-que-steven-spielberg-nunca-haria-una-pelicula-de-star-wars-george-lucas-4.jpg\"><\/noscript> <\/div>\n<\/div>\n<p>Respecto a este debate, <a rel=\"noopener, noreferrer\" href=\"https:\/\/soundcloud.com\/ewradio\/jj-abrams-answers-definitively-did-han-shoot-first\">preguntaron<\/a> a J.J. Abrams si cree que Han Solo dispar\u00f3 primero y su respuesta fue clara:&nbsp;\u00ab<em>Diablos, \u00a1s\u00ed!<\/em>\u00ab. Pero George Lucas no lo ve as\u00ed. Y \u00e9sta es la <a rel=\"noopener, noreferrer\" href=\"https:\/\/www.theguardian.com\/film\/2015\/dec\/01\/george-lucas-han-solo-star-wars-1997-special-edition\">explicaci\u00f3n<\/a>:<\/p>\n<p><!-- BREAK 7 --><\/p>\n<blockquote readability=\"13\">\n<p>\u00abHan Solo se va a casar con Leia, y miras atr\u00e1s y te preguntas: \u00bfDeber\u00eda ser un fr\u00edo asesino? Porque yo pensaba en la mitolog\u00eda, si deber\u00eda ser un cowboy, alguien como John Wayne. Y me dije: S\u00ed, deber\u00eda ser John Wayne. Y cuando eres as\u00ed no disparas primero, dejas que sean los otros quienes lo hagan. Es una realidad mitol\u00f3gica a la que esperamos que nuestra sociedad preste atenci\u00f3n.\u00bb<\/p>\n<\/blockquote>\n<p>Por \u00faltimo, el creador de &#8216;Star Wars&#8217; <a rel=\"noopener, noreferrer\" href=\"https:\/\/www.independent.co.uk\/arts-entertainment\/films\/news\/george-lucas-hasn-t-been-on-the-internet-in-15-years-no-email-even-a6755526.html\">declar\u00f3<\/a> que&nbsp;<strong>evita tener acceso a Internet desde el a\u00f1o 2000<\/strong>: \u00ab<em>No uso Facebook ni Twitter, ni siquiera leo e-mails<\/em>\u00ab. Por si acaso estabas pensando en escribirle un mensaje con tu sincera opini\u00f3n.<\/p>\n<p>En Espinof |&nbsp;<a class=\"text-outboundlink\" href=\"https:\/\/www.espinof.com\/directores-y-guionistas\/llevabamos-decadas-preguntandonos-que-yoda-habla-asi-george-lucas-acaba-dar-respuesta\" data-vars-post-title=\"D\u00e9cadas pregunt\u00e1ndonos por qu\u00e9 as\u00ed habla Yoda llev\u00e1bamos. La respuesta, George Lucas acaba de dar... y mucho sentido tiene\" data-vars-post-url=\"https:\/\/www.espinof.com\/directores-y-guionistas\/llevabamos-decadas-preguntandonos-que-yoda-habla-asi-george-lucas-acaba-dar-respuesta\" target=\"_blank\" rel=\"noopener noreferrer\">D\u00e9cadas pregunt\u00e1ndonos por qu\u00e9 as\u00ed habla Yoda llev\u00e1bamos. La respuesta, George Lucas acaba de dar&#8230; y mucho sentido tiene<\/a><\/p>\n<p>En Espinof |&nbsp;<a class=\"text-outboundlink\" href=\"https:\/\/www.espinof.com\/listas\/star-wars-todas-peliculas-saga-ordenadas-peor-mejor\" data-vars-post-title=\"Star Wars: todas las pel\u00edculas de la saga ordenadas de peor a mejor\" data-vars-post-url=\"https:\/\/www.espinof.com\/listas\/star-wars-todas-peliculas-saga-ordenadas-peor-mejor\">Star Wars: todas las pel\u00edculas de la saga ordenadas de peor a mejor<\/a><\/p>\n","protected":false},"excerpt":{"rendered":"<p>Han pasado 6 a\u00f1os desde el estreno de &#8216;El ascenso de Skywalker&#8216;, la \u00faltima pel\u00edcula de&nbsp;la saga Star Wars.&nbsp;Puede que parezcan muchos, pero recordemos que pasaron 16 entre &#8216;El retorno del jedi&#8217; y &#8216;La amenaza fantasma&#8217;, y 10 entre &#8216;La venganza de los sith&#8217; y &#8216;El despertar de la fuerza&#8217;. En todo caso, se acerca [&hellip;]<\/p>\n","protected":false},"author":1,"featured_media":125205,"comment_status":"open","ping_status":"closed","sticky":false,"template":"","format":"standard","meta":[],"categories":[10],"tags":[],"_links":{"self":[{"href":"http:\/\/hoycordobaweb.com\/index.php\/wp-json\/wp\/v2\/posts\/125204"}],"collection":[{"href":"http:\/\/hoycordobaweb.com\/index.php\/wp-json\/wp\/v2\/posts"}],"about":[{"href":"http:\/\/hoycordobaweb.com\/index.php\/wp-json\/wp\/v2\/types\/post"}],"author":[{"embeddable":true,"href":"http:\/\/hoycordobaweb.com\/index.php\/wp-json\/wp\/v2\/users\/1"}],"replies":[{"embeddable":true,"href":"http:\/\/hoycordobaweb.com\/index.php\/wp-json\/wp\/v2\/comments?post=125204"}],"version-history":[{"count":0,"href":"http:\/\/hoycordobaweb.com\/index.php\/wp-json\/wp\/v2\/posts\/125204\/revisions"}],"wp:featuredmedia":[{"embeddable":true,"href":"http:\/\/hoycordobaweb.com\/index.php\/wp-json\/wp\/v2\/media\/125205"}],"wp:attachment":[{"href":"http:\/\/hoycordobaweb.com\/index.php\/wp-json\/wp\/v2\/media?parent=125204"}],"wp:term":[{"taxonomy":"category","embeddable":true,"href":"http:\/\/hoycordobaweb.com\/index.php\/wp-json\/wp\/v2\/categories?post=125204"},{"taxonomy":"post_tag","embeddable":true,"href":"http:\/\/hoycordobaweb.com\/index.php\/wp-json\/wp\/v2\/tags?post=125204"}],"curies":[{"name":"wp","href":"https:\/\/api.w.org\/{rel}","templated":true}]}}