{"id":125190,"date":"2025-12-13T12:07:26","date_gmt":"2025-12-13T12:07:26","guid":{"rendered":"https:\/\/www.mujerhoy.com\/moda\/no-te-pierdas\/conjuntos-dos-piezas-elegantes-especiales-acertar-looks-navidad-20251213161222-nt.html"},"modified":"2025-12-13T12:07:26","modified_gmt":"2025-12-13T12:07:26","slug":"conjuntos-de-dos-piezas-elegantes-y-especiales-con-los-que-acertar-en-tus-looks-de-navidad","status":"publish","type":"post","link":"http:\/\/hoycordobaweb.com\/index.php\/2025\/12\/13\/conjuntos-de-dos-piezas-elegantes-y-especiales-con-los-que-acertar-en-tus-looks-de-navidad\/","title":{"rendered":"Conjuntos de dos piezas elegantes y especiales con los que acertar en tus looks de Navidad"},"content":{"rendered":"<p><!-- AUTHOR --><\/p>\n<div class=\"voc-author-timesocial \">\n<!-- AUTHOR --><\/p>\n<div class=\"voc-author-timesocial__signature \">\n<!-- IMAGE AUTHOR -->\n<picture class=\"voc-image-signature\">\n<img class=\"voc-image-signature__img\" src=\"http:\/\/hoycordobaweb.com\/wp-content\/uploads\/2025\/12\/conjuntos-de-dos-piezas-elegantes-y-especiales-con-los-que-acertar-en-tus-looks-de-navidad.jpg\" alt=\"Patricia Mart\u00edn\">\n<\/picture>\n<!-- INFO AUTHOR --> <\/div><\/div>\n<p><!-- COMPONENTS --><\/p>\n<p class=\"voc-paragraph\">Vestidos de lentejuelas, <a href=\"https:\/\/www.mujerhoy.com\/moda\/no-te-pierdas\/como-combinar-prendas-lenceras-encaje-otono-entretiempo-20251007122240-nt.html\" data-voc-vtm-id=\"in-text-traffic\" title=\"tops con encaje\" data-mrf-link=\"www.mujerhoy.com\">tops con encaje<\/a>, <a href=\"https:\/\/www.mujerhoy.com\/moda\/no-te-pierdas\/nuevo-chaqueta-barata-otono-mas-50-anos-20251129114401-nt.html\" data-voc-vtm-id=\"in-text-traffic\" title=\"blazers de terciopelo\" data-mrf-link=\"www.mujerhoy.com\">blazers de terciopelo<\/a>\u2026 son algunas de las prendas m\u00e1s demandadas por las expertas en moda en estas fechas. <strong>Elegantes y con un toque festivo<\/strong>, son perfectas para lucir en la cena de empresa o el d\u00eda de Nochevieja. <\/p>\n<p class=\"voc-paragraph\">Tenemos un mes por delante lleno de eventos y fechas destacadas, y no siempre es facil encontrar el l<strong>ook perfecto<\/strong>. La clave es dar con un estilismo c\u00f3modo, elegante, con un toque especial y que nos siente bien, para poder disfrutar tranquilas de la velada. <\/p>\n<div class=\"v-c-cmp v-c-cmp--t1 \">\n<div class=\"v-cmp-rld v-cmp-rld--2 \">\n<div class=\"v-cnt-m v-cnt-m--m\">\n<div class=\"v-cnt-m__c\">\n<div class=\"v-cnt-m__w v-cnt-m__w--1\">\n<p class=\"v-cnt-m__t\">\nTAMBI\u00c9N TE INTERESA\n<\/p>\n<\/div>\n<\/div>\n<\/div>\n<div class=\"v-g v-g--2-c v-g--bdr-min-xs\">\n<div class=\"v-g__c \">\n<article class=\"v-a v-a--cmp-rld v-a--cmp-rld-2 v-a--p-l\">\n<div class=\"v-a-img-c\">\n<figure class=\"v-a-fig\">\n<a href=\"https:\/\/www.mujerhoy.com\/moda\/no-te-pierdas\/navidad-regalaras-madre-pendientes-estrella-favoritos-reina-letizia-20251208173113-nt.html#vtm_modulosEngag=mod-rel:moda:noticia:1:cmp:2-not\" class=\"v-a-link\" title=\"Esta Navidad regalar\u00e1s a tu madre los pendientes estrella favoritos de la reina Letizia\"><br \/>\n<img loading=\"lazy\" class=\"v-a-img\" src=\"http:\/\/hoycordobaweb.com\/wp-content\/uploads\/2025\/12\/conjuntos-de-dos-piezas-elegantes-y-especiales-con-los-que-acertar-en-tus-looks-de-navidad-1.jpg\" alt=\"Esta Navidad regalar\u00e1s a tu madre los pendientes estrella favoritos de la reina Letizia\"><br \/>\n<\/a><br \/>\n<\/figure>\n<\/div>\n<\/article>\n<\/div>\n<div class=\"v-g__c \">\n<article class=\"v-a v-a--cmp-rld v-a--cmp-rld-2 v-a--p-l\">\n<div class=\"v-a-img-c\">\n<figure class=\"v-a-fig\">\n<a href=\"https:\/\/www.mujerhoy.com\/moda\/no-te-pierdas\/bufanda-color-accesorio-falta-invierno-20251208132720-nt.html#vtm_modulosEngag=mod-rel:moda:noticia:2:cmp:2-not\" class=\"v-a-link\" title=\"El accesorio que te falta este invierno es una bufanda a todo color\"><br \/>\n<img loading=\"lazy\" class=\"v-a-img\" src=\"http:\/\/hoycordobaweb.com\/wp-content\/uploads\/2025\/12\/conjuntos-de-dos-piezas-elegantes-y-especiales-con-los-que-acertar-en-tus-looks-de-navidad-2.jpg\" alt=\"El accesorio que te falta este invierno es una bufanda a todo color\"><br \/>\n<\/a><br \/>\n<\/figure>\n<\/div>\n<\/article>\n<\/div>\n<\/div>\n<\/div>\n<\/div>\n<p class=\"voc-paragraph\">Por eso, mi opci\u00f3n favorita para vestir bien en mis looks de Navidad, siempre son los <strong>conjuntos de dos piezas<\/strong>. Nunca fallan, sientan fenomenal y con tan solo dos prendas consigues un estilismo espectacular.<\/p>\n<p><h3 class=\"v-cmp-suh\">\nLos conjuntos perfectos para Navidades<br \/>\n<\/h3>\n<\/p>\n<p class=\"voc-paragraph\">Si a\u00fan est\u00e1s buscando el look ideal para estas fiestas, nosotras hemos hecho los deberes y hemos seleccionado los modelos m\u00e1s <strong>elegantes, favorecedores y especiales <\/strong>de la temporada. <\/p>\n<div class=\"v-c-cmp \">\n<div class=\"v-cmp-m v-cmp-m--t1\">\n<article class=\"v-a v-a--cmp-m v-c-cmp--m-p\">\n<div class=\"v-a-img-c v-a-img-c--fw-xs\">\n<div class=\"v-a-fig\">\n<div class=\"v-a-link\">\n<img loading=\"lazy\" src=\"http:\/\/hoycordobaweb.com\/wp-content\/uploads\/2025\/12\/conjuntos-de-dos-piezas-elegantes-y-especiales-con-los-que-acertar-en-tus-looks-de-navidad-3.jpg\" class=\"v-a-img\" width=\"650\" height=\"975\" alt=\"Los mejores conjuntos para Navidades\" data-voc-vtm-id=\"in-text-traffic\">\n<\/div><figcaption class=\"v-fc\">\n<span class=\"v-fc__t\"><br \/>\nLos mejores conjuntos para Navidades<br \/>\n<\/span><br \/>\n<span class=\"v-fc__p\"><br \/>\nZARA<br \/>\n<\/span><br \/>\n<\/figcaption><\/div>\n<\/div>\n<\/article>\n<\/div>\n<\/div>\n<p class=\"voc-paragraph\">Original y en tendencia, este traje <strong>tejido en terciopelo <\/strong>y en color rosa de Zara. Por un lado, tenemos la blazer cruzada de cuello solapa y manga larga con hombreras acabada con plumas, bolsillos delanteros con solapa y cierre frontal cruzado con botones joya (79,95 \u20ac), y por otro los pantalones de tiro alto con bolsillos delanteros y falsos bolsillos de vivo en espalda. Tienen la pernera ancha y el cierre frontal con cremallera, bot\u00f3n interior y gancho (35,95 \u20ac). <\/p>\n<div class=\"v-c-cmp \">\n<div class=\"v-cmp-m v-cmp-m--t1\">\n<article class=\"v-a v-a--cmp-m v-c-cmp--m-p\">\n<div class=\"v-a-img-c v-a-img-c--fw-xs\">\n<div class=\"v-a-fig\">\n<div class=\"v-a-link\">\n<img loading=\"lazy\" src=\"http:\/\/hoycordobaweb.com\/wp-content\/uploads\/2025\/12\/conjuntos-de-dos-piezas-elegantes-y-especiales-con-los-que-acertar-en-tus-looks-de-navidad-4.jpg\" class=\"v-a-img\" width=\"650\" height=\"975\" alt=\"Los mejores conjuntos para Navidades\" data-voc-vtm-id=\"in-text-traffic\">\n<\/div><figcaption class=\"v-fc\">\n<span class=\"v-fc__t\"><br \/>\nLos mejores conjuntos para Navidades<br \/>\n<\/span><br \/>\n<span class=\"v-fc__p\"><br \/>\nMANGO<br \/>\n<\/span><br \/>\n<\/figcaption><\/div>\n<\/div>\n<\/article>\n<\/div>\n<\/div>\n<p class=\"voc-paragraph\">Muy especial y femenino este <strong>set de Mango<\/strong> compuesto por una chaqueta tejida en terciopelo con lentejuelas, con dise\u00f1o crop, cuello redondo, manga larga, dos bolsillos de parche frontales y cierre de lazo en el cuello (39,99 \u20ac). A juego tenemos unos shorts con un dise\u00f1o corto, que presenta un tiro alto que estiliza la figura. El cierre de cremallera lateral asegura un ajuste perfecto (29,99 \u20ac). <\/p>\n<div class=\"v-c-cmp \">\n<div class=\"v-cmp-m v-cmp-m--t1\">\n<article class=\"v-a v-a--cmp-m v-c-cmp--m-p\">\n<div class=\"v-a-img-c v-a-img-c--fw-xs\">\n<div class=\"v-a-fig\">\n<div class=\"v-a-link\">\n<img loading=\"lazy\" src=\"http:\/\/hoycordobaweb.com\/wp-content\/uploads\/2025\/12\/conjuntos-de-dos-piezas-elegantes-y-especiales-con-los-que-acertar-en-tus-looks-de-navidad-5.jpg\" class=\"v-a-img\" width=\"650\" height=\"975\" alt=\"Los mejores conjuntos para Navidades\" data-voc-vtm-id=\"in-text-traffic\">\n<\/div><figcaption class=\"v-fc\">\n<span class=\"v-fc__t\"><br \/>\nLos mejores conjuntos para Navidades<br \/>\n<\/span><br \/>\n<span class=\"v-fc__p\"><br \/>\nPARFOIS<br \/>\n<\/span><br \/>\n<\/figcaption><\/div>\n<\/div>\n<\/article>\n<\/div>\n<\/div>\n<p class=\"voc-paragraph\">En Parfois uno de mis favoritos, este conjunto de<strong> inspiraci\u00f3n japonesa.<\/strong> Un top largo de jacquard con dise\u00f1o de hojas en terciopelo, efecto iridiscente, cuello mao y solape en la parte delantera (32,99 \u20ac), y pantalones jacquard semitransparentes con bolsillos laterales y cintura el\u00e1stica (39,99 \u20ac). <\/p>\n<div class=\"v-c-cmp \">\n<div class=\"v-cmp-m v-cmp-m--t1\">\n<article class=\"v-a v-a--cmp-m v-c-cmp--m-p\">\n<div class=\"v-a-img-c v-a-img-c--fw-xs\">\n<div class=\"v-a-fig\">\n<div class=\"v-a-link\">\n<img loading=\"lazy\" src=\"http:\/\/hoycordobaweb.com\/wp-content\/uploads\/2025\/12\/conjuntos-de-dos-piezas-elegantes-y-especiales-con-los-que-acertar-en-tus-looks-de-navidad-6.jpg\" class=\"v-a-img\" width=\"650\" height=\"975\" alt=\"Los mejores conjuntos para Navidades\" data-voc-vtm-id=\"in-text-traffic\">\n<\/div><figcaption class=\"v-fc\">\n<span class=\"v-fc__t\"><br \/>\nLos mejores conjuntos para Navidades<br \/>\n<\/span><br \/>\n<span class=\"v-fc__p\"><br \/>\nZARA<br \/>\n<\/span><br \/>\n<\/figcaption><\/div>\n<\/div>\n<\/article>\n<\/div>\n<\/div>\n<p class=\"voc-paragraph\">El m\u00e1s original, este conjunto de <strong>Mar\u00eda de la Orden <\/strong>en terciopelo verde, compuesto por una chaqueta cropped con botones dorados, cuello escultural y detalles con volantes (220 \u20ac), y pantalones con volantes llamativos en los dobladillos (170 \u20ac). Un look perfecto para Navidades que atraer\u00e1 todas las miradas. <\/p>\n<div class=\"v-c-cmp \">\n<div class=\"v-cmp-m v-cmp-m--t1\">\n<article class=\"v-a v-a--cmp-m v-c-cmp--m-p\">\n<div class=\"v-a-img-c v-a-img-c--fw-xs\">\n<div class=\"v-a-fig\">\n<div class=\"v-a-link\">\n<img loading=\"lazy\" src=\"http:\/\/hoycordobaweb.com\/wp-content\/uploads\/2025\/12\/conjuntos-de-dos-piezas-elegantes-y-especiales-con-los-que-acertar-en-tus-looks-de-navidad-7.jpg\" class=\"v-a-img\" width=\"650\" height=\"975\" alt=\"Los mejores conjuntos para Navidades\" data-voc-vtm-id=\"in-text-traffic\">\n<\/div><figcaption class=\"v-fc\">\n<span class=\"v-fc__t\"><br \/>\nLos mejores conjuntos para Navidades<br \/>\n<\/span><br \/>\n<span class=\"v-fc__p\"><br \/>\nZARA<br \/>\n<\/span><br \/>\n<\/figcaption><\/div>\n<\/div>\n<\/article>\n<\/div>\n<\/div>\n<p class=\"voc-paragraph\">Y por \u00faltimo volvemos a Zara con este set cl\u00e1sico y elegante de <strong>estilo lencero <\/strong>que es tendencia. Tenemos el top satinado de escote recto y tirantes finos, con detalle de aplicaci\u00f3n de encaje a tono y el bajo recto (39,95 \u20ac), y la falda midi de tiro medio, tambi\u00e9n con el bajo con aplicaci\u00f3n de encaje a tono (39,95 \u20ac). <\/p>\n<div class=\"v-c-cmp v-c-cmp--t1 \">\n<div class=\"v-cmp-rld v-cmp-rld--2 \">\n<div class=\"v-cnt-m v-cnt-m--m\">\n<div class=\"v-cnt-m__c\">\n<div class=\"v-cnt-m__w v-cnt-m__w--1\">\n<p class=\"v-cnt-m__t\">\nTAMBI\u00c9N TE INTERESA\n<\/p>\n<\/div>\n<\/div>\n<\/div>\n<div class=\"v-g v-g--2-c v-g--bdr-min-xs\">\n<div class=\"v-g__c \">\n<article class=\"v-a v-a--cmp-rld v-a--cmp-rld-2 v-a--p-l\">\n<div class=\"v-a-img-c\">\n<figure class=\"v-a-fig\">\n<a href=\"https:\/\/www.mujerhoy.com\/moda\/no-te-pierdas\/mejores-compras-diciembre-bailarinas-vestido-editora-moda-20251207110834-nt.html#vtm_modulosEngag=mod-rel:moda:noticia:1:cmp:2-not\" class=\"v-a-link\" title=\"Soy editora de moda y estas son las prendas que tengo en el radar este mes: desde las bailarinas perfectas hasta el vestido m\u00e1s especial\"><br \/>\n<img loading=\"lazy\" class=\"v-a-img\" src=\"http:\/\/hoycordobaweb.com\/wp-content\/uploads\/2025\/12\/conjuntos-de-dos-piezas-elegantes-y-especiales-con-los-que-acertar-en-tus-looks-de-navidad-8.jpg\" alt=\"Soy editora de moda y estas son las prendas que tengo en el radar este mes: desde las bailarinas perfectas hasta el vestido m\u00e1s especial\"><br \/>\n<\/a><br \/>\n<\/figure>\n<\/div>\n<\/article>\n<\/div>\n<div class=\"v-g__c \">\n<article class=\"v-a v-a--cmp-rld v-a--cmp-rld-2 v-a--p-l\">\n<div class=\"v-a-img-c\">\n<figure class=\"v-a-fig\">\n<a href=\"https:\/\/www.mujerhoy.com\/moda\/no-te-pierdas\/que-me-pongo-comida-de-empresa-20251207143323-nt.html#vtm_modulosEngag=mod-rel:moda:noticia:2:cmp:2-not\" class=\"v-a-link\" title=\"No s\u00e9 qu\u00e9 ponerme para mi comida de empresa: ideas que mis amigas francesas me dieron para verme favorecida\"><br \/>\n<img loading=\"lazy\" class=\"v-a-img\" src=\"http:\/\/hoycordobaweb.com\/wp-content\/uploads\/2025\/12\/conjuntos-de-dos-piezas-elegantes-y-especiales-con-los-que-acertar-en-tus-looks-de-navidad-9.jpg\" alt=\"No s\u00e9 qu\u00e9 ponerme para mi comida de empresa: ideas que mis amigas francesas me dieron para verme favorecida\"><br \/>\n<\/a><br \/>\n<\/figure>\n<\/div>\n<\/article>\n<\/div>\n<\/div>\n<\/div>\n<\/div>\n<div class=\"media_block\"><\/div>\n","protected":false},"excerpt":{"rendered":"<p>Vestidos de lentejuelas, tops con encaje, blazers de terciopelo\u2026 son algunas de las prendas m\u00e1s demandadas por las expertas en moda en estas fechas. Elegantes y con un toque festivo, son perfectas para lucir en la cena de empresa o el d\u00eda de Nochevieja. Tenemos un mes por delante lleno de eventos y fechas destacadas, [&hellip;]<\/p>\n","protected":false},"author":1,"featured_media":125191,"comment_status":"closed","ping_status":"closed","sticky":false,"template":"","format":"standard","meta":[],"categories":[],"tags":[],"_links":{"self":[{"href":"http:\/\/hoycordobaweb.com\/index.php\/wp-json\/wp\/v2\/posts\/125190"}],"collection":[{"href":"http:\/\/hoycordobaweb.com\/index.php\/wp-json\/wp\/v2\/posts"}],"about":[{"href":"http:\/\/hoycordobaweb.com\/index.php\/wp-json\/wp\/v2\/types\/post"}],"author":[{"embeddable":true,"href":"http:\/\/hoycordobaweb.com\/index.php\/wp-json\/wp\/v2\/users\/1"}],"replies":[{"embeddable":true,"href":"http:\/\/hoycordobaweb.com\/index.php\/wp-json\/wp\/v2\/comments?post=125190"}],"version-history":[{"count":0,"href":"http:\/\/hoycordobaweb.com\/index.php\/wp-json\/wp\/v2\/posts\/125190\/revisions"}],"wp:featuredmedia":[{"embeddable":true,"href":"http:\/\/hoycordobaweb.com\/index.php\/wp-json\/wp\/v2\/media\/125191"}],"wp:attachment":[{"href":"http:\/\/hoycordobaweb.com\/index.php\/wp-json\/wp\/v2\/media?parent=125190"}],"wp:term":[{"taxonomy":"category","embeddable":true,"href":"http:\/\/hoycordobaweb.com\/index.php\/wp-json\/wp\/v2\/categories?post=125190"},{"taxonomy":"post_tag","embeddable":true,"href":"http:\/\/hoycordobaweb.com\/index.php\/wp-json\/wp\/v2\/tags?post=125190"}],"curies":[{"name":"wp","href":"https:\/\/api.w.org\/{rel}","templated":true}]}}