{"id":125176,"date":"2025-12-13T13:26:56","date_gmt":"2025-12-13T13:26:56","guid":{"rendered":"https:\/\/www.ole.com.ar\/futbol-internacional\/espana\/xabi-alonso-real-madrid-despido-rumores_0_h3EWDfe9gF.html"},"modified":"2025-12-13T13:26:56","modified_gmt":"2025-12-13T13:26:56","slug":"que-dijo-xabi-alonso-tras-los-rumores-que-lo-dan-por-despedido-del-real-madrid","status":"publish","type":"post","link":"http:\/\/hoycordobaweb.com\/index.php\/2025\/12\/13\/que-dijo-xabi-alonso-tras-los-rumores-que-lo-dan-por-despedido-del-real-madrid\/","title":{"rendered":"Qu\u00e9 dijo Xabi Alonso tras los rumores que lo dan por despedido del Real Madrid"},"content":{"rendered":"<p><img src=\"http:\/\/hoycordobaweb.com\/wp-content\/uploads\/2025\/12\/que-dijo-xabi-alonso-tras-los-rumores-que-lo-dan-por-despedido-del-real-madrid.jpg\"><\/p>\n<p><time class=\"createDate\" datetime=\"2025-12-13T10:26:56-03:00\">13\/12\/2025 10:26hs.<\/time><\/p>\n<div id=\"storyBody\">\n<div id=\"element-body-0\" class=\"sc-136cd478-0 ekTCfV\" readability=\"34.629032258065\">\n<p>Una derrota ante el <strong><a href=\"https:\/\/www.ole.com.ar\/tema\/manchester-city.html\" title=\"Manchester City\" alt=\"Manchester City\" class=\"slug\">Manchester City<\/a><\/strong> en la Champions League alcanz\u00f3 para que <strong><a href=\"https:\/\/www.ole.com.ar\/tema\/xabi-alonso.html\" title=\"Xabi Alonso\" alt=\"Xabi Alonso\" class=\"slug\">Xabi Alonso<\/a><\/strong> fuese puesto en duda. Aunque el <strong><a href=\"https:\/\/www.ole.com.ar\/tema\/real-madrid.html\" title=\"Real Madrid\" alt=\"Real Madrid\" class=\"slug\">Real Madrid<\/a> <\/strong>marcha segundo en La Liga con 36 puntos en 16 fechas y se encuentra dentro de la zona de clasificaci\u00f3n directa en la Orejona, los medios de Espa\u00f1a aseguraron que la continuidad del entrenador depende estrictamente del resultado que consiga ante <strong><a href=\"https:\/\/www.ole.com.ar\/tema\/alaves.html\" title=\"Alav\u00e9s\" alt=\"Alav\u00e9s\" class=\"slug\">Alav\u00e9s<\/a><\/strong>. Por lo tanto, en la conferencia de prensa previa al encuentro, el involucrado le hizo frente a los rumores.<\/p>\n<\/div>\n<div id=\"element-body-1\" class=\"sc-136cd478-0 ekTCfV\" readability=\"36\">\n<p>\u00bb <strong>\u00bfMi futuro est\u00e1 en juego ma\u00f1ana?<\/strong> <strong>Lo m\u00e1s importante es el equipo y el club<\/strong>\u00ab, reconoci\u00f3 el t\u00e9cnico. Acto seguido, asegur\u00f3 que desean dar vuelta la p\u00e1gina tras lo sucedido en el certamen internacional. \u00bb <strong>Queremos cambiar la situaci\u00f3n ante un rival fuerte<\/strong>\u00ab.<\/p>\n<\/div>\n<div class=\"sc-e7b891c4-0 ifHnQL image-embed\" id=\"element-body-2\"><img alt=\"Xabi Alonso en conferencia. (EFE) \" loading=\"lazy\" width=\"720\" height=\"100\" decoding=\"async\" data-nimg=\"1\" src=\"http:\/\/hoycordobaweb.com\/wp-content\/uploads\/2025\/12\/que-dijo-xabi-alonso-tras-los-rumores-que-lo-dan-por-despedido-del-real-madrid-2.jpg\"><span class=\"epigraphe\">Xabi Alonso en conferencia. (EFE) <\/span><\/div>\n<div id=\"element-body-3\" class=\"sc-136cd478-0 ekTCfV\" readability=\"40\">\n<p>Dentro de los nombres que comenzaron a sonar para reemplazarlo surgi\u00f3 el de <strong>\u00c1lvaro Arbeloa<\/strong>, colega que dirige a la Reserva y por el que tambi\u00e9n le preguntaron. \u00bb <strong>Yo creo que en un futuro puede ser entrenador, est\u00e1 haciendo muy bien las cosas<\/strong>\u00ab, destac\u00f3. De todas formas, neg\u00f3 haber conversado con \u00e9l sobre este tema. \u00bb <strong>No hemos hablado absolutamente nada<\/strong>\u00ab, sentenci\u00f3. <\/p>\n<\/div>\n<div id=\"element-body-4\" class=\"sc-136cd478-0 ekTCfV\" readability=\"37\">\n<p>Luego, se refiri\u00f3 a la relaci\u00f3n que existe dentro del vestuario. \u00bb <strong>Siempre sent\u00ed que hemos tenido buena relaci\u00f3n y que peleamos por el objetivo com\u00fan<\/strong>. El otro d\u00eda no ganamos, pero no hab\u00eda ning\u00fan reproche. De cara a ma\u00f1ana necesitamos ese objetivo com\u00fan por el que estamos ac\u00e1\u00bb, recalc\u00f3.<\/p>\n<\/div>\n<div class=\"sc-e7b891c4-0 ifHnQL image-embed\" id=\"element-body-5\"><img alt=\"Xabi Alonso en conferencia. (EFE)\" loading=\"lazy\" width=\"720\" height=\"100\" decoding=\"async\" data-nimg=\"1\" src=\"http:\/\/hoycordobaweb.com\/wp-content\/uploads\/2025\/12\/que-dijo-xabi-alonso-tras-los-rumores-que-lo-dan-por-despedido-del-real-madrid-3.jpg\"><span class=\"epigraphe\">Xabi Alonso en conferencia. (EFE)<\/span><\/div>\n<div id=\"element-body-6\" class=\"sc-136cd478-0 ekTCfV\" readability=\"39\">\n<p>A su vez, le baj\u00f3 la espuma a las versiones que comenzaron a circular y se mostr\u00f3 preparado para afrontar cualquier decisi\u00f3n. \u00abLlevo muchos a\u00f1os en el f\u00fatbol. <strong>No me sorprende nada de lo que puede suceder<\/strong>. Son cosas normales, cosas que han sucedido, cosas que pasar\u00e1n en el futuro. Hay que afrontarlas con la responsabilidad del cargo y de lo que representamos. A partir de ah\u00ed toca trabajar para revertir la situaci\u00f3n. <strong>No es algo que me sorprenda demasiado<\/strong>\u00ab, cerr\u00f3.<\/p>\n<\/div>\n<p><h2>\u00bfCu\u00e1ndo juega el Real Madrid contra el Alav\u00e9s?<\/h2>\n<\/p>\n<div id=\"element-body-8\" class=\"sc-136cd478-0 ekTCfV\" readability=\"33\">\n<p><strong>Alav\u00e9s <\/strong>recibir\u00e1 al <strong>Real Madrid<\/strong> el <strong>domingo 14 de diciembre<\/strong> desde las <strong>17 horas<\/strong> de Argentina por la fecha 17 de La Liga.<\/p>\n<\/div>\n<p><h2>El resumen de la derrota que sufri\u00f3 el Real Madrid ante Manchester City en la Champions League<\/h2>\n<\/p>\n<div id=\"element-body-10\" class=\"sc-136cd478-0 ekTCfV\" readability=\"36\">\n<p>La sexta ronda de la Champions League tuvo un partidazo en su calendario. Con goles de <strong>Nico O Reilly<\/strong> y <strong>Erling Haaland<\/strong>, el <strong>Manchester City<\/strong> venci\u00f3 2-1 al <strong>Real Madrid<\/strong>, que descont\u00f3 de la mano de <strong>Rodrygo<\/strong>.<\/p>\n<\/div>\n<\/div>\n","protected":false},"excerpt":{"rendered":"<p>13\/12\/2025 10:26hs. Una derrota ante el Manchester City en la Champions League alcanz\u00f3 para que Xabi Alonso fuese puesto en duda. Aunque el Real Madrid marcha segundo en La Liga con 36 puntos en 16 fechas y se encuentra dentro de la zona de clasificaci\u00f3n directa en la Orejona, los medios de Espa\u00f1a aseguraron que [&hellip;]<\/p>\n","protected":false},"author":1,"featured_media":125177,"comment_status":"open","ping_status":"closed","sticky":false,"template":"","format":"standard","meta":[],"categories":[16],"tags":[],"_links":{"self":[{"href":"http:\/\/hoycordobaweb.com\/index.php\/wp-json\/wp\/v2\/posts\/125176"}],"collection":[{"href":"http:\/\/hoycordobaweb.com\/index.php\/wp-json\/wp\/v2\/posts"}],"about":[{"href":"http:\/\/hoycordobaweb.com\/index.php\/wp-json\/wp\/v2\/types\/post"}],"author":[{"embeddable":true,"href":"http:\/\/hoycordobaweb.com\/index.php\/wp-json\/wp\/v2\/users\/1"}],"replies":[{"embeddable":true,"href":"http:\/\/hoycordobaweb.com\/index.php\/wp-json\/wp\/v2\/comments?post=125176"}],"version-history":[{"count":0,"href":"http:\/\/hoycordobaweb.com\/index.php\/wp-json\/wp\/v2\/posts\/125176\/revisions"}],"wp:featuredmedia":[{"embeddable":true,"href":"http:\/\/hoycordobaweb.com\/index.php\/wp-json\/wp\/v2\/media\/125177"}],"wp:attachment":[{"href":"http:\/\/hoycordobaweb.com\/index.php\/wp-json\/wp\/v2\/media?parent=125176"}],"wp:term":[{"taxonomy":"category","embeddable":true,"href":"http:\/\/hoycordobaweb.com\/index.php\/wp-json\/wp\/v2\/categories?post=125176"},{"taxonomy":"post_tag","embeddable":true,"href":"http:\/\/hoycordobaweb.com\/index.php\/wp-json\/wp\/v2\/tags?post=125176"}],"curies":[{"name":"wp","href":"https:\/\/api.w.org\/{rel}","templated":true}]}}