{"id":125170,"date":"2025-12-13T16:07:34","date_gmt":"2025-12-13T16:07:34","guid":{"rendered":"https:\/\/www.ole.com.ar\/boca-juniors\/alberto-beto-marcico-pedido-juan-roman-riquelme-miguel-borja-boca-river_0_P8P0S6VmG7.html"},"modified":"2025-12-13T16:07:34","modified_gmt":"2025-12-13T16:07:34","slug":"el-pedido-bostero-del-beto-marcico-a-riquelme-por-borja","status":"publish","type":"post","link":"http:\/\/hoycordobaweb.com\/index.php\/2025\/12\/13\/el-pedido-bostero-del-beto-marcico-a-riquelme-por-borja\/","title":{"rendered":"El pedido bostero del Beto M\u00e1rcico a Riquelme por Borja"},"content":{"rendered":"<p><img src=\"http:\/\/hoycordobaweb.com\/wp-content\/uploads\/2025\/12\/el-pedido-bostero-del-beto-marcico-a-riquelme-por-borja.jpg\"><\/p>\n<p><time class=\"createDate\" datetime=\"2025-12-13T13:07:34-03:00\">13\/12\/2025 13:07hs.<\/time><\/p>\n<div id=\"storyBody\">\n<div id=\"element-body-0\" class=\"sc-136cd478-0 ekTCfV\" readability=\"25.58836689038\">\n<p>Primero fue <strong><a href=\"https:\/\/www.ole.com.ar\/boca-juniors\/rafael-di-zeo-miguel-borja-refuerzo-boca-river-juan-roman-riquelme-gabriel-batistuta_0_5PYRdnEvaH.html\" target=\"_self\" title=\"Rafael Di Zeo el que se meti\u00f3 de lleno en la pol\u00e9mica de la semana luego de que Miguel \u00c1ngel Borja\" alt=\"Rafael Di Zeo el que se meti\u00f3 de lleno en la pol\u00e9mica de la semana luego de que Miguel \u00c1ngel Borja\" rel=\"noopener noreferrer\">Rafael Di Zeo el que se meti\u00f3 de lleno en la pol\u00e9mica de la semana luego de que Miguel \u00c1ngel Borja<\/a><\/strong> confesara que estar\u00eda dispuesto a charlar con <strong><a href=\"https:\/\/www.ole.com.ar\/tema\/juan-roman-riquelme.html\" title=\"Juan Rom\u00e1n Riquelme\" alt=\"Juan Rom\u00e1n Riquelme\" class=\"slug\"> Juan Rom\u00e1n Riquelme<\/a><\/strong> sobre una posible llegada al club pese a su pasado en <strong><a href=\"https:\/\/www.ole.com.ar\/tema\/river-plate.html\" title=\"River Plate\" alt=\"River Plate\" class=\"slug\">River<\/a><\/strong>. Y ahora, <strong>el que recogi\u00f3 el guante fue nada menos que <a href=\"https:\/\/www.ole.com.ar\/tema\/alberto-marcico.html\" title=\"Alberto M\u00e1rcico\" alt=\"Alberto M\u00e1rcico\" class=\"slug\">Alberto M\u00e1rcico<\/a>, que no solamente tom\u00f3 postura en este debate, sino que adem\u00e1s confes\u00f3 el pedido que le hizo nada menos que al presidente de <a href=\"https:\/\/www.ole.com.ar\/tema\/boca-juniors.html\" title=\"Boca Juniors\" alt=\"Boca Juniors\" class=\"slug\">Boca<\/a>.<\/strong><\/p>\n<\/div>\n<div id=\"element-body-1\" class=\"sc-136cd478-0 ekTCfV\" readability=\"39\">\n<p><strong>\u201cVengo pidiendo a Borja hace tres o cuatro a\u00f1os y lo habl\u00e9 con Riquelme. Es el 9 que necesita Boca, juega siempre en el \u00e1rea. Boca necesita un goleador de ese nivel\u00bb, <\/strong>cont\u00f3 el \u00eddolo xeneize en una charla en FM Delta. Y agreg\u00f3: <strong>\u00abBorja se fue maltratado de River, donde no se sinti\u00f3 respaldado. Por eso yo lo ir\u00eda a buscar y le dir\u00eda que venga, que Boca le cambia la vida para bien\u00bb.<\/strong><\/p>\n<\/div>\n<div id=\"element-body-2\" class=\"sc-136cd478-0 ekTCfV\" readability=\"42\">\n<p>Al igual que hizo el l\u00edder de la barra de Boca, el ex mediocampista que hoy tiene 65 a\u00f1os, se meti\u00f3 de lleno en lo futbol\u00edstico y en las necesidades que tiene el conjunto de Claudio \u00dabeda. O al menos en d\u00f3nde \u00e9l sinti\u00f3 que puede mejorar el equipo. <strong>\u00ab\u00c9l juega dentro del \u00e1rea, no va m\u00e1s all\u00e1 de los v\u00e9rtices, y Boca necesita eso, un goleador de ese nivel. Se fue maltratado de River, por alg\u00fan motivo no est\u00e1s bien futbol\u00edsticamente. Eso no viene solo. Lo ir\u00eda a buscar\u00bb<\/strong>, subray\u00f3.<\/p>\n<\/div>\n<div class=\"sc-e7b891c4-0 ifHnQL image-embed\" id=\"element-body-3\"><img alt=\"Rom\u00e1n y M\u00e1rcico, juntos en un partido de Boca en la Bombonera.\" loading=\"lazy\" width=\"720\" height=\"100\" decoding=\"async\" data-nimg=\"1\" src=\"http:\/\/hoycordobaweb.com\/wp-content\/uploads\/2025\/12\/el-pedido-bostero-del-beto-marcico-a-riquelme-por-borja-2.jpg\"><span class=\"epigraphe\">Rom\u00e1n y M\u00e1rcico, juntos en un partido de Boca en la Bombonera.<\/span><\/div>\n<div id=\"element-body-4\" class=\"sc-136cd478-0 ekTCfV\" readability=\"38\">\n<p>La realidad es que desde que Borja puso el tema sobre la mesa en una entrevista en la semana, de la que tambi\u00e9n particip\u00f3 en un momento <strong>su hermano fan\u00e1tico de Boca que le pidi\u00f3 ir a Boca<\/strong>, el debate se instal\u00f3 no solamente en los hinchas, sino tambi\u00e9n en varios personajes vinculados a mundo azul y oro y ni hablar en el propio club.<\/p>\n<\/div>\n<p><h2><strong>Y QU\u00c9 DICEN EN BOCA DE UNA POSIBLE LLEGADA DE BORJA<\/strong><\/h2>\n<\/p>\n<div id=\"element-body-6\" class=\"sc-136cd478-0 ekTCfV\" readability=\"39\">\n<p>Sin embargo, seg\u00fan pudo saber <strong>Ol\u00e9<\/strong>, la l\u00ednea en Boca es corta y clara: <strong>\u201cNo hablamos de Borja\u2026\u201d,<\/strong> aseguraron. Es una respuesta que no se sube al ruido. Que queda ah\u00ed, como una forma elegante de no quemar un mercado que reci\u00e9n arranc\u00f3 o de dar entender que hoy la b\u00fasqueda est\u00e1 apuntada hacia otro lado. Pero tampoco hubo una reacci\u00f3n contundente por la negativa&#8230;<\/p>\n<\/div>\n<div id=\"element-body-7\" class=\"sc-3c5a76cc-1 idjLTd\">\n<div class=\"sc-e8b2828-0 fBmEJc\" type=\"embed\">\n<div class=\"sc-e8b2828-1 iPLbWT videoText\" id=\"contentTitleembediXB55ems\" type=\"embed\"><svg fill=\"#ffffff\"><symbol id=\"play\" viewBox=\"0 0 512 512\"><path d=\"M512 256C512 397.4 397.4 512 256 512C114.6 512 0 397.4 0 256C0 114.6 114.6 0 256 0C397.4 0 512 114.6 512 256zM176 168V344C176 352.7 180.7 360.7 188.3 364.9C195.8 369.2 205.1 369 212.5 364.5L356.5 276.5C363.6 272.1 368 264.4 368 256C368 247.6 363.6 239.9 356.5 235.5L212.5 147.5C205.1 142.1 195.8 142.8 188.3 147.1C180.7 151.3 176 159.3 176 168V168z\" \/><\/symbol><use xlink:href=\"#play\" \/><\/svg><\/p>\n<div class=\"right\">\n<p>River Plate<!-- --> &#8211; <span>&nbsp;<\/span><\/p>\n<h2 class=\"title-vid\">Borja cont\u00f3 qu\u00e9 har\u00eda si lo llama Riquelme para ser refuerzo de Boca<\/h2>\n<\/div>\n<\/div>\n<p><span class=\"back\" id=\"spanBackembediXB55ems\"><\/span><\/div>\n<div class=\"JWvideoNota_title\">\n<p>@ESPNArgentina<\/p>\n<\/div>\n<\/div>\n<div id=\"element-body-8\" class=\"sc-3c5a76cc-1 idjLTd\">\n<div class=\"sc-e8b2828-0 fBmEJc\" type=\"embed\">\n<div class=\"sc-e8b2828-1 iPLbWT videoText\" id=\"contentTitleembed1oMIsjgZ\" type=\"embed\"><svg fill=\"#ffffff\"><symbol id=\"play\" viewBox=\"0 0 512 512\"><path d=\"M512 256C512 397.4 397.4 512 256 512C114.6 512 0 397.4 0 256C0 114.6 114.6 0 256 0C397.4 0 512 114.6 512 256zM176 168V344C176 352.7 180.7 360.7 188.3 364.9C195.8 369.2 205.1 369 212.5 364.5L356.5 276.5C363.6 272.1 368 264.4 368 256C368 247.6 363.6 239.9 356.5 235.5L212.5 147.5C205.1 142.1 195.8 142.8 188.3 147.1C180.7 151.3 176 159.3 176 168V168z\" \/><\/symbol><use xlink:href=\"#play\" \/><\/svg><\/p>\n<div class=\"right\">\n<p>Boca Juniors<!-- --> &#8211; <span>&nbsp;<\/span><\/p>\n<h2 class=\"title-vid\">El hermano de Borja reconoci\u00f3 que le encantar\u00eda que el ex delantero de River jugara en Boca<\/h2>\n<\/div>\n<\/div>\n<p><span class=\"back\" id=\"spanBackembed1oMIsjgZ\"><\/span><\/div>\n<div class=\"JWvideoNota_title\">\n<p>Video: ESPN<\/p>\n<\/div>\n<\/div>\n<div id=\"element-body-9\" class=\"sc-136cd478-0 ekTCfV\" readability=\"42\">\n<p>Como fuera, el colombiano siempre fue un perfil apreciado para el Xeneize. No por casualidad, <strong>Miguel Russo lo quiso en su momento para su Boca 2021,<\/strong> cuando necesitaban un nueve consolidado y el ex Palmeiras era prioridad junto con Roger Mart\u00ednez. <strong> Las conversaciones, tanteos y evaluaciones dan prueba de que es del agrado, o lo fue en su momento. Pero que, por una raz\u00f3n u otra, nunca se alinearon los planetas. Ni los n\u00fameros.<\/strong><\/p>\n<\/div>\n<div id=\"element-body-10\" class=\"sc-136cd478-0 ekTCfV\" readability=\"37\">\n<p>De todas manera, eso a M\u00e1rcico pareciera no importarle mucho, al punto tal que hasta ya le mand\u00f3 un mensaje al ex delantero de River para que se ponga la camiseta de la que es hincha. <strong> \u00abVenite Miguel, que Boca te cambia la vida para bien. Batistuta vino de river a Boca: goleador e \u00eddolo\u201d.<\/strong><\/p>\n<\/div>\n<p><h2><strong>DI ZEO TAMBI\u00c9N PIDI\u00d3 A BORJA PARA BOCA<\/strong><\/h2>\n<\/p>\n<div id=\"element-body-12\" class=\"sc-3c5a76cc-1 idjLTd\">\n<div class=\"sc-e8b2828-0 fBmEJc\" type=\"embed\">\n<div class=\"sc-e8b2828-1 iPLbWT videoText\" id=\"contentTitleembedI0VkClDC\" type=\"embed\"><svg fill=\"#ffffff\"><symbol id=\"play\" viewBox=\"0 0 512 512\"><path d=\"M512 256C512 397.4 397.4 512 256 512C114.6 512 0 397.4 0 256C0 114.6 114.6 0 256 0C397.4 0 512 114.6 512 256zM176 168V344C176 352.7 180.7 360.7 188.3 364.9C195.8 369.2 205.1 369 212.5 364.5L356.5 276.5C363.6 272.1 368 264.4 368 256C368 247.6 363.6 239.9 356.5 235.5L212.5 147.5C205.1 142.1 195.8 142.8 188.3 147.1C180.7 151.3 176 159.3 176 168V168z\" \/><\/symbol><use xlink:href=\"#play\" \/><\/svg><\/p>\n<div class=\"right\">\n<p>Boca Juniors<!-- --> &#8211; <span>&nbsp;<\/span><\/p>\n<h2 class=\"title-vid\">\u00abBorja es el 9 que necesita Boca\u00bb, reconoci\u00f3 Rafael Di Zeo<\/h2>\n<\/div>\n<\/div>\n<p><span class=\"back\" id=\"spanBackembedI0VkClDC\"><\/span><\/div>\n<div class=\"JWvideoNota_title\">\n<p>Video: Carnaval<\/p>\n<\/div>\n<\/div>\n<div id=\"element-body-13\" class=\"sc-a7166897-0 eoLsBE\" readability=\"31\">\n<section readability=\"2\"><picture><img alt=\"Bomba en el Mundo Boca: &quot;Borja es el pr\u00f3ximo Batistuta&quot;\" loading=\"lazy\" width=\"290\" height=\"290\" decoding=\"async\" data-nimg=\"1\" src=\"http:\/\/hoycordobaweb.com\/wp-content\/uploads\/2025\/12\/el-pedido-bostero-del-beto-marcico-a-riquelme-por-borja-3.jpg\"><\/picture>\n<p><span>Mir\u00e1 tambi\u00e9n<\/span><\/p>\n<hr>\n<h3>Bomba en el Mundo Boca: \u00abBorja es el pr\u00f3ximo Batistuta\u00bb<\/h3>\n<\/p>\n<\/section>\n<\/div>\n<div id=\"element-body-14\" class=\"sc-a7166897-0 eoLsBE\" readability=\"32\">\n<section readability=\"4\"><picture><img alt=\"Mercado de pases 2026: los cuatro refuerzos, las negociaciones y las bajas antes de la final del Clausura\" loading=\"lazy\" width=\"290\" height=\"290\" decoding=\"async\" data-nimg=\"1\" src=\"http:\/\/hoycordobaweb.com\/wp-content\/uploads\/2025\/12\/el-pedido-bostero-del-beto-marcico-a-riquelme-por-borja-4.jpg\"><\/picture>\n<p><span>Mir\u00e1 tambi\u00e9n<\/span><\/p>\n<hr>\n<h3>Mercado de pases 2026: los cuatro refuerzos, las negociaciones y las bajas antes de la final del Clausura<\/h3>\n<\/p>\n<\/section>\n<\/div>\n<div id=\"element-body-15\" class=\"sc-a7166897-0 eoLsBE\" readability=\"31\">\n<section readability=\"2\"><picture><img alt=\"El jugador top de Boca que a\u00fan no resolvi\u00f3 su futuro: \u00bfsigue o se va?\" loading=\"lazy\" width=\"290\" height=\"290\" decoding=\"async\" data-nimg=\"1\" src=\"http:\/\/hoycordobaweb.com\/wp-content\/uploads\/2025\/12\/el-pedido-bostero-del-beto-marcico-a-riquelme-por-borja-5.jpg\"><\/picture>\n<p><span>Mir\u00e1 tambi\u00e9n<\/span><\/p>\n<hr>\n<h3>El jugador top de Boca que a\u00fan no resolvi\u00f3 su futuro: \u00bfsigue o se va?<\/h3>\n<\/p>\n<\/section>\n<\/div>\n<div id=\"element-body-16\" class=\"sc-a7166897-0 eoLsBE\" readability=\"31\">\n<section readability=\"2\"><picture><img alt=\"Con Cavani y Maradona: el saludo especial del Napoli por el d\u00eda del hincha de Boca\" loading=\"lazy\" width=\"290\" height=\"290\" decoding=\"async\" data-nimg=\"1\" src=\"http:\/\/hoycordobaweb.com\/wp-content\/uploads\/2025\/12\/el-pedido-bostero-del-beto-marcico-a-riquelme-por-borja-6.jpg\"><\/picture>\n<p><span>Mir\u00e1 tambi\u00e9n<\/span><\/p>\n<hr>\n<h3>Con Cavani y Maradona: el saludo especial del Napoli por el d\u00eda del hincha de Boca<\/h3>\n<\/p>\n<\/section>\n<\/div>\n<div id=\"element-body-17\" class=\"sc-a7166897-0 eoLsBE\" readability=\"31.5\">\n<section readability=\"3\"><picture><img alt=\"D\u00eda del hincha de Boca: la Bombonera festej\u00f3 a pura m\u00fasica con m\u00e1s de 20.000 personas\" loading=\"lazy\" width=\"290\" height=\"290\" decoding=\"async\" data-nimg=\"1\" src=\"http:\/\/hoycordobaweb.com\/wp-content\/uploads\/2025\/12\/el-pedido-bostero-del-beto-marcico-a-riquelme-por-borja-7.jpg\"><\/picture>\n<p><span>Mir\u00e1 tambi\u00e9n<\/span><\/p>\n<hr>\n<h3>D\u00eda del hincha de Boca: la Bombonera festej\u00f3 a pura m\u00fasica con m\u00e1s de 20.000 personas<\/h3>\n<\/p>\n<\/section>\n<\/div>\n<\/div>\n","protected":false},"excerpt":{"rendered":"<p>13\/12\/2025 13:07hs. Primero fue Rafael Di Zeo el que se meti\u00f3 de lleno en la pol\u00e9mica de la semana luego de que Miguel \u00c1ngel Borja confesara que estar\u00eda dispuesto a charlar con Juan Rom\u00e1n Riquelme sobre una posible llegada al club pese a su pasado en River. Y ahora, el que recogi\u00f3 el guante fue [&hellip;]<\/p>\n","protected":false},"author":1,"featured_media":125171,"comment_status":"open","ping_status":"closed","sticky":false,"template":"","format":"standard","meta":[],"categories":[16],"tags":[],"_links":{"self":[{"href":"http:\/\/hoycordobaweb.com\/index.php\/wp-json\/wp\/v2\/posts\/125170"}],"collection":[{"href":"http:\/\/hoycordobaweb.com\/index.php\/wp-json\/wp\/v2\/posts"}],"about":[{"href":"http:\/\/hoycordobaweb.com\/index.php\/wp-json\/wp\/v2\/types\/post"}],"author":[{"embeddable":true,"href":"http:\/\/hoycordobaweb.com\/index.php\/wp-json\/wp\/v2\/users\/1"}],"replies":[{"embeddable":true,"href":"http:\/\/hoycordobaweb.com\/index.php\/wp-json\/wp\/v2\/comments?post=125170"}],"version-history":[{"count":0,"href":"http:\/\/hoycordobaweb.com\/index.php\/wp-json\/wp\/v2\/posts\/125170\/revisions"}],"wp:featuredmedia":[{"embeddable":true,"href":"http:\/\/hoycordobaweb.com\/index.php\/wp-json\/wp\/v2\/media\/125171"}],"wp:attachment":[{"href":"http:\/\/hoycordobaweb.com\/index.php\/wp-json\/wp\/v2\/media?parent=125170"}],"wp:term":[{"taxonomy":"category","embeddable":true,"href":"http:\/\/hoycordobaweb.com\/index.php\/wp-json\/wp\/v2\/categories?post=125170"},{"taxonomy":"post_tag","embeddable":true,"href":"http:\/\/hoycordobaweb.com\/index.php\/wp-json\/wp\/v2\/tags?post=125170"}],"curies":[{"name":"wp","href":"https:\/\/api.w.org\/{rel}","templated":true}]}}