{"id":125168,"date":"2025-12-13T16:09:54","date_gmt":"2025-12-13T16:09:54","guid":{"rendered":"https:\/\/www.ole.com.ar\/estudiantes\/juan-sebastian-veron-afa-final-clausura-estudiantes-racing_0_2VosCdamsu.html"},"modified":"2025-12-13T16:09:54","modified_gmt":"2025-12-13T16:09:54","slug":"sebastian-veron-se-saco-fotos-con-los-hinchas-antes-de-partir-a-santiago-del-estero","status":"publish","type":"post","link":"http:\/\/hoycordobaweb.com\/index.php\/2025\/12\/13\/sebastian-veron-se-saco-fotos-con-los-hinchas-antes-de-partir-a-santiago-del-estero\/","title":{"rendered":"Sebasti\u00e1n Ver\u00f3n se sac\u00f3 fotos con los hinchas antes de partir a Santiago del Estero"},"content":{"rendered":"<p><img src=\"http:\/\/hoycordobaweb.com\/wp-content\/uploads\/2025\/12\/sebastian-veron-se-saco-fotos-con-los-hinchas-antes-de-partir-a-santiago-del-estero.jpg\"><\/p>\n<p><time class=\"createDate\" datetime=\"2025-12-13T13:09:54-03:00\">13\/12\/2025 13:09hs.<\/time><\/p>\n<div id=\"storyBody\">\n<div id=\"element-body-0\" class=\"sc-136cd478-0 ekTCfV\" readability=\"34.657205240175\">\n<p>Qued\u00f3 inhabilitado para ejercer su cargo como presidente durante los pr\u00f3ximos seis meses por haber avalado un pasillo de espaldas a <strong><a href=\"https:\/\/www.ole.com.ar\/tema\/rosario-central.html\" title=\"Rosario Central\" alt=\"Rosario Central\" class=\"slug\">Rosario Central<\/a><\/strong>, equipo que fue proclamado campe\u00f3n de Liga por decisi\u00f3n de la <strong><a href=\"https:\/\/www.ole.com.ar\/tema\/afa.html\" title=\"afa\" alt=\"afa\" class=\"slug\">AFA<\/a><\/strong>. Sin embargo, <strong><a href=\"https:\/\/www.ole.com.ar\/tema\/juan-sebastian-veron.html\" title=\"Juan Sebasti\u00e1n Ver\u00f3n\" alt=\"Juan Sebasti\u00e1n Ver\u00f3n\" class=\"slug\">Juan Sebasti\u00e1n Ver\u00f3n<\/a><\/strong> dir\u00e1 presente en el Madre de Ciudades para alentar a <strong><a href=\"https:\/\/www.ole.com.ar\/tema\/estudiantes-de-la-plata.html\" title=\"Estudiantes de La Plata\" alt=\"Estudiantes de La Plata\" class=\"slug\">Estudiantes<\/a> <\/strong>en la final del Torneo Clausura. Por lo tanto, antes de subir al avi\u00f3n, se tom\u00f3 fotos con los hinchas que lo frenaron en el aeropuerto.<\/p>\n<\/div>\n<div id=\"element-body-1\" class=\"sc-136cd478-0 ekTCfV\" readability=\"36\">\n<p>Tal como captaron las c\u00e1maras, la Bruja fue interceptada por los fan\u00e1ticos en el sector en el que se despachan las valijas. Sin dudarlo, fren\u00f3 con cada uno de ellos y se sac\u00f3 algunas selfies antes de partir rumbo a Santiago del Estero.<\/p>\n<\/div>\n<div id=\"element-body-2\" class=\"sc-3c5a76cc-1 idjLTd\">\n<div class=\"sc-e8b2828-0 fBmEJc\" type=\"embed\">\n<div class=\"sc-e8b2828-1 iPLbWT videoText\" id=\"contentTitleembedcT0Lm9ws\" type=\"embed\" readability=\"56\"><svg fill=\"#ffffff\"><symbol id=\"play\" viewBox=\"0 0 512 512\"><path d=\"M512 256C512 397.4 397.4 512 256 512C114.6 512 0 397.4 0 256C0 114.6 114.6 0 256 0C397.4 0 512 114.6 512 256zM176 168V344C176 352.7 180.7 360.7 188.3 364.9C195.8 369.2 205.1 369 212.5 364.5L356.5 276.5C363.6 272.1 368 264.4 368 256C368 247.6 363.6 239.9 356.5 235.5L212.5 147.5C205.1 142.1 195.8 142.8 188.3 147.1C180.7 151.3 176 159.3 176 168V168z\" \/><\/symbol><use xlink:href=\"#play\" \/><\/svg><\/p>\n<div class=\"right\" readability=\"7\">\n<p>Juan Sebasti\u00e1n Ver\u00f3n<!-- --> &#8211; <span>&nbsp;<\/span><\/p>\n<h2 class=\"title-vid\">Juan Sebasti\u00e1n Ver\u00f3n con los hinchas en el aeropuerto<\/h2>\n<\/div>\n<\/div>\n<p><span class=\"back\" id=\"spanBackembedcT0Lm9ws\"><\/span><\/div>\n<div class=\"JWvideoNota_title\">\n<p>Video: @pujolfernando<\/p>\n<\/div>\n<\/div>\n<div id=\"element-body-3\" class=\"sc-136cd478-0 ekTCfV\" readability=\"32.914893617021\">\n<p>Aunque la sanci\u00f3n impuesta por la Casa Madre le impide ver el duelo frente a <strong><a href=\"https:\/\/www.ole.com.ar\/tema\/racing.html\" title=\"Racing\" alt=\"Racing\" class=\"slug\">Racing<\/a> <\/strong>desde el palco oficial de autoridades, JSV bancar\u00e1 a su equipo desde la tribuna como un seguidor m\u00e1s. <\/p>\n<\/div>\n<p><h2>Chocaron tres micros de Estudiantes rumbo a Santiago del Estero: hubo tres heridos leves<\/h2>\n<\/p>\n<div id=\"element-body-5\" class=\"sc-136cd478-0 ekTCfV\" readability=\"35\">\n<p>Tal como inform\u00f3 la propia instituci\u00f3n en todas sus redes sociales, tres micros que transportaban a sus hinchas chocaron entre s\u00ed en la Ruta Nacional 8, m\u00e1s precisamente a la altura de Sol\u00eds.<\/p>\n<\/div>\n<div id=\"element-body-6\" class=\"sc-3c5a76cc-1 idjLTd\">\n<div class=\"sc-e8b2828-0 fBmEJc\" type=\"embed\">\n<div class=\"sc-e8b2828-1 iPLbWT videoText\" id=\"contentTitleembedAAKdvSrt\" type=\"embed\" readability=\"56\"><svg fill=\"#ffffff\"><symbol id=\"play\" viewBox=\"0 0 512 512\"><path d=\"M512 256C512 397.4 397.4 512 256 512C114.6 512 0 397.4 0 256C0 114.6 114.6 0 256 0C397.4 0 512 114.6 512 256zM176 168V344C176 352.7 180.7 360.7 188.3 364.9C195.8 369.2 205.1 369 212.5 364.5L356.5 276.5C363.6 272.1 368 264.4 368 256C368 247.6 363.6 239.9 356.5 235.5L212.5 147.5C205.1 142.1 195.8 142.8 188.3 147.1C180.7 151.3 176 159.3 176 168V168z\" \/><\/symbol><use xlink:href=\"#play\" \/><\/svg><\/p>\n<div class=\"right\" readability=\"7\">\n<p>Estudiantes de La Plata<!-- --> &#8211; <span>&nbsp;<\/span><\/p>\n<h2 class=\"title-vid\">Chocaron tres micros de Estudiantes rumbo a Santiago del Estero<\/h2>\n<\/div>\n<\/div>\n<p><span class=\"back\" id=\"spanBackembedAAKdvSrt\"><\/span><\/div>\n<div class=\"JWvideoNota_title\">\n<p>Video: @AgusZabaleta95<\/p>\n<\/div>\n<\/div>\n<div id=\"element-body-7\" class=\"sc-136cd478-0 ekTCfV\" readability=\"37\">\n<p>Seg\u00fan comunicaron en el parte, tres personas sufrieron heridas leves y fueron derivadas al Hospital de Pilar para ser evaluadas. De todas formas, ninguna corre peligro. \u00abEl resto de los pasajeros de la delegaci\u00f3n se encuentra en buen estado y no presenta lesiones\u00bb, aseguraron.<\/p>\n<\/div>\n<div id=\"element-body-8\" class=\"sc-136cd478-0 ekTCfV\" readability=\"35\">\n<p>Finalmente, tras realizarse el reemplazo de las unidades afectadas y descartarse un cuadro de gravedad en las v\u00edctimas, los pasajeros pudieron continuar con su viaje.<\/p>\n<\/div>\n<p><h2>\u00bfCu\u00e1ndo y a qu\u00e9 hora es la final del Torneo Clausura entre Racing y Estudiantes?<\/h2>\n<\/p>\n<div id=\"element-body-10\" class=\"sc-136cd478-0 ekTCfV\" readability=\"38\">\n<p>El enfrentamiento entre <strong>Racing <\/strong>y <strong>Estudiantes de La Plata<\/strong> por la final del Torneo Clausura, que se disputar\u00e1 el s\u00e1bado 13 de diciembre a partir de las 21:00 horas en el Estadio \u00danico Madre de Ciudades de Santiago del Estero, definir\u00e1 no solo al campe\u00f3n del certamen, sino tambi\u00e9n al equipo que obtendr\u00e1 el pase directo a la Copa Libertadores.<\/p>\n<\/div>\n<div id=\"element-body-11\" class=\"sc-136cd478-0 ekTCfV\" readability=\"35\">\n<p>El partido, que ser\u00e1 transmitido por ESPN Premium y TNT Sports, representa la culminaci\u00f3n de una temporada marcada por la regularidad de la Academia y la remontada del Pincha.<\/p>\n<\/div>\n<div id=\"element-body-12\" class=\"sc-a7166897-0 eoLsBE\" readability=\"31.5\">\n<section readability=\"3\"><picture><img alt=\"A qu\u00e9 hora juega hoy Racing vs. Estudiantes y por d\u00f3nde se puede ver EN VIVO la final del Torneo Clausura 2025\" loading=\"lazy\" width=\"290\" height=\"290\" decoding=\"async\" data-nimg=\"1\" src=\"http:\/\/hoycordobaweb.com\/wp-content\/uploads\/2025\/12\/sebastian-veron-se-saco-fotos-con-los-hinchas-antes-de-partir-a-santiago-del-estero-2.jpg\"><\/picture>\n<p><span>Mir\u00e1 tambi\u00e9n<\/span><\/p>\n<hr>\n<h3>A qu\u00e9 hora juega hoy Racing vs. Estudiantes y por d\u00f3nde se puede ver EN VIVO la final del Torneo Clausura 2025<\/h3>\n<\/p>\n<\/section>\n<\/div>\n<div id=\"element-body-13\" class=\"sc-a7166897-0 eoLsBE\" readability=\"31\">\n<section readability=\"2\"><picture><img alt=\"Chocaron tres micros de Estudiantes que se dirig\u00edan a la final del Torneo Clausura\" loading=\"lazy\" width=\"290\" height=\"290\" decoding=\"async\" data-nimg=\"1\" src=\"http:\/\/hoycordobaweb.com\/wp-content\/uploads\/2025\/12\/sebastian-veron-se-saco-fotos-con-los-hinchas-antes-de-partir-a-santiago-del-estero-3.jpg\"><\/picture>\n<p><span>Mir\u00e1 tambi\u00e9n<\/span><\/p>\n<hr>\n<h3>Chocaron tres micros de Estudiantes que se dirig\u00edan a la final del Torneo Clausura<\/h3>\n<\/p>\n<\/section>\n<\/div>\n<div id=\"element-body-14\" class=\"sc-a7166897-0 eoLsBE\" readability=\"31.5\">\n<section readability=\"3\"><picture><img alt=\"Qu\u00e9 canal de TV transmite Racing vs. Estudiantes, por la final del Torneo Clausura\" loading=\"lazy\" width=\"290\" height=\"290\" decoding=\"async\" data-nimg=\"1\" src=\"http:\/\/hoycordobaweb.com\/wp-content\/uploads\/2025\/12\/sebastian-veron-se-saco-fotos-con-los-hinchas-antes-de-partir-a-santiago-del-estero-4.jpg\"><\/picture>\n<p><span>Mir\u00e1 tambi\u00e9n<\/span><\/p>\n<hr>\n<h3>Qu\u00e9 canal de TV transmite Racing vs. Estudiantes, por la final del Torneo Clausura<\/h3>\n<\/p>\n<\/section>\n<\/div>\n<\/div>\n","protected":false},"excerpt":{"rendered":"<p>13\/12\/2025 13:09hs. Qued\u00f3 inhabilitado para ejercer su cargo como presidente durante los pr\u00f3ximos seis meses por haber avalado un pasillo de espaldas a Rosario Central, equipo que fue proclamado campe\u00f3n de Liga por decisi\u00f3n de la AFA. Sin embargo, Juan Sebasti\u00e1n Ver\u00f3n dir\u00e1 presente en el Madre de Ciudades para alentar a Estudiantes en la [&hellip;]<\/p>\n","protected":false},"author":1,"featured_media":125169,"comment_status":"open","ping_status":"closed","sticky":false,"template":"","format":"standard","meta":[],"categories":[16],"tags":[],"_links":{"self":[{"href":"http:\/\/hoycordobaweb.com\/index.php\/wp-json\/wp\/v2\/posts\/125168"}],"collection":[{"href":"http:\/\/hoycordobaweb.com\/index.php\/wp-json\/wp\/v2\/posts"}],"about":[{"href":"http:\/\/hoycordobaweb.com\/index.php\/wp-json\/wp\/v2\/types\/post"}],"author":[{"embeddable":true,"href":"http:\/\/hoycordobaweb.com\/index.php\/wp-json\/wp\/v2\/users\/1"}],"replies":[{"embeddable":true,"href":"http:\/\/hoycordobaweb.com\/index.php\/wp-json\/wp\/v2\/comments?post=125168"}],"version-history":[{"count":0,"href":"http:\/\/hoycordobaweb.com\/index.php\/wp-json\/wp\/v2\/posts\/125168\/revisions"}],"wp:featuredmedia":[{"embeddable":true,"href":"http:\/\/hoycordobaweb.com\/index.php\/wp-json\/wp\/v2\/media\/125169"}],"wp:attachment":[{"href":"http:\/\/hoycordobaweb.com\/index.php\/wp-json\/wp\/v2\/media?parent=125168"}],"wp:term":[{"taxonomy":"category","embeddable":true,"href":"http:\/\/hoycordobaweb.com\/index.php\/wp-json\/wp\/v2\/categories?post=125168"},{"taxonomy":"post_tag","embeddable":true,"href":"http:\/\/hoycordobaweb.com\/index.php\/wp-json\/wp\/v2\/tags?post=125168"}],"curies":[{"name":"wp","href":"https:\/\/api.w.org\/{rel}","templated":true}]}}