{"id":12509,"date":"2021-02-11T14:56:28","date_gmt":"2021-02-11T14:56:28","guid":{"rendered":"https:\/\/www.mujerhoy.com\/moda\/tendencias\/202102\/11\/abrigos-acolchados-baratos-zara-mango-bershka-pull-and-bear-entretiempo-20210211141338.html"},"modified":"2021-02-11T14:56:28","modified_gmt":"2021-02-11T14:56:28","slug":"abrigos-acolchados-finos-super-utiles-y-muy-tendencia-que-te-podras-poner-ahora-y-tambien-en-el-entretiempo","status":"publish","type":"post","link":"http:\/\/hoycordobaweb.com\/index.php\/2021\/02\/11\/abrigos-acolchados-finos-super-utiles-y-muy-tendencia-que-te-podras-poner-ahora-y-tambien-en-el-entretiempo\/","title":{"rendered":"Abrigos acolchados finos s\u00faper \u00fatiles (y muy tendencia) que te podr\u00e1s poner ahora y tambi\u00e9n en el entretiempo"},"content":{"rendered":"<p>Pens\u00e1bamos que el punto seguir\u00eda siendo en 2021 la tendencia favorita, pero parece que <strong>el acolchado<\/strong> le ha ganado por completo la partida. Y aunque los abrigos puffy hab\u00edan hecho que fuera una tendencia \u00fanicamente del invierno, han llegado <strong>otras versiones que la han convertido en la imprescindible de la temporada<\/strong>. En forma de <strong>chaleco <\/strong>-ficha <a href=\"https:\/\/www.mujerhoy.com\/moda\/tendencias\/202102\/10\/chaleco-acolchado-mango-clon-isabel-marant-favorito-influencers-20210210122642.html\" target=\"_blank\" rel=\"noopener noreferrer\">este de Zara tan original<\/a>-, de <strong>chaqueta <\/strong>como <a href=\"https:\/\/www.mujerhoy.com\/moda\/no-te-pierdas\/202102\/07\/chaqueta-acolchada-reversible-zara-nueva-coleccion-amelia-bono-20210205135753.html\" target=\"_blank\" rel=\"noopener noreferrer\">esta reversible que ha llevado Amelia Bono<\/a> y ahora, en <strong>versi\u00f3n abrigo largo<\/strong>. Una o<strong>pci\u00f3n ideal para llevar ahora y en el entretiempo <\/strong>y que ya hemos visto a celebs como <a href=\"https:\/\/www.mujerhoy.com\/moda\/no-te-pierdas\/202102\/01\/katie-holmes-abrigo-acolchado-mango-barato-tendencia-20210131162042.html\" target=\"_blank\" rel=\"noopener noreferrer\">Katie Holmes que ha llevado este de Mango<\/a>.<\/p>\n<div class=\"comp_mm\">\n<figure><picture><source srcset=\"http:\/\/hoycordobaweb.com\/wp-content\/uploads\/2021\/02\/abrigos-acolchados-finos-super-utiles-y-muy-tendencia-que-te-podras-poner-ahora-y-tambien-en-el-entretiempo.jpg, http:\/\/hoycordobaweb.com\/wp-content\/uploads\/2021\/02\/abrigos-acolchados-finos-super-utiles-y-muy-tendencia-que-te-podras-poner-ahora-y-tambien-en-el-entretiempo.jpg 2x\" media=\"(min-width: 1054px)\"><source srcset=\"http:\/\/hoycordobaweb.com\/wp-content\/uploads\/2021\/02\/abrigos-acolchados-finos-super-utiles-y-muy-tendencia-que-te-podras-poner-ahora-y-tambien-en-el-entretiempo.jpg, http:\/\/hoycordobaweb.com\/wp-content\/uploads\/2021\/02\/abrigos-acolchados-finos-super-utiles-y-muy-tendencia-que-te-podras-poner-ahora-y-tambien-en-el-entretiempo.jpg 2x\" media=\"(min-width: 720px)\"><source srcset=\"https:\/\/resizer.mujerhoy.com\/resizer\/resizer.php?imagen=http:\/\/hoycordobaweb.com\/wp-content\/uploads\/2021\/02\/abrigos-acolchados-finos-super-utiles-y-muy-tendencia-que-te-podras-poner-ahora-y-tambien-en-el-entretiempo.jpg&amp;nuevoalto=714&amp;nuevoancho=476\"><img src=\"http:\/\/hoycordobaweb.com\/wp-content\/uploads\/2021\/02\/abrigos-acolchados-finos-super-utiles-y-muy-tendencia-que-te-podras-poner-ahora-y-tambien-en-el-entretiempo.jpg\" alt title itemprop=\"image\"><\/picture><figcaption><\/figcaption><\/figure>\n<\/div>\n<p>Es sin duda el abrigo del 2021, y <a href=\"https:\/\/www.mujerhoy.com\/moda\/tendencias\/202102\/10\/abrigo-acolchado-crudo-zara-hym-nueva-coleccion-pull-and-bear-20210210000306.html\" target=\"_blank\" rel=\"noopener noreferrer\">en Pull&amp;Bear lo puedes comprar en exclusiva en su web<\/a>. La firma de Inidtex ha tra\u00eddo un modelo en color beige claro con <strong>cuello redondo y bolsillos anchos <\/strong>que cuesta <strong>35,99 euros<\/strong> est\u00e1 siendo todo un \u00e9xito. Este tipo de abrigos nos gustan porque puedes usarlos ahora con un look m\u00e1s abrigado como jersey de punto grueso y jeans, pero que tambi\u00e9n podr\u00e1s usar en el entretiempo con un vestido y botas, por ejemplo.<\/p>\n<div class=\"comp_mm\">\n<figure><picture><source srcset=\"http:\/\/hoycordobaweb.com\/wp-content\/uploads\/2021\/02\/abrigos-acolchados-finos-super-utiles-y-muy-tendencia-que-te-podras-poner-ahora-y-tambien-en-el-entretiempo-1.jpg, http:\/\/hoycordobaweb.com\/wp-content\/uploads\/2021\/02\/abrigos-acolchados-finos-super-utiles-y-muy-tendencia-que-te-podras-poner-ahora-y-tambien-en-el-entretiempo-1.jpg 2x\" media=\"(min-width: 1054px)\"><source srcset=\"http:\/\/hoycordobaweb.com\/wp-content\/uploads\/2021\/02\/abrigos-acolchados-finos-super-utiles-y-muy-tendencia-que-te-podras-poner-ahora-y-tambien-en-el-entretiempo-1.jpg, http:\/\/hoycordobaweb.com\/wp-content\/uploads\/2021\/02\/abrigos-acolchados-finos-super-utiles-y-muy-tendencia-que-te-podras-poner-ahora-y-tambien-en-el-entretiempo-1.jpg 2x\" media=\"(min-width: 720px)\"><source srcset=\"https:\/\/resizer.mujerhoy.com\/resizer\/resizer.php?imagen=http:\/\/hoycordobaweb.com\/wp-content\/uploads\/2021\/02\/abrigos-acolchados-finos-super-utiles-y-muy-tendencia-que-te-podras-poner-ahora-y-tambien-en-el-entretiempo-1.jpg&amp;nuevoalto=714&amp;nuevoancho=476\"><img src=\"http:\/\/hoycordobaweb.com\/wp-content\/uploads\/2021\/02\/abrigos-acolchados-finos-super-utiles-y-muy-tendencia-que-te-podras-poner-ahora-y-tambien-en-el-entretiempo-1.jpg\" alt title itemprop=\"image\"><\/picture><figcaption><\/figcaption><\/figure>\n<\/div>\n<p>Si lo tuyo son los colores oscuros y, aunque la primavera pide tonalidades m\u00e1s claras y pasteles, eres fiel al <strong>negro<\/strong>, en <strong>Bershka <\/strong>hay una opci\u00f3n para ti. Tiene el cuello subido, cierre de botones met\u00e1licos y un cintur\u00f3n con el que marcar la silueta. Cuesta tambi\u00e9n <strong>35,99 euros<\/strong> y promete agotarse tan r\u00e1pido como <a href=\"https:\/\/www.mujerhoy.com\/moda\/no-te-pierdas\/202102\/10\/gabardina-barata-bershka-rebajas-original-paula-echevarria-look-comodo-primavera-20210210101632.html\" target=\"_blank\" rel=\"noopener noreferrer\">la gabardina original de Paula Echevarr\u00eda<\/a>.<\/p>\n<div class=\"comp_mm\">\n<figure><picture><source srcset=\"http:\/\/hoycordobaweb.com\/wp-content\/uploads\/2021\/02\/abrigos-acolchados-finos-super-utiles-y-muy-tendencia-que-te-podras-poner-ahora-y-tambien-en-el-entretiempo-2.jpg, http:\/\/hoycordobaweb.com\/wp-content\/uploads\/2021\/02\/abrigos-acolchados-finos-super-utiles-y-muy-tendencia-que-te-podras-poner-ahora-y-tambien-en-el-entretiempo-2.jpg 2x\" media=\"(min-width: 1054px)\"><source srcset=\"http:\/\/hoycordobaweb.com\/wp-content\/uploads\/2021\/02\/abrigos-acolchados-finos-super-utiles-y-muy-tendencia-que-te-podras-poner-ahora-y-tambien-en-el-entretiempo-2.jpg, http:\/\/hoycordobaweb.com\/wp-content\/uploads\/2021\/02\/abrigos-acolchados-finos-super-utiles-y-muy-tendencia-que-te-podras-poner-ahora-y-tambien-en-el-entretiempo-2.jpg 2x\" media=\"(min-width: 720px)\"><source srcset=\"https:\/\/resizer.mujerhoy.com\/resizer\/resizer.php?imagen=http:\/\/hoycordobaweb.com\/wp-content\/uploads\/2021\/02\/abrigos-acolchados-finos-super-utiles-y-muy-tendencia-que-te-podras-poner-ahora-y-tambien-en-el-entretiempo-2.jpg&amp;nuevoalto=714&amp;nuevoancho=476\"><img src=\"http:\/\/hoycordobaweb.com\/wp-content\/uploads\/2021\/02\/abrigos-acolchados-finos-super-utiles-y-muy-tendencia-que-te-podras-poner-ahora-y-tambien-en-el-entretiempo-2.jpg\" alt title itemprop=\"image\"><\/picture><figcaption><\/figcaption><\/figure>\n<\/div>\n<p>Sin embargo, si prefieres algo m\u00e1s original con un color diferente y m\u00e1s llamativo, pero que combine muy bien con todo los modelos de <strong>Mango <\/strong>y de <strong>Zara <\/strong>ser\u00e1n tus favoritos. El gigante de Inditex tiene uno en c<strong>olor tostado con capucha <\/strong>y tiras negras a contraste, relleno de pluma y plum\u00f3n que cuesta <strong>79,95 euros<\/strong> que ya se est\u00e1 agotando por lo bonito que es. El de Mango es un dise\u00f1o similar con el <strong>cuello amplio y con en un tejido ligeramente brillante <\/strong>que est\u00e1 ahora <strong>rebajado a 49,99 euros<\/strong>. \u00bfTienes ya uno? Si no es as\u00ed&#8230; \u00a1Corre!<\/p>\n<div class=\"comp_mm\">\n<figure><picture><source srcset=\"http:\/\/hoycordobaweb.com\/wp-content\/uploads\/2021\/02\/abrigos-acolchados-finos-super-utiles-y-muy-tendencia-que-te-podras-poner-ahora-y-tambien-en-el-entretiempo-3.jpg, http:\/\/hoycordobaweb.com\/wp-content\/uploads\/2021\/02\/abrigos-acolchados-finos-super-utiles-y-muy-tendencia-que-te-podras-poner-ahora-y-tambien-en-el-entretiempo-3.jpg 2x\" media=\"(min-width: 1054px)\"><source srcset=\"http:\/\/hoycordobaweb.com\/wp-content\/uploads\/2021\/02\/abrigos-acolchados-finos-super-utiles-y-muy-tendencia-que-te-podras-poner-ahora-y-tambien-en-el-entretiempo-3.jpg, http:\/\/hoycordobaweb.com\/wp-content\/uploads\/2021\/02\/abrigos-acolchados-finos-super-utiles-y-muy-tendencia-que-te-podras-poner-ahora-y-tambien-en-el-entretiempo-3.jpg 2x\" media=\"(min-width: 720px)\"><source srcset=\"https:\/\/resizer.mujerhoy.com\/resizer\/resizer.php?imagen=http:\/\/hoycordobaweb.com\/wp-content\/uploads\/2021\/02\/abrigos-acolchados-finos-super-utiles-y-muy-tendencia-que-te-podras-poner-ahora-y-tambien-en-el-entretiempo-3.jpg&amp;nuevoalto=714&amp;nuevoancho=476\"><img src=\"http:\/\/hoycordobaweb.com\/wp-content\/uploads\/2021\/02\/abrigos-acolchados-finos-super-utiles-y-muy-tendencia-que-te-podras-poner-ahora-y-tambien-en-el-entretiempo-3.jpg\" alt title itemprop=\"image\"><\/picture><figcaption><\/figcaption><\/figure>\n<\/div>\n<div class=\"tb-interesa\">\n<h3>Tambi\u00e9n te interesa<\/h3>\n<\/div>\n","protected":false},"excerpt":{"rendered":"<p>Pens\u00e1bamos que el punto seguir\u00eda siendo en 2021 la tendencia favorita, pero parece que el acolchado le ha ganado por completo la partida. Y aunque los abrigos puffy hab\u00edan hecho que fuera una tendencia \u00fanicamente del invierno, han llegado otras versiones que la han convertido en la imprescindible de la temporada. En forma de chaleco [&hellip;]<\/p>\n","protected":false},"author":1,"featured_media":12510,"comment_status":"closed","ping_status":"closed","sticky":false,"template":"","format":"standard","meta":[],"categories":[1],"tags":[],"_links":{"self":[{"href":"http:\/\/hoycordobaweb.com\/index.php\/wp-json\/wp\/v2\/posts\/12509"}],"collection":[{"href":"http:\/\/hoycordobaweb.com\/index.php\/wp-json\/wp\/v2\/posts"}],"about":[{"href":"http:\/\/hoycordobaweb.com\/index.php\/wp-json\/wp\/v2\/types\/post"}],"author":[{"embeddable":true,"href":"http:\/\/hoycordobaweb.com\/index.php\/wp-json\/wp\/v2\/users\/1"}],"replies":[{"embeddable":true,"href":"http:\/\/hoycordobaweb.com\/index.php\/wp-json\/wp\/v2\/comments?post=12509"}],"version-history":[{"count":0,"href":"http:\/\/hoycordobaweb.com\/index.php\/wp-json\/wp\/v2\/posts\/12509\/revisions"}],"wp:featuredmedia":[{"embeddable":true,"href":"http:\/\/hoycordobaweb.com\/index.php\/wp-json\/wp\/v2\/media\/12510"}],"wp:attachment":[{"href":"http:\/\/hoycordobaweb.com\/index.php\/wp-json\/wp\/v2\/media?parent=12509"}],"wp:term":[{"taxonomy":"category","embeddable":true,"href":"http:\/\/hoycordobaweb.com\/index.php\/wp-json\/wp\/v2\/categories?post=12509"},{"taxonomy":"post_tag","embeddable":true,"href":"http:\/\/hoycordobaweb.com\/index.php\/wp-json\/wp\/v2\/tags?post=12509"}],"curies":[{"name":"wp","href":"https:\/\/api.w.org\/{rel}","templated":true}]}}