{"id":124981,"date":"2025-12-11T15:01:35","date_gmt":"2025-12-11T15:01:35","guid":{"rendered":"https:\/\/www.ole.com.ar\/futbol-internacional\/kingsley-coman-elogio-a-carlos-tevez-juventus-zlatan-ibrahimovic_0_1PyjAesMWM.html"},"modified":"2025-12-11T15:01:35","modified_gmt":"2025-12-11T15:01:35","slug":"la-figura-internacional-que-se-rindio-ante-los-pies-de-carlos-tevez-era-una-locura","status":"publish","type":"post","link":"http:\/\/hoycordobaweb.com\/index.php\/2025\/12\/11\/la-figura-internacional-que-se-rindio-ante-los-pies-de-carlos-tevez-era-una-locura\/","title":{"rendered":"La figura internacional que se rindi\u00f3 ante los pies de Carlos Tevez: \u00abEra una locura\u00bb"},"content":{"rendered":"<p><img src=\"http:\/\/hoycordobaweb.com\/wp-content\/uploads\/2025\/12\/la-figura-internacional-que-se-rindio-ante-los-pies-de-carlos-tevez-era-una-locura.jpg\"><\/p>\n<p><time class=\"createDate\" datetime=\"2025-12-11T12:01:35-03:00\">11\/12\/2025 12:01hs.<\/time><\/p>\n<div id=\"storyBody\">\n<div id=\"element-body-0\" class=\"sc-136cd478-0 ekTCfV\" readability=\"35.904761904762\">\n<p>Aunque parezca mentira, <strong>m\u00e1s de una d\u00e9cada pas\u00f3 de la \u00e9poca estelar de <a href=\"https:\/\/www.ole.com.ar\/tema\/carlos-tevez.html\" title=\"Carlos Tevez\" alt=\"Carlos Tevez\" class=\"slug\">Carlitos Tevez<\/a> en la <a href=\"https:\/\/www.ole.com.ar\/tema\/juventus.html\" title=\"Juventus\" alt=\"Juventus\" class=\"slug\">Juventus<\/a>.<\/strong> Si bien previamente ya hab\u00eda brillado en Inglaterra, <strong>su paso de dos a\u00f1os por la Vecchia Signora es recordado por muchos como el m\u00e1s exitoso de su carrera por el Viejo Continente.<\/strong> Al punto que los fan\u00e1ticos de este deporte no son capaces de olvidarlo. Ni los hinchas, ni sus excompa\u00f1eros&#8230; <\/p>\n<\/div>\n<div id=\"element-body-1\" class=\"sc-136cd478-0 ekTCfV\" readability=\"37.02005730659\">\n<p><strong>Un reconocido futbolista internacional que comparti\u00f3 vestuario con el Apache entre 2014 y 2015<\/strong>, temporada en la cual el ex Boca deslumbr\u00f3 y fue vital para llevar a los de Tur\u00edn a la final de <a href=\"https:\/\/www.ole.com.ar\/tema\/champions-league.html\" title=\"Champions League\" alt=\"Champions League\" class=\"slug\">Champions<\/a>, <strong>dej\u00f3 hace poco unas declaraciones que no hacen m\u00e1s que laurear al argentino.<\/strong> Incluso, lo compar\u00f3 y puso por encima de otros cracks mundiales. <\/p>\n<\/div>\n<div class=\"sc-e7b891c4-0 ifHnQL image-embed\" id=\"element-body-2\"><img alt=\"Tevez en la Juventus. (REUTER)\" loading=\"lazy\" width=\"720\" height=\"100\" decoding=\"async\" data-nimg=\"1\" src=\"http:\/\/hoycordobaweb.com\/wp-content\/uploads\/2025\/12\/la-figura-internacional-que-se-rindio-ante-los-pies-de-carlos-tevez-era-una-locura-2.jpg\"><span class=\"epigraphe\">Tevez en la Juventus. (REUTER)<\/span><\/div>\n<p><h2><strong>La figura internacional que elogi\u00f3 a Carlos Tevez<\/strong><\/h2>\n<\/p>\n<div id=\"element-body-4\" class=\"sc-136cd478-0 ekTCfV\" readability=\"34.993150684932\">\n<p>El hombre en cuesti\u00f3n es <strong><a href=\"https:\/\/www.ole.com.ar\/tema\/kingsley-coman.html\" title=\"Kingsley Coman\" alt=\"Kingsley Coman\" class=\"slug\">Kingsley Coman<\/a><\/strong>, extremo franc\u00e9s con pasado en equipos gigantes como el <strong><a href=\"https:\/\/www.ole.com.ar\/tema\/psg.html\" title=\"PSG\" alt=\"PSG\" class=\"slug\">PSG<\/a><\/strong>, <strong><a href=\"https:\/\/www.ole.com.ar\/tema\/bayern-munich.html\" title=\"Bayern Munich\" alt=\"Bayern Munich\" class=\"slug\">Bayern Munich<\/a><\/strong> y, justamente, Juventus. Resulta que en una entrevista con Rio Ferdinand, <strong>el actual jugador del Al-Nassr eligi\u00f3 a Tevez como uno de los mejores futbolistas con los que jug\u00f3.<\/strong><\/p>\n<\/div>\n<div id=\"element-body-5\" class=\"sc-136cd478-0 ekTCfV\" readability=\"40\">\n<p><strong>\u201cTevez era una locura. Creo que, de todos los equipos en los que he jugado, era el delantero que m\u00e1s impacto ten\u00eda en el equipo. <\/strong>En los entrenamientos no hac\u00eda nada, pero cuando decid\u00eda estar ah\u00ed en el partido, se acababa todo. Marcaba sin que pudieras quitarle la pelota\u201d, comenz\u00f3 diciendo el campe\u00f3n de la Champions 2020. <\/p>\n<\/div>\n<div class=\"sc-e7b891c4-0 ifHnQL image-embed\" id=\"element-body-6\"><img alt=\"Tevez y Kingsley Coman, juntos en un entrenamiento. (AFP)\" loading=\"lazy\" width=\"720\" height=\"100\" decoding=\"async\" data-nimg=\"1\" src=\"http:\/\/hoycordobaweb.com\/wp-content\/uploads\/2025\/12\/la-figura-internacional-que-se-rindio-ante-los-pies-de-carlos-tevez-era-una-locura-3.jpg\"><span class=\"epigraphe\">Tevez y Kingsley Coman, juntos en un entrenamiento. (AFP)<\/span><\/div>\n<div id=\"element-body-7\" class=\"sc-136cd478-0 ekTCfV\" readability=\"35\">\n<p><strong>\u201cMarcaba incluso con Chiellini a cuestas. <\/strong>En el partido siempre cumpl\u00eda. En los partidos m\u00e1s dif\u00edciles era feliz. Era el tipo de jugador que daba un paso al frente y se hac\u00eda fuerte en este tipo de partidos. <strong>Tevez nos llev\u00f3 a la final de la Champions League\u201d<\/strong>, agreg\u00f3. <\/p>\n<\/div>\n<div id=\"element-body-8\" class=\"sc-136cd478-0 ekTCfV\" readability=\"33.643636363636\">\n<p>El gran dilema de Coman en la entrevista fue elegir entre <strong>Carlitos o <a href=\"https:\/\/www.ole.com.ar\/tema\/zlatan-ibrahimovic.html\" title=\"Zlatan Ibrahimovic\" alt=\"Zlatan Ibrahimovic\" class=\"slug\">Zlatan Ibrahimovic<\/a>.<\/strong> Pero finalmente, opt\u00f3 por el Apache: <strong>\u00abPrefiero a Tevez. Cuando jugu\u00e9 con ellos vi que Tevez tiene m\u00e1s impacto en el equipo. Si hablas como jugador, tal vez Zlatan tiene m\u00e1s calidad\u00bb. <\/strong><\/p>\n<\/div>\n<p><h2><strong>Los n\u00fameros de Tevez en la Juventus<\/strong><\/h2>\n<\/p>\n<div class=\"sc-e7b891c4-0 ifHnQL image-embed\" id=\"element-body-10\"><img alt=\"Tevez en la final de la Champions. (REUTER)\" loading=\"lazy\" width=\"720\" height=\"100\" decoding=\"async\" data-nimg=\"1\" src=\"http:\/\/hoycordobaweb.com\/wp-content\/uploads\/2025\/12\/la-figura-internacional-que-se-rindio-ante-los-pies-de-carlos-tevez-era-una-locura-4.jpg\"><span class=\"epigraphe\">Tevez en la final de la Champions. (REUTER)<\/span><\/div>\n<div id=\"element-body-11\" class=\"sc-136cd478-0 ekTCfV\" readability=\"36.910714285714\">\n<p>Con el conjunto de la Serie A el argentino disput\u00f3 <strong>96 partidos,<\/strong> de los cuales marc\u00f3 <strong>50 goles<\/strong> y dio <strong>20 asistencias.<\/strong> Fue esencial para la conquista de <strong>dos ligas, una Copa de Italia y una Supercopa de Italia.<\/strong> Aunque lo m\u00e1s destacado, fue su importancia en la campa\u00f1a de la Champions League 2014\/15, en donde la Vecchia Signora termin\u00f3 perdiendo la final frente al <a href=\"https:\/\/www.ole.com.ar\/tema\/barcelona.html\" title=\"Barcelona\" alt=\"Barcelona\" class=\"slug\">Barcelona<\/a> de <a href=\"https:\/\/www.ole.com.ar\/tema\/luis-enrique.html\" title=\"Luis Enrique\" alt=\"Luis Enrique\" class=\"slug\">Luis Enrique<\/a>. <\/p>\n<\/div>\n<div id=\"element-body-12\" class=\"sc-a7166897-0 eoLsBE\" readability=\"31\">\n<section readability=\"2\"><picture><img alt=\"Video: el divertido reencuentro entre Son y el Cuti Romero en Tottenham\" loading=\"lazy\" width=\"290\" height=\"290\" decoding=\"async\" data-nimg=\"1\" src=\"http:\/\/hoycordobaweb.com\/wp-content\/uploads\/2025\/12\/la-figura-internacional-que-se-rindio-ante-los-pies-de-carlos-tevez-era-una-locura-5.jpg\"><\/picture>\n<p><span>Mir\u00e1 tambi\u00e9n<\/span><\/p>\n<hr>\n<h3>Video: el divertido reencuentro entre Son y el Cuti Romero en Tottenham<\/h3>\n<\/p>\n<\/section>\n<\/div>\n<div id=\"element-body-13\" class=\"sc-a7166897-0 eoLsBE\" readability=\"31\">\n<section readability=\"2\"><picture><img alt=\"Libertadores 2026: los 42 clasificados y los 5 que faltan\" loading=\"lazy\" width=\"290\" height=\"290\" decoding=\"async\" data-nimg=\"1\" src=\"http:\/\/hoycordobaweb.com\/wp-content\/uploads\/2025\/12\/la-figura-internacional-que-se-rindio-ante-los-pies-de-carlos-tevez-era-una-locura-6.jpg\"><\/picture>\n<p><span>Mir\u00e1 tambi\u00e9n<\/span><\/p>\n<hr>\n<h3>Libertadores 2026: los 42 clasificados y los 5 que faltan<\/h3>\n<\/p>\n<\/section>\n<\/div>\n<div id=\"element-body-14\" class=\"sc-a7166897-0 eoLsBE\" readability=\"31.5\">\n<section readability=\"3\"><picture><img alt=\"La ins\u00f3lita inversi\u00f3n de un campe\u00f3n del mundo con Francia en 2018: es nuevo accionista y embajador una \u00a1escuder\u00eda de camellos!\" loading=\"lazy\" width=\"290\" height=\"290\" decoding=\"async\" data-nimg=\"1\" src=\"http:\/\/hoycordobaweb.com\/wp-content\/uploads\/2025\/12\/la-figura-internacional-que-se-rindio-ante-los-pies-de-carlos-tevez-era-una-locura-7.jpg\"><\/picture>\n<p><span>Mir\u00e1 tambi\u00e9n<\/span><\/p>\n<hr>\n<h3>La ins\u00f3lita inversi\u00f3n de un campe\u00f3n del mundo con Francia en 2018: es nuevo accionista y embajador una \u00a1escuder\u00eda de camellos!<\/h3>\n<\/p>\n<\/section>\n<\/div>\n<div id=\"element-body-15\" class=\"sc-a7166897-0 eoLsBE\" readability=\"32\">\n<section readability=\"4\"><picture><img alt=\"Otro golpe para Real Madrid: con Mastantuono en el banco, perdi\u00f3 ante Manchester City\" loading=\"lazy\" width=\"290\" height=\"290\" decoding=\"async\" data-nimg=\"1\" src=\"http:\/\/hoycordobaweb.com\/wp-content\/uploads\/2025\/12\/la-figura-internacional-que-se-rindio-ante-los-pies-de-carlos-tevez-era-una-locura-8.jpg\"><\/picture>\n<p><span>Mir\u00e1 tambi\u00e9n<\/span><\/p>\n<hr>\n<h3>Otro golpe para Real Madrid: con Mastantuono en el banco, perdi\u00f3 ante Manchester City<\/h3>\n<\/p>\n<\/section>\n<\/div>\n<div id=\"element-body-16\" class=\"sc-a7166897-0 eoLsBE\" readability=\"31.5\">\n<section readability=\"3\"><picture><img alt=\"Dur\u00edsimos con el Real Madrid: de un plumazo, tres jugadores suspendidos\" loading=\"lazy\" width=\"290\" height=\"290\" decoding=\"async\" data-nimg=\"1\" src=\"http:\/\/hoycordobaweb.com\/wp-content\/uploads\/2025\/12\/la-figura-internacional-que-se-rindio-ante-los-pies-de-carlos-tevez-era-una-locura-9.jpg\"><\/picture>\n<p><span>Mir\u00e1 tambi\u00e9n<\/span><\/p>\n<hr>\n<h3>Dur\u00edsimos con el Real Madrid: de un plumazo, tres jugadores suspendidos<\/h3>\n<\/p>\n<\/section>\n<\/div>\n<\/div>\n","protected":false},"excerpt":{"rendered":"<p>11\/12\/2025 12:01hs. Aunque parezca mentira, m\u00e1s de una d\u00e9cada pas\u00f3 de la \u00e9poca estelar de Carlitos Tevez en la Juventus. Si bien previamente ya hab\u00eda brillado en Inglaterra, su paso de dos a\u00f1os por la Vecchia Signora es recordado por muchos como el m\u00e1s exitoso de su carrera por el Viejo Continente. Al punto que [&hellip;]<\/p>\n","protected":false},"author":1,"featured_media":124982,"comment_status":"open","ping_status":"closed","sticky":false,"template":"","format":"standard","meta":[],"categories":[16],"tags":[],"_links":{"self":[{"href":"http:\/\/hoycordobaweb.com\/index.php\/wp-json\/wp\/v2\/posts\/124981"}],"collection":[{"href":"http:\/\/hoycordobaweb.com\/index.php\/wp-json\/wp\/v2\/posts"}],"about":[{"href":"http:\/\/hoycordobaweb.com\/index.php\/wp-json\/wp\/v2\/types\/post"}],"author":[{"embeddable":true,"href":"http:\/\/hoycordobaweb.com\/index.php\/wp-json\/wp\/v2\/users\/1"}],"replies":[{"embeddable":true,"href":"http:\/\/hoycordobaweb.com\/index.php\/wp-json\/wp\/v2\/comments?post=124981"}],"version-history":[{"count":0,"href":"http:\/\/hoycordobaweb.com\/index.php\/wp-json\/wp\/v2\/posts\/124981\/revisions"}],"wp:featuredmedia":[{"embeddable":true,"href":"http:\/\/hoycordobaweb.com\/index.php\/wp-json\/wp\/v2\/media\/124982"}],"wp:attachment":[{"href":"http:\/\/hoycordobaweb.com\/index.php\/wp-json\/wp\/v2\/media?parent=124981"}],"wp:term":[{"taxonomy":"category","embeddable":true,"href":"http:\/\/hoycordobaweb.com\/index.php\/wp-json\/wp\/v2\/categories?post=124981"},{"taxonomy":"post_tag","embeddable":true,"href":"http:\/\/hoycordobaweb.com\/index.php\/wp-json\/wp\/v2\/tags?post=124981"}],"curies":[{"name":"wp","href":"https:\/\/api.w.org\/{rel}","templated":true}]}}