{"id":124979,"date":"2025-12-11T15:47:35","date_gmt":"2025-12-11T15:47:35","guid":{"rendered":"https:\/\/www.ole.com.ar\/futbol-internacional\/mundial-futbol-amateur-rio-sudamericano-solanas-punta_0_94Qh98Xxan.html"},"modified":"2025-12-11T15:47:35","modified_gmt":"2025-12-11T15:47:35","slug":"de-la-fiesta-del-mundial-amateur-de-rio-a-la-ilusion-del-sudamericano-de-punta-del-este","status":"publish","type":"post","link":"http:\/\/hoycordobaweb.com\/index.php\/2025\/12\/11\/de-la-fiesta-del-mundial-amateur-de-rio-a-la-ilusion-del-sudamericano-de-punta-del-este\/","title":{"rendered":"De la fiesta del Mundial Amateur de R\u00edo a la ilusi\u00f3n del Sudamericano de Punta del Este"},"content":{"rendered":"<p><img src=\"http:\/\/hoycordobaweb.com\/wp-content\/uploads\/2025\/12\/de-la-fiesta-del-mundial-amateur-de-rio-a-la-ilusion-del-sudamericano-de-punta-del-este.jpg\"><\/p>\n<p><time class=\"createDate\" datetime=\"2025-12-11T12:47:35-03:00\">11\/12\/2025 12:47hs.<\/time><\/p>\n<div id=\"storyBody\">\n<div id=\"element-body-0\" class=\"sc-136cd478-0 ekTCfV\" readability=\"38\">\n<p>Fue una verdadera fiesta. Ah\u00ed, a metros de la playa de Barra de Tijuca, se cerr\u00f3 <strong>la und\u00e9cima edici\u00f3n de la Copa del Mundo de F\u00fatbol Amateur de R\u00edo<\/strong>. Un evento extraordinario que tuvo un gran nivel futbol\u00edstico pero que fundamentalmente se vivi\u00f3 como una experiencia inolvidable para todos los equipos participantes. Y que ahora le deja la posta al <strong>Sudamericano Amateur, que se jugar\u00e1 del 11 al 15 de marzo pr\u00f3ximo en el exclusivo resort de Solanas Punta del Este.<\/strong><\/p>\n<\/div>\n<div id=\"element-body-1\" class=\"sc-136cd478-0 ekTCfV\" readability=\"40\">\n<p>Porque estos torneos son m\u00e1s que un simple campeonato de f\u00fatbol internacional. Adem\u00e1s de tener la chance de competir en tu deporte favorito, el hecho de hacerlo en otro pa\u00eds y con tu equipo conformado por amigos, lo transforma en un viaje de egresados, donde la diversi\u00f3n, el ocio, el entretenimiento y la confraternidad le dan la cuota de magia al evento.<\/p>\n<\/div>\n<p><h2><strong>Mir\u00e1 este video del \u00faltimo Mundial:<\/strong><\/h2>\n<\/p>\n<div id=\"element-body-3\" class=\"sc-3c5a76cc-1 idjLTd\" readability=\"31.5\">\n<div class=\"sc-e8b2828-0 fBmEJc\" type=\"embed\">\n<div class=\"sc-e8b2828-1 iPLbWT videoText\" id=\"contentTitleembedUHHO10kk\" type=\"embed\" readability=\"56\"><svg fill=\"#ffffff\"><symbol id=\"play\" viewBox=\"0 0 512 512\"><path d=\"M512 256C512 397.4 397.4 512 256 512C114.6 512 0 397.4 0 256C0 114.6 114.6 0 256 0C397.4 0 512 114.6 512 256zM176 168V344C176 352.7 180.7 360.7 188.3 364.9C195.8 369.2 205.1 369 212.5 364.5L356.5 276.5C363.6 272.1 368 264.4 368 256C368 247.6 363.6 239.9 356.5 235.5L212.5 147.5C205.1 142.1 195.8 142.8 188.3 147.1C180.7 151.3 176 159.3 176 168V168z\" \/><\/symbol><use xlink:href=\"#play\" \/><\/svg><\/p>\n<div class=\"right\" readability=\"7\">\n<p>Copa del Mundo de F\u00fatbol Amateur<!-- --> &#8211; <span>&nbsp;<\/span><\/p>\n<h2 class=\"title-vid\">As\u00ed se celebra un t\u00edtulo en el Mundial de F\u00fatbol Amateur<\/h2>\n<\/div>\n<\/div>\n<p><span class=\"back\" id=\"spanBackembedUHHO10kk\"><\/span><\/div>\n<div class=\"JWvideoNota_title\" readability=\"8\">\n<p>El festejo de Botafogo Argentina, campe\u00f3n en la categor\u00eda mayores de 54 a\u00f1os.<\/p>\n<\/div>\n<\/div>\n<div id=\"element-body-4\" class=\"sc-136cd478-0 ekTCfV\" readability=\"37\">\n<p>Si vos quer\u00e9s vivir todo eso, todav\u00eda hay tiempo para inscribirse para el Sudamericano. <strong>Hay una modalidad (F\u00fatbol 11) <\/strong>que se divide en tres categor\u00edas, seg\u00fan las edades: Master (+36), S\u00faper master (+44) y Premium (+54).<\/p>\n<\/div>\n<p><h2><strong>Info e inscripci\u00f3n:<\/strong><\/h2>\n<\/p>\n<div id=\"element-body-6\" class=\"sc-136cd478-0 ekTCfV\" readability=\"27.838926174497\">\n<p>Para mayor informaci\u00f3n, entr\u00e1 al sitio <strong><a href=\"https:\/\/www.copadelmundoamateur.com\/\" target=\"_self\" title=\"www.copadelmundoamateur.com\" alt=\"www.copadelmundoamateur.com\" rel=\"noopener noreferrer\">www.copadelmundoamateur.com<\/a><\/strong>. O a la cuenta de Instagram: <strong>@lacopadelmundoamateur<\/strong>. O llam\u00e1 al <strong>+5491149483470<\/strong>.<\/p>\n<\/div>\n<p><h2><strong>As\u00ed se vive el Sudamericano:<\/strong><\/h2>\n<\/p>\n<div id=\"element-body-8\" class=\"sc-3c5a76cc-1 idjLTd\" readability=\"31\">\n<div class=\"sc-e8b2828-0 fBmEJc\" type=\"embed\">\n<div class=\"sc-e8b2828-1 iPLbWT videoText\" id=\"contentTitleembed6UQdKDSI\" type=\"embed\" readability=\"56\"><svg fill=\"#ffffff\"><symbol id=\"play\" viewBox=\"0 0 512 512\"><path d=\"M512 256C512 397.4 397.4 512 256 512C114.6 512 0 397.4 0 256C0 114.6 114.6 0 256 0C397.4 0 512 114.6 512 256zM176 168V344C176 352.7 180.7 360.7 188.3 364.9C195.8 369.2 205.1 369 212.5 364.5L356.5 276.5C363.6 272.1 368 264.4 368 256C368 247.6 363.6 239.9 356.5 235.5L212.5 147.5C205.1 142.1 195.8 142.8 188.3 147.1C180.7 151.3 176 159.3 176 168V168z\" \/><\/symbol><use xlink:href=\"#play\" \/><\/svg><\/p>\n<div class=\"right\" readability=\"7\">\n<p>Copa del Mundo de F\u00fatbol Amateur<!-- --> &#8211; <span>&nbsp;<\/span><\/p>\n<h2 class=\"title-vid\">Se viene el Sudamericano de F\u00fatbol Amateur<\/h2>\n<\/div>\n<\/div>\n<p><span class=\"back\" id=\"spanBackembed6UQdKDSI\"><\/span><\/div>\n<div class=\"JWvideoNota_title\" readability=\"7\">\n<p>Una fiesta lo que se va a vivir en Solanas Punta del Este del 11 al 15 de marzo del 2026.<\/p>\n<\/div>\n<\/div>\n<div id=\"element-body-9\" class=\"sc-136cd478-0 ekTCfV\" readability=\"38\">\n<p>La organizaci\u00f3n corre por cuenta de la empresa <strong>International Sports Events<\/strong>, la misma que organiza <strong>el Mundial de F\u00fatbol Amateur en R\u00edo<\/strong>, cuya und\u00e9cima edici\u00f3n se disp\u00f3 recientemente. Incluso, varios equipos que jugaron el Mundial seguramente participar\u00e1n del Sudamericano. Vale recordar que el torneo a disputarse en Solanas Punta del Este <strong>otorga a los campeones la clasificaci\u00f3n al Mundial de R\u00edo del a\u00f1o pr\u00f3ximo.<\/strong><\/p>\n<\/div>\n<div class=\"sc-e7b891c4-0 ifHnQL image-embed\" id=\"element-body-10\"><img alt=\"El resort Solanas Punta del Este, sede del Sudamericano de F\u00fatbol Amateur.\" loading=\"lazy\" width=\"720\" height=\"100\" decoding=\"async\" data-nimg=\"1\" src=\"http:\/\/hoycordobaweb.com\/wp-content\/uploads\/2025\/12\/de-la-fiesta-del-mundial-amateur-de-rio-a-la-ilusion-del-sudamericano-de-punta-del-este-2.jpg\"><span class=\"epigraphe\">El resort Solanas Punta del Este, sede del Sudamericano de F\u00fatbol Amateur.<\/span><\/div>\n<div id=\"element-body-11\" class=\"sc-136cd478-0 ekTCfV\" readability=\"35\">\n<p><strong>Todos los partidos del torneo ser\u00e1n transmitidos en directo por el canal de YouTub<\/strong>e de la organizaci\u00f3n del evento. Un golazo porque de esta forma, todos los amigos y familiares de los equipos participantes podr\u00e1n seguir en vivo las acciones del certamen.<\/p>\n<\/div>\n<p><h2><strong>As\u00ed se vive el Mundial de F\u00fatbol Amateur en R\u00edo:<\/strong><\/h2>\n<\/p>\n<div id=\"element-body-13\" class=\"sc-3c5a76cc-1 idjLTd\" readability=\"31\">\n<div class=\"sc-e8b2828-0 fBmEJc\" type=\"embed\">\n<div class=\"sc-e8b2828-1 iPLbWT videoText\" id=\"contentTitleembedUvozkLbq\" type=\"embed\" readability=\"56\"><svg fill=\"#ffffff\"><symbol id=\"play\" viewBox=\"0 0 512 512\"><path d=\"M512 256C512 397.4 397.4 512 256 512C114.6 512 0 397.4 0 256C0 114.6 114.6 0 256 0C397.4 0 512 114.6 512 256zM176 168V344C176 352.7 180.7 360.7 188.3 364.9C195.8 369.2 205.1 369 212.5 364.5L356.5 276.5C363.6 272.1 368 264.4 368 256C368 247.6 363.6 239.9 356.5 235.5L212.5 147.5C205.1 142.1 195.8 142.8 188.3 147.1C180.7 151.3 176 159.3 176 168V168z\" \/><\/symbol><use xlink:href=\"#play\" \/><\/svg><\/p>\n<div class=\"right\" readability=\"7\">\n<p>Copa del Mundo de F\u00fatbol Amateur<!-- --> &#8211; <span>&nbsp;<\/span><\/p>\n<h2 class=\"title-vid\">Viv\u00ed la Copa del Mundo de F\u00fatbol Amateur en R\u00edo<\/h2>\n<\/div>\n<\/div>\n<p><span class=\"back\" id=\"spanBackembedUvozkLbq\"><\/span><\/div>\n<div class=\"JWvideoNota_title\" readability=\"7\">\n<p>Del 28 de noviembre al 5 de diciembre de este a\u00f1o.<\/p>\n<\/div>\n<\/div>\n<\/div>\n","protected":false},"excerpt":{"rendered":"<p>11\/12\/2025 12:47hs. Fue una verdadera fiesta. Ah\u00ed, a metros de la playa de Barra de Tijuca, se cerr\u00f3 la und\u00e9cima edici\u00f3n de la Copa del Mundo de F\u00fatbol Amateur de R\u00edo. Un evento extraordinario que tuvo un gran nivel futbol\u00edstico pero que fundamentalmente se vivi\u00f3 como una experiencia inolvidable para todos los equipos participantes. Y [&hellip;]<\/p>\n","protected":false},"author":1,"featured_media":124980,"comment_status":"open","ping_status":"closed","sticky":false,"template":"","format":"standard","meta":[],"categories":[16],"tags":[],"_links":{"self":[{"href":"http:\/\/hoycordobaweb.com\/index.php\/wp-json\/wp\/v2\/posts\/124979"}],"collection":[{"href":"http:\/\/hoycordobaweb.com\/index.php\/wp-json\/wp\/v2\/posts"}],"about":[{"href":"http:\/\/hoycordobaweb.com\/index.php\/wp-json\/wp\/v2\/types\/post"}],"author":[{"embeddable":true,"href":"http:\/\/hoycordobaweb.com\/index.php\/wp-json\/wp\/v2\/users\/1"}],"replies":[{"embeddable":true,"href":"http:\/\/hoycordobaweb.com\/index.php\/wp-json\/wp\/v2\/comments?post=124979"}],"version-history":[{"count":0,"href":"http:\/\/hoycordobaweb.com\/index.php\/wp-json\/wp\/v2\/posts\/124979\/revisions"}],"wp:featuredmedia":[{"embeddable":true,"href":"http:\/\/hoycordobaweb.com\/index.php\/wp-json\/wp\/v2\/media\/124980"}],"wp:attachment":[{"href":"http:\/\/hoycordobaweb.com\/index.php\/wp-json\/wp\/v2\/media?parent=124979"}],"wp:term":[{"taxonomy":"category","embeddable":true,"href":"http:\/\/hoycordobaweb.com\/index.php\/wp-json\/wp\/v2\/categories?post=124979"},{"taxonomy":"post_tag","embeddable":true,"href":"http:\/\/hoycordobaweb.com\/index.php\/wp-json\/wp\/v2\/tags?post=124979"}],"curies":[{"name":"wp","href":"https:\/\/api.w.org\/{rel}","templated":true}]}}