{"id":124975,"date":"2025-12-11T16:25:18","date_gmt":"2025-12-11T16:25:18","guid":{"rendered":"https:\/\/www.ole.com.ar\/estudiantes\/veron-viaja-final-racing-estudiantes-pasillo-gate_0_jcMLNs6lu0.html"},"modified":"2025-12-11T16:25:18","modified_gmt":"2025-12-11T16:25:18","slug":"veron-viaja-a-la-final-a-la-tribuna-con-los-hinchas","status":"publish","type":"post","link":"http:\/\/hoycordobaweb.com\/index.php\/2025\/12\/11\/veron-viaja-a-la-final-a-la-tribuna-con-los-hinchas\/","title":{"rendered":"Ver\u00f3n viaja a la final: a la tribuna con los hinchas"},"content":{"rendered":"<p><img src=\"http:\/\/hoycordobaweb.com\/wp-content\/uploads\/2025\/12\/veron-viaja-a-la-final-a-la-tribuna-con-los-hinchas.jpg\"><\/p>\n<p><span class=\"createDate\">11\/12\/2025 13:25hs.<\/span><time class=\"modificatedDate\" datetime=\"2025-12-11T13:55:54-03:00\"> Actualizado al 11\/12\/2025 13:55hs.<\/time><\/p>\n<div id=\"storyBody\">\n<div id=\"element-body-0\" class=\"sc-136cd478-0 ekTCfV\" readability=\"25.957081545064\">\n<p>En medio de tantos atractivos, habr\u00e1 uno m\u00e1s (por si hiciera falta) en <a href=\"https:\/\/www.ole.com.ar\/futbol-primera\/prediccion-ia-final-torneo-clausura-racing-estudiantes_0_859zrh3BAg.html\" target=\"_self\" title=\"la final entre Estudiantes y Racing\" alt=\"la final entre Estudiantes y Racing\" rel=\"noopener noreferrer\">la final entre Estudiantes y Racing<\/a> que definir\u00e1 al campe\u00f3n del <a href=\"https:\/\/www.ole.com.ar\/tema\/clausura-2025.html\" title=\"Clausura 2025\" alt=\"Clausura 2025\" class=\"slug\">Clausura<\/a>. En el estadio Madre de Ciudades va a estar <a href=\"https:\/\/www.ole.com.ar\/tema\/juan-sebastian-veron.html\" title=\"Juan Sebasti\u00e1n Ver\u00f3n\" alt=\"Juan Sebasti\u00e1n Ver\u00f3n\" class=\"slug\">Juan Sebasti\u00e1n Ver\u00f3n<\/a>, ni m\u00e1s ni menos.<\/p>\n<\/div>\n<div id=\"element-body-1\" class=\"sc-136cd478-0 ekTCfV\" readability=\"37\">\n<p>Algo que no deber\u00eda sorprender por ser quien es, va a generar focos de atenci\u00f3n por la reciente disputa con la AFA luego del pol\u00e9mico t\u00edtulo que recibi\u00f3 Rosario Central, <strong>el pasillo de espaldas de Estudiantes en el Gigante de Arroyito <\/strong>y la sanci\u00f3n que puntualmente recibi\u00f3 de seis meses por parte del Tribuna de Disciplina. <\/p>\n<\/div>\n<div id=\"element-body-2\" class=\"sc-136cd478-0 ekTCfV\" readability=\"37\">\n<p>El presidente del Pincha va a viajar en un vuelo privado junto a familiares y amigos rumbo a Santiago del Estero. Dado el contexto y el alcance de la sanci\u00f3n (est\u00e1 suspendido para realizar toda actividad relacionada con el f\u00fatbol por infracci\u00f3n al art\u00edculo 12 del C\u00f3digo Disciplinario), <strong>Ver\u00f3n vivir\u00e1 la final como un hincha m\u00e1s, en la tribuna con los dem\u00e1s fan\u00e1ticos pincharratas.<\/strong><\/p>\n<\/div>\n<div id=\"element-body-3\" class=\"sc-136cd478-0 ekTCfV\" readability=\"36\">\n<p>No es menor tampoco la ciudad y el lugar donde se medir\u00e1n Estudiantes y Racing: Santiago del Estero es <strong>la tierra de Pablo Toviggino<\/strong>, el secretario de la AFA, ladero de Chiqui Tapia y con quien Ver\u00f3n se ha enfrentado de manera ardua y sostenida.<\/p>\n<\/div>\n<div id=\"element-body-4\" class=\"sc-136cd478-0 ekTCfV\" readability=\"38\">\n<p>Justo en el Madre de Ciudades, en el 1-0 a Central C\u00f3rdoba por los cuartos de final, los hinchas de Estudiantes inauguraron un hit muy picante: \u00abOhhh no soy secanuncas, soy soldado, de la Bruja&#8230;\u00bb. Se imaginan al propio Ver\u00f3n enton\u00e1ndolo&#8230;<\/p>\n<\/div>\n<div id=\"element-body-5\" class=\"sc-136cd478-0 ekTCfV\" readability=\"37\">\n<p>Un Ver\u00f3n que va siempre de local a ver al equipo de Eduardo Dom\u00ednguez pero no acostumbra a hacerlo de visitante. De hecho, no estuvo justamente en las otras finales que el Pincha jug\u00f3 y gan\u00f3 en Santiago del Estero (la Copa de la Liga y el Trofeo de Campeones) como as\u00ed tampoco en Lan\u00fas, cuando Estudiantes se consagr\u00f3 en Copa Argentina:<\/p>\n<\/div>\n<div class=\"sc-e7b891c4-0 ifHnQL image-embed\" id=\"element-body-6\"><img alt=\"Ver\u00f3n estar\u00e1 en la final.\nFoto: Mart\u00edn Bonetto\" loading=\"lazy\" width=\"720\" height=\"100\" decoding=\"async\" data-nimg=\"1\" src=\"http:\/\/hoycordobaweb.com\/wp-content\/uploads\/2025\/12\/veron-viaja-a-la-final-a-la-tribuna-con-los-hinchas-2.jpg\"><span class=\"epigraphe\">Ver\u00f3n estar\u00e1 en la final.<br \/>\nFoto: Mart\u00edn Bonetto<\/span><\/div>\n<p><h2><strong>Al TAS<\/strong><\/h2>\n<\/p>\n<div id=\"element-body-8\" class=\"sc-136cd478-0 ekTCfV\" readability=\"34.265432098765\">\n<p>Esto se produce justo despu\u00e9s de un nuevo eslab\u00f3n a esta cadena de confrontaciones entre la Brujita y la AFA: esta semana, se supo que <a href=\"https:\/\/www.ole.com.ar\/estudiantes\/veron-recurrira-tas-dura-sancion-tribunal-disciplina-afa_0_bAL6bMggYx.html\" target=\"_self\" title=\" JSV ir\u00e1 al TAS para reclamar la suspensi\u00f3n por medio a\u00f1o\" alt=\" JSV ir\u00e1 al TAS para reclamar la suspensi\u00f3n por medio a\u00f1o\" rel=\"noopener noreferrer\"> JSV ir\u00e1 al TAS para reclamar la suspensi\u00f3n por medio a\u00f1o<\/a> y poder retomar la formalidad de sus funciones como principal dirigente del club. Para Ver\u00f3n, el fallo que se oficializ\u00f3 el pasado 27 de noviembre en el Bolet\u00edn Oficial de AFA es \u201carbitrario\u201d y, en la presentaci\u00f3n de su defensa, buscar\u00e1 exponer el \u00abexceso\u00bb de las penas impuestas.<\/p>\n<\/div>\n<div id=\"element-body-9\" class=\"sc-136cd478-0 ekTCfV\">\n<p>Noticia en desarrollo&#8230;<\/p>\n<\/div>\n<div id=\"element-body-10\" class=\"sc-a7166897-0 eoLsBE\" readability=\"32\">\n<section readability=\"4\"><picture><img alt=\"Racing o Estudiantes, \u00bfqui\u00e9n ser\u00e1 el campe\u00f3n del Torneo Clausura seg\u00fan la Inteligencia Artificial?\" loading=\"lazy\" width=\"290\" height=\"290\" decoding=\"async\" data-nimg=\"1\" src=\"http:\/\/hoycordobaweb.com\/wp-content\/uploads\/2025\/12\/veron-viaja-a-la-final-a-la-tribuna-con-los-hinchas-3.jpg\"><\/picture>\n<p><span>Mir\u00e1 tambi\u00e9n<\/span><\/p>\n<hr>\n<h3>Racing o Estudiantes, \u00bfqui\u00e9n ser\u00e1 el campe\u00f3n del Torneo Clausura seg\u00fan la Inteligencia Artificial?<\/h3>\n<\/p>\n<\/section>\n<\/div>\n<div id=\"element-body-11\" class=\"sc-a7166897-0 eoLsBE\" readability=\"31\">\n<section readability=\"2\"><picture><img alt=\"El probable 11 de Estudiantes para enfrentar a Racing en la final del Clausura\" loading=\"lazy\" width=\"290\" height=\"290\" decoding=\"async\" data-nimg=\"1\" src=\"http:\/\/hoycordobaweb.com\/wp-content\/uploads\/2025\/12\/veron-viaja-a-la-final-a-la-tribuna-con-los-hinchas-4.jpg\"><\/picture>\n<p><span>Mir\u00e1 tambi\u00e9n<\/span><\/p>\n<hr>\n<h3>El probable 11 de Estudiantes para enfrentar a Racing en la final del Clausura<\/h3>\n<\/p>\n<\/section>\n<\/div>\n<div id=\"element-body-12\" class=\"sc-a7166897-0 eoLsBE\" readability=\"32\">\n<section readability=\"4\"><picture><img alt=\"Mercado de pases 2026: los tres refuerzos, las negociaciones y las bajas antes de la final del Clausura\" loading=\"lazy\" width=\"290\" height=\"290\" decoding=\"async\" data-nimg=\"1\" src=\"http:\/\/hoycordobaweb.com\/wp-content\/uploads\/2025\/12\/veron-viaja-a-la-final-a-la-tribuna-con-los-hinchas-5.jpg\"><\/picture>\n<p><span>Mir\u00e1 tambi\u00e9n<\/span><\/p>\n<hr>\n<h3>Mercado de pases 2026: los tres refuerzos, las negociaciones y las bajas antes de la final del Clausura<\/h3>\n<\/p>\n<\/section>\n<\/div>\n<\/div>\n","protected":false},"excerpt":{"rendered":"<p>11\/12\/2025 13:25hs. Actualizado al 11\/12\/2025 13:55hs. En medio de tantos atractivos, habr\u00e1 uno m\u00e1s (por si hiciera falta) en la final entre Estudiantes y Racing que definir\u00e1 al campe\u00f3n del Clausura. En el estadio Madre de Ciudades va a estar Juan Sebasti\u00e1n Ver\u00f3n, ni m\u00e1s ni menos. Algo que no deber\u00eda sorprender por ser quien [&hellip;]<\/p>\n","protected":false},"author":1,"featured_media":124976,"comment_status":"open","ping_status":"closed","sticky":false,"template":"","format":"standard","meta":[],"categories":[16],"tags":[],"_links":{"self":[{"href":"http:\/\/hoycordobaweb.com\/index.php\/wp-json\/wp\/v2\/posts\/124975"}],"collection":[{"href":"http:\/\/hoycordobaweb.com\/index.php\/wp-json\/wp\/v2\/posts"}],"about":[{"href":"http:\/\/hoycordobaweb.com\/index.php\/wp-json\/wp\/v2\/types\/post"}],"author":[{"embeddable":true,"href":"http:\/\/hoycordobaweb.com\/index.php\/wp-json\/wp\/v2\/users\/1"}],"replies":[{"embeddable":true,"href":"http:\/\/hoycordobaweb.com\/index.php\/wp-json\/wp\/v2\/comments?post=124975"}],"version-history":[{"count":0,"href":"http:\/\/hoycordobaweb.com\/index.php\/wp-json\/wp\/v2\/posts\/124975\/revisions"}],"wp:featuredmedia":[{"embeddable":true,"href":"http:\/\/hoycordobaweb.com\/index.php\/wp-json\/wp\/v2\/media\/124976"}],"wp:attachment":[{"href":"http:\/\/hoycordobaweb.com\/index.php\/wp-json\/wp\/v2\/media?parent=124975"}],"wp:term":[{"taxonomy":"category","embeddable":true,"href":"http:\/\/hoycordobaweb.com\/index.php\/wp-json\/wp\/v2\/categories?post=124975"},{"taxonomy":"post_tag","embeddable":true,"href":"http:\/\/hoycordobaweb.com\/index.php\/wp-json\/wp\/v2\/tags?post=124975"}],"curies":[{"name":"wp","href":"https:\/\/api.w.org\/{rel}","templated":true}]}}