{"id":124973,"date":"2025-12-11T16:33:48","date_gmt":"2025-12-11T16:33:48","guid":{"rendered":"https:\/\/www.ole.com.ar\/rosario-central\/ariel-holan-rosario-central-va-dt-entrenador-dejo-fin_0_Cdii1wvC26.html"},"modified":"2025-12-11T16:33:48","modified_gmt":"2025-12-11T16:33:48","slug":"ariel-holan-dejo-de-ser-el-entrenador-de-rosario-central","status":"publish","type":"post","link":"http:\/\/hoycordobaweb.com\/index.php\/2025\/12\/11\/ariel-holan-dejo-de-ser-el-entrenador-de-rosario-central\/","title":{"rendered":"Ariel Holan dej\u00f3 de ser el entrenador de Rosario Central"},"content":{"rendered":"<p><img src=\"http:\/\/hoycordobaweb.com\/wp-content\/uploads\/2025\/12\/ariel-holan-dejo-de-ser-el-entrenador-de-rosario-central.jpg\"><\/p>\n<p><span class=\"createDate\">11\/12\/2025 13:33hs.<\/span><time class=\"modificatedDate\" datetime=\"2025-12-11T13:54:57-03:00\"> Actualizado al 11\/12\/2025 13:54hs.<\/time><\/p>\n<div id=\"storyBody\">\n<div id=\"element-body-0\" class=\"sc-136cd478-0 ekTCfV\" readability=\"32.534210526316\">\n<p>Otro jueves al mediod\u00eda que llega con una noticia impactante en el mundo <a href=\"https:\/\/www.ole.com.ar\/tema\/rosario-central.html\" title=\"Rosario Central\" alt=\"Rosario Central\" class=\"slug\">Rosario Central<\/a>. La \u00faltima hab\u00eda sido el 20 de noviembre, cuando la <a href=\"https:\/\/www.ole.com.ar\/tema\/afa.html\" title=\"afa\" alt=\"afa\" class=\"slug\">AFA<\/a><a href=\"https:\/\/www.ole.com.ar\/rosario-central\/premio-rosario-central-campeon-titulo-nuevo_0_XTN09LyNpL.html\" title=\"lo nombr\u00f3 &quot;Campe\u00f3n de Liga 2025&quot;\" alt=\"lo nombr\u00f3 &quot;Campe\u00f3n de Liga 2025&quot;\">lo nombr\u00f3 \u00abCampe\u00f3n de Liga 2025\u00bb<\/a>. Ahora, este 11 de diciembre, el Canalla sorprendi\u00f3 a todos con un inesperado comunicado en sus redes sociales: despu\u00e9s de poco m\u00e1s de un a\u00f1o, <strong> <a href=\"https:\/\/www.ole.com.ar\/tema\/ariel-holan.html\" target=\"_blank\" title=\"Ariel Holan\" alt=\"Ariel Holan\" class=\"slug\" rel=\"noopener noreferrer\">Ariel Holan<\/a> dej\u00f3 de ser el entrenador del Canalla.<\/strong><\/p>\n<\/div>\n<div id=\"element-body-1\" class=\"sc-136cd478-0 ekTCfV\" readability=\"40\">\n<p>La noticia cay\u00f3 como un baldazo de agua fr\u00eda, porque si bien al Profesor se le terminaba el contrato el 31 de diciembre, <strong> todo indicaba que el siguiente paso ser\u00eda la renovaci\u00f3n por un a\u00f1o m\u00e1s,<\/strong> para que Holan sea quien dirija a la Academia en la Copa Libertadores 2026. Sin embargo, seg\u00fan inform\u00f3 el club, <strong>las partes decidieron de com\u00fan acuerdo ponerle fin al v\u00ednculo entre DT e instituci\u00f3n.<\/strong><\/p>\n<\/div>\n<div id=\"element-body-2\" class=\"sc-136cd478-0 ekTCfV\" readability=\"40\">\n<p>El exentrenador de Independiente y Universidad Cat\u00f3lica entre otros abandona el cuadro de Arroyito habiendo disputado <strong>42 partidos<\/strong>, con un balance de <strong>22 victorias, 13 empates y apenas 7 derrotas.<\/strong> En el Torneo Apertura qued\u00f3 puntero en su zona con 35 unidades, pero cay\u00f3 en cuartos de final ante Hurac\u00e1n. En el Clausura hizo lo propio, finalizando l\u00edder de su grupo con 31 puntos, pero cayendo con Estudiantes en octavos de final.<\/p>\n<\/div>\n<div id=\"element-body-3\" class=\"sc-136cd478-0 ekTCfV\" readability=\"38\">\n<p>A pesar de haber dejado mucho que desear en la etapa de playoffs, Holan se va con un t\u00edtulo bajo el brazo por el premio que la AFA le otorg\u00f3 a Rosario Central como <strong> \u00abCampe\u00f3n de Liga 2025\u00bb<\/strong>, dado que fue el equipo que m\u00e1s puntos (66) sum\u00f3 en todo el a\u00f1o y qued\u00f3 primero en la tabla acumulada. Fue por esto que tambi\u00e9n el Profesor consigui\u00f3 la <strong>clasificaci\u00f3n a la pr\u00f3xima Copa Libertadores<\/strong>, de la que finalmente no formar\u00e1 parte.<\/p>\n<\/div>\n<div class=\"sc-e7b891c4-0 ifHnQL image-embed\" id=\"element-body-4\"><img alt=\"Holan, presente en la entrega del trofeo para Rosario Central. (Foto: Prensa Liga Profesional)\" loading=\"lazy\" width=\"720\" height=\"100\" decoding=\"async\" data-nimg=\"1\" src=\"http:\/\/hoycordobaweb.com\/wp-content\/uploads\/2025\/12\/ariel-holan-dejo-de-ser-el-entrenador-de-rosario-central-2.jpg\"><span class=\"epigraphe\">Holan, presente en la entrega del trofeo para Rosario Central. (Foto: Prensa Liga Profesional)<\/span><\/div>\n<p><h2><strong>El comunicado de Rosario Central <\/strong><\/h2>\n<\/p>\n<div id=\"element-body-6\" class=\"sc-136cd478-0 ekTCfV\" readability=\"36\">\n<p>La noticia se conoci\u00f3 a partir de un comunicado en las redes sociales del club, en el cual se explica que las partes acordaron no renovar el v\u00ednculo al que le quedaban casi 20 d\u00edas de vigencia. Adem\u00e1s, desde el Canalla le agradecieron a Holan por el ciclo. <\/p>\n<\/div>\n<div id=\"element-body-7\" class=\"sc-136cd478-0 ekTCfV\" readability=\"39\">\n<p><strong>\u00abAriel Holan dej\u00f3 de ser el t\u00e9cnico de Rosario Central. <\/strong>Las partes decidieron hoy, de com\u00fan acuerdo y en buenos t\u00e9rminos, dar por cerrado el v\u00ednculo que caducaba a fin de a\u00f1o. Profe, gracias por el t\u00edtulo, tu nombre ya forma parte de la historia de Central. Las puertas del club quedan abiertas para siempre\u00bb.<\/p>\n<\/div>\n<div class=\"custom-embedhtml\" id=\"element-body-8\" readability=\"30.457765667575\">\n<blockquote class=\"twitter-tweet\" readability=\"10.594005449591\">\n<p lang=\"es\" dir=\"ltr\">Ariel Holan dej\u00f3 de ser el t\u00e9cnico de Rosario Central.<br \/>Las partes decidieron hoy, de com\u00fan acuerdo y en buenos t\u00e9rminos, dar por cerrado el v\u00ednculo que caducaba a fin de a\u00f1o.<br \/>Profe, gracias por el t\u00edtulo, tu nombre ya forma parte de la historia de Central. Las puertas del club\u2026 <a href=\"https:\/\/t.co\/BaBrkpxRPw\">pic.twitter.com\/BaBrkpxRPw<\/a><\/p>\n<p>\u2014 Rosario Central (@RosarioCentral) <a href=\"https:\/\/twitter.com\/RosarioCentral\/status\/1999151805255520748?ref_src=twsrc%5Etfw\">December 11, 2025<\/a><\/p><\/blockquote><\/div>\n<div id=\"element-body-9\" class=\"sc-a7166897-0 eoLsBE\" readability=\"31\">\n<section readability=\"2\"><picture><img alt=\"Ver\u00f3n viaja a la final: a la tribuna con los hinchas\" loading=\"lazy\" width=\"290\" height=\"290\" decoding=\"async\" data-nimg=\"1\" src=\"http:\/\/hoycordobaweb.com\/wp-content\/uploads\/2025\/12\/ariel-holan-dejo-de-ser-el-entrenador-de-rosario-central-3.jpg\"><\/picture>\n<p><span>Mir\u00e1 tambi\u00e9n<\/span><\/p>\n<hr>\n<h3>Ver\u00f3n viaja a la final: a la tribuna con los hinchas<\/h3>\n<\/p>\n<\/section>\n<\/div>\n<div id=\"element-body-10\" class=\"sc-a7166897-0 eoLsBE\" readability=\"31.5\">\n<section readability=\"3\"><picture><img alt=\"La curiosa reacci\u00f3n del presidente de Estudiantes de R\u00edo Cuarto luego de que le tocara San Lorenzo como rival interzonal\" loading=\"lazy\" width=\"290\" height=\"290\" decoding=\"async\" data-nimg=\"1\" src=\"http:\/\/hoycordobaweb.com\/wp-content\/uploads\/2025\/12\/ariel-holan-dejo-de-ser-el-entrenador-de-rosario-central-4.jpg\"><\/picture>\n<p><span>Mir\u00e1 tambi\u00e9n<\/span><\/p>\n<hr>\n<h3>La curiosa reacci\u00f3n del presidente de Estudiantes de R\u00edo Cuarto luego de que le tocara San Lorenzo como rival interzonal<\/h3>\n<\/p>\n<\/section>\n<\/div>\n<div id=\"element-body-11\" class=\"sc-a7166897-0 eoLsBE\" readability=\"32\">\n<section readability=\"4\"><picture><img alt=\"Racing o Estudiantes, \u00bfqui\u00e9n ser\u00e1 el campe\u00f3n del Torneo Clausura seg\u00fan la Inteligencia Artificial?\" loading=\"lazy\" width=\"290\" height=\"290\" decoding=\"async\" data-nimg=\"1\" src=\"http:\/\/hoycordobaweb.com\/wp-content\/uploads\/2025\/12\/ariel-holan-dejo-de-ser-el-entrenador-de-rosario-central-5.jpg\"><\/picture>\n<p><span>Mir\u00e1 tambi\u00e9n<\/span><\/p>\n<hr>\n<h3>Racing o Estudiantes, \u00bfqui\u00e9n ser\u00e1 el campe\u00f3n del Torneo Clausura seg\u00fan la Inteligencia Artificial?<\/h3>\n<\/p>\n<\/section>\n<\/div>\n<div id=\"element-body-12\" class=\"sc-a7166897-0 eoLsBE\" readability=\"32\">\n<section readability=\"4\"><picture><img alt=\"Mercado de pases 2026: los tres refuerzos, las negociaciones y las bajas antes de la final del Clausura\" loading=\"lazy\" width=\"290\" height=\"290\" decoding=\"async\" data-nimg=\"1\" src=\"http:\/\/hoycordobaweb.com\/wp-content\/uploads\/2025\/12\/ariel-holan-dejo-de-ser-el-entrenador-de-rosario-central-6.jpg\"><\/picture>\n<p><span>Mir\u00e1 tambi\u00e9n<\/span><\/p>\n<hr>\n<h3>Mercado de pases 2026: los tres refuerzos, las negociaciones y las bajas antes de la final del Clausura<\/h3>\n<\/p>\n<\/section>\n<\/div>\n<\/div>\n","protected":false},"excerpt":{"rendered":"<p>11\/12\/2025 13:33hs. Actualizado al 11\/12\/2025 13:54hs. Otro jueves al mediod\u00eda que llega con una noticia impactante en el mundo Rosario Central. La \u00faltima hab\u00eda sido el 20 de noviembre, cuando la AFAlo nombr\u00f3 \u00abCampe\u00f3n de Liga 2025\u00bb. Ahora, este 11 de diciembre, el Canalla sorprendi\u00f3 a todos con un inesperado comunicado en sus redes sociales: [&hellip;]<\/p>\n","protected":false},"author":1,"featured_media":124974,"comment_status":"open","ping_status":"closed","sticky":false,"template":"","format":"standard","meta":[],"categories":[16],"tags":[],"_links":{"self":[{"href":"http:\/\/hoycordobaweb.com\/index.php\/wp-json\/wp\/v2\/posts\/124973"}],"collection":[{"href":"http:\/\/hoycordobaweb.com\/index.php\/wp-json\/wp\/v2\/posts"}],"about":[{"href":"http:\/\/hoycordobaweb.com\/index.php\/wp-json\/wp\/v2\/types\/post"}],"author":[{"embeddable":true,"href":"http:\/\/hoycordobaweb.com\/index.php\/wp-json\/wp\/v2\/users\/1"}],"replies":[{"embeddable":true,"href":"http:\/\/hoycordobaweb.com\/index.php\/wp-json\/wp\/v2\/comments?post=124973"}],"version-history":[{"count":0,"href":"http:\/\/hoycordobaweb.com\/index.php\/wp-json\/wp\/v2\/posts\/124973\/revisions"}],"wp:featuredmedia":[{"embeddable":true,"href":"http:\/\/hoycordobaweb.com\/index.php\/wp-json\/wp\/v2\/media\/124974"}],"wp:attachment":[{"href":"http:\/\/hoycordobaweb.com\/index.php\/wp-json\/wp\/v2\/media?parent=124973"}],"wp:term":[{"taxonomy":"category","embeddable":true,"href":"http:\/\/hoycordobaweb.com\/index.php\/wp-json\/wp\/v2\/categories?post=124973"},{"taxonomy":"post_tag","embeddable":true,"href":"http:\/\/hoycordobaweb.com\/index.php\/wp-json\/wp\/v2\/tags?post=124973"}],"curies":[{"name":"wp","href":"https:\/\/api.w.org\/{rel}","templated":true}]}}