{"id":124903,"date":"2025-12-11T15:06:31","date_gmt":"2025-12-11T15:06:31","guid":{"rendered":"https:\/\/www.espinof.com\/trailers\/trailer-temporada-2-hijack-vuelve-a-poner-a-idris-elba-cuerdas-cambiando-vehiculo-nuevos-episodios"},"modified":"2025-12-11T15:06:31","modified_gmt":"2025-12-11T15:06:31","slug":"el-trailer-de-la-temporada-2-de-hijack-vuelve-a-poner-a-idris-elba-contra-las-cuerdas-cambiando-de-vehiculo-en-los-nuevos-episodios","status":"publish","type":"post","link":"http:\/\/hoycordobaweb.com\/index.php\/2025\/12\/11\/el-trailer-de-la-temporada-2-de-hijack-vuelve-a-poner-a-idris-elba-contra-las-cuerdas-cambiando-de-vehiculo-en-los-nuevos-episodios\/","title":{"rendered":"El tr\u00e1iler de la temporada 2 de &#8216;Hijack&#8217; vuelve a poner a Idris Elba contra las cuerdas, cambiando de veh\u00edculo en los nuevos episodios"},"content":{"rendered":"<p>Despu\u00e9s del \u00e9xito de &#8216;<a class=\"text-outboundlink\" href=\"https:\/\/www.espinof.com\/criticas\/idris-elba-no-jack-bauer-derrocha-carisma-secuestro-aire-electrizante-miniserie-apple-tv-cargada-tension\" data-vars-post-title=\"Idris Elba no es Jack Bauer pero derrocha carisma en la miniserie 'Secuestro en el aire': un electrizante drama de acci\u00f3n en tiempo real cargado de tensi\u00f3n\" data-vars-post-url=\"https:\/\/www.espinof.com\/criticas\/idris-elba-no-jack-bauer-derrocha-carisma-secuestro-aire-electrizante-miniserie-apple-tv-cargada-tension\">Hijack<\/a>&#8216; (o &#8216;<strong>Secuestro en el aire<\/strong>&#8216;) en Apple TV, el thriller creado por <strong>George Kay y Jim Field Smith<\/strong> regresa con una segunda temporada que vuelve a poner a Sam Nelson -interpretado por <strong>Idris Elba<\/strong>&#8211; en el centro de otra situaci\u00f3n l\u00edmite y, c\u00f3mo no, en un medio de transporte que se transforma en una trampa mortal.&nbsp;<\/p>\n<p><!-- BREAK 1 --> <\/p>\n<p>La primera temporada llev\u00f3 al personaje a bordo de un avi\u00f3n secuestrado en un thriller en tiempo real que le vali\u00f3 a Elba una nominaci\u00f3n al Emmy y ahora, la serie cambia de escenario, aunque la intensidad ser\u00e1 la misma.<\/p>\n<h2>Un nuevo secuestro<\/h2>\n<div class=\"article-asset-video article-asset-large article-asset-center\">\n<div class=\"asset-content\">\n<p> <iframe width=\"650\" height=\"366\" src=\"\/\/www.youtube.com\/embed\/h_i4-MoGALo\" allowfullscreen>[embedded content]<\/iframe> <\/p>\n<\/p><\/div>\n<\/div>\n<p>Los nuevos episodios se trasladan a un tren subterr\u00e1neo de Berl\u00edn cargado de explosivos, donde <strong>m\u00e1s de 200 pasajeros quedan a merced de un secuestrador <\/strong>que lleva un a\u00f1o preparando su plan. Entre autoridades desconcertadas, amenazas cronometradas y dudas sobre si todo esto cumple con una sed de justicia o &nbsp;de venganza, Sam se ve obligado nuevamente a tomar decisiones que podr\u00edan salvar -o no- a todos los que viajan con \u00e9l.<\/p>\n<p><!-- BREAK 2 --><\/p>\n<p>La temporada <strong>arranca con Sam a bordo de un tren berlin\u00e9s<\/strong> que pronto es tomado por un misterioso autor decidido a cumplir con su meticuloso plan. El tr\u00e1iler revela un escenario tenso donde, al igual que en la primera entrega, cada movimiento puede desencadenar una cat\u00e1strofe.<\/p>\n<p><!-- BREAK 3 --> <\/p>\n<div class=\"article-asset article-asset-normal article-asset-center\">\n<div class=\"desvio-container\">\n<div class=\"desvio\">\n<div class=\"desvio-figure js-desvio-figure\"> <a href=\"https:\/\/www.espinof.com\/modelos-de-negocio\/apple-tv-tiene-visionados-mes-como-netflix-dia-han-decidido-que-hora-dejar-quemar-dinero-series-que-no-ve-nadie\" class=\"pivot-outboundlink\" data-vars-post-title=\"Apple TV+ tiene tantos visionados en un mes como Netflix en un d\u00eda, y han decidido que ya es hora de dejar de quemar dinero en series que no ve nadie\"> <img loading=\"lazy\" alt=\"Apple TV+ tiene tantos visionados en un mes como Netflix en un d\u00eda, y han decidido que ya es hora de dejar de quemar dinero en series que no ve nadie\" width=\"375\" height=\"142\" src=\"http:\/\/hoycordobaweb.com\/wp-content\/uploads\/2025\/12\/el-trailer-de-la-temporada-2-de-hijack-vuelve-a-poner-a-idris-elba-contra-las-cuerdas-cambiando-de-vehiculo-en-los-nuevos-episodios.jpg\"> <\/a> <\/div><\/div><\/div>\n<\/div>\n<p>Las autoridades siguen la pista del terrorista, convencidas de que pas\u00f3 un a\u00f1o trazando el secuestro con precisi\u00f3n quir\u00fargica. Pero <strong>las intenciones siguen siendo un enigma<\/strong> y esa ambig\u00fcedad alimenta la tensi\u00f3n central de la temporada.<\/p>\n<p><!-- BREAK 4 --><\/p>\n<p>Con ocho nuevos episodios que se estrenar\u00e1n el 14 de enero, &#8216;Hijack&#8217; profundiza en la premisa que convirti\u00f3 la primera temporada en un fen\u00f3meno: un protagonista atrapado en una situaci\u00f3n extrema donde una sola decisi\u00f3n puede costar cientos de vidas. Y en este contexto, <strong>Sam Nelson parece capaz de dominar la presi\u00f3n<\/strong>, pero incluso para \u00e9l, un error podr\u00eda ser fatal.<\/p>\n<p><!-- BREAK 5 --><\/p>\n<p>Idris Elba vuelve a la serie acompa\u00f1ado de Christine Adams, Max Beesley y Archie Panjabi, que vuelven con los mismos personajes de la primera temporada. A ellos se suma Toby Jones (&#8216;Detectorists&#8217;).<\/p>\n<p><!-- BREAK 6 --> <\/p>\n<p>En Espinof | <a class=\"text-outboundlink\" href=\"https:\/\/www.espinof.com\/listas\/mejores-series-2025\" data-vars-post-title=\"Las 15 mejores series de 2025 (por ahora)\" data-vars-post-url=\"https:\/\/www.espinof.com\/listas\/mejores-series-2025\">Las mejores series de 2025<\/a>&nbsp;<\/p>\n<p>En Espinof | <a class=\"text-outboundlink\" href=\"https:\/\/www.espinof.com\/series-de-ficcion\/creador-pluribus-explica-que-protagonista-serie-escritora-piensas-alguien-que-salva-mundo-ves-liam-neeson-tom-cruise\" data-vars-post-title=\"El creador de 'Pluribus' explica por qu\u00e9 la protagonista de la serie es escritora: &quot;Si piensas en alguien que salva el mundo, ves un Liam Neeson o un Tom Cruise&quot;\" data-vars-post-url=\"https:\/\/www.espinof.com\/series-de-ficcion\/creador-pluribus-explica-que-protagonista-serie-escritora-piensas-alguien-que-salva-mundo-ves-liam-neeson-tom-cruise\">El creador de &#8216;Pluribus&#8217; explica por qu\u00e9 la protagonista de la serie es escritora: \u00abSi piensas en alguien que salva el mundo, ves un Liam Neeson o un Tom Cruise\u00bb<\/a><\/p>\n<p><!-- BREAK 7 --> <\/p>\n","protected":false},"excerpt":{"rendered":"<p>Despu\u00e9s del \u00e9xito de &#8216;Hijack&#8216; (o &#8216;Secuestro en el aire&#8216;) en Apple TV, el thriller creado por George Kay y Jim Field Smith regresa con una segunda temporada que vuelve a poner a Sam Nelson -interpretado por Idris Elba&#8211; en el centro de otra situaci\u00f3n l\u00edmite y, c\u00f3mo no, en un medio de transporte que [&hellip;]<\/p>\n","protected":false},"author":1,"featured_media":124904,"comment_status":"open","ping_status":"closed","sticky":false,"template":"","format":"standard","meta":[],"categories":[10],"tags":[],"_links":{"self":[{"href":"http:\/\/hoycordobaweb.com\/index.php\/wp-json\/wp\/v2\/posts\/124903"}],"collection":[{"href":"http:\/\/hoycordobaweb.com\/index.php\/wp-json\/wp\/v2\/posts"}],"about":[{"href":"http:\/\/hoycordobaweb.com\/index.php\/wp-json\/wp\/v2\/types\/post"}],"author":[{"embeddable":true,"href":"http:\/\/hoycordobaweb.com\/index.php\/wp-json\/wp\/v2\/users\/1"}],"replies":[{"embeddable":true,"href":"http:\/\/hoycordobaweb.com\/index.php\/wp-json\/wp\/v2\/comments?post=124903"}],"version-history":[{"count":0,"href":"http:\/\/hoycordobaweb.com\/index.php\/wp-json\/wp\/v2\/posts\/124903\/revisions"}],"wp:featuredmedia":[{"embeddable":true,"href":"http:\/\/hoycordobaweb.com\/index.php\/wp-json\/wp\/v2\/media\/124904"}],"wp:attachment":[{"href":"http:\/\/hoycordobaweb.com\/index.php\/wp-json\/wp\/v2\/media?parent=124903"}],"wp:term":[{"taxonomy":"category","embeddable":true,"href":"http:\/\/hoycordobaweb.com\/index.php\/wp-json\/wp\/v2\/categories?post=124903"},{"taxonomy":"post_tag","embeddable":true,"href":"http:\/\/hoycordobaweb.com\/index.php\/wp-json\/wp\/v2\/tags?post=124903"}],"curies":[{"name":"wp","href":"https:\/\/api.w.org\/{rel}","templated":true}]}}