{"id":124892,"date":"2025-12-10T16:30:35","date_gmt":"2025-12-10T16:30:35","guid":{"rendered":"https:\/\/www.trendencias.com\/shopping\/zara-rebaja-abrigo-pelo-elegante-calentito-para-no-pasar-frio-nochevieja-poco-45-euros"},"modified":"2025-12-10T16:30:35","modified_gmt":"2025-12-10T16:30:35","slug":"zara-rebaja-el-abrigo-de-pelo-mas-elegante-y-calentito-para-no-pasar-frio-en-nochevieja-por-poco-mas-de-45-euros","status":"publish","type":"post","link":"http:\/\/hoycordobaweb.com\/index.php\/2025\/12\/10\/zara-rebaja-el-abrigo-de-pelo-mas-elegante-y-calentito-para-no-pasar-frio-en-nochevieja-por-poco-mas-de-45-euros\/","title":{"rendered":"Zara rebaja el abrigo de pelo m\u00e1s elegante y calentito para no pasar fr\u00edo en Nochevieja por poco m\u00e1s de 45 euros"},"content":{"rendered":"<p>El mes de diciembre est\u00e1 repleto de reencuentros festivos que requieren un poquito de esfuerzo a la hora de elegir el look pero el m\u00e1s importante sin duda es el de Nochevieja. <strong>La \u00faltima noche del a\u00f1o queremos darlo todo y lucir espectaculares para dejar atr\u00e1s lo malo y que entre lo bueno <\/strong>(como dice la canci\u00f3n).&nbsp;<\/p>\n<p><!-- BREAK 1 --> <\/p>\n<p>Pero al contrario de lo que cabr\u00eda esperar, para conseguir un outfit de cierre del a\u00f1o espectacular no hace falta dejarse un dineral (precisamente ahora con la de gastos que se nos vienen encima) y tampoco pasar fr\u00edo. La soluci\u00f3n est\u00e1 en la secci\u00f3n &#8216;special prices&#8217; de Zara donde hemos hallado <strong>el abrigo estilo old Hollywood que nos salvar\u00e1 este fin de a\u00f1o <\/strong>(y todos los que vendr\u00e1n).<\/p>\n<p><!-- BREAK 2 --><\/p>\n<div class=\"article-asset-image article-asset-normal article-asset-center\">\n<div class=\"asset-content\"> <a rel=\"noopener, noreferrer\" href=\"https:\/\/www.zara.com\/es\/es\/abrigo-efecto-pelo-cinturon-p06318282.html?v1=498874562&amp;v2=2419737\"> <img class=\"centro_sinmarco\" height=\"2880\" width=\"1920\" loading=\"lazy\" decoding=\"async\" sizes=\"100vw\" fetchpriority=\"high\" srcset=\"http:\/\/hoycordobaweb.com\/wp-content\/uploads\/2025\/12\/zara-rebaja-el-abrigo-de-pelo-mas-elegante-y-calentito-para-no-pasar-frio-en-nochevieja-por-poco-mas-de-45-euros.jpg 450w, http:\/\/hoycordobaweb.com\/wp-content\/uploads\/2025\/12\/zara-rebaja-el-abrigo-de-pelo-mas-elegante-y-calentito-para-no-pasar-frio-en-nochevieja-por-poco-mas-de-45-euros-4.jpg 681w, http:\/\/hoycordobaweb.com\/wp-content\/uploads\/2025\/12\/zara-rebaja-el-abrigo-de-pelo-mas-elegante-y-calentito-para-no-pasar-frio-en-nochevieja-por-poco-mas-de-45-euros-5.jpg 1024w, http:\/\/hoycordobaweb.com\/wp-content\/uploads\/2025\/12\/zara-rebaja-el-abrigo-de-pelo-mas-elegante-y-calentito-para-no-pasar-frio-en-nochevieja-por-poco-mas-de-45-euros-6.jpg 1366w\" src=\"http:\/\/hoycordobaweb.com\/wp-content\/uploads\/2025\/12\/zara-rebaja-el-abrigo-de-pelo-mas-elegante-y-calentito-para-no-pasar-frio-en-nochevieja-por-poco-mas-de-45-euros.jpg\" alt=\"Abrigo Pelo Zara\"> <noscript><img alt=\"Abrigo Pelo Zara\" class=\"centro_sinmarco\" src=\"http:\/\/hoycordobaweb.com\/wp-content\/uploads\/2025\/12\/zara-rebaja-el-abrigo-de-pelo-mas-elegante-y-calentito-para-no-pasar-frio-en-nochevieja-por-poco-mas-de-45-euros.jpg\"><\/noscript> <\/a> <\/div>\n<\/div>\n<p>Un <strong>abrigo efecto pelo de esos cl\u00e1sicos y glamurosos en dos colores disponibles<\/strong>: el eterno negro y el omnipresente esta temporada marr\u00f3n chocolate, dos opciones igual de v\u00e1lidas que lucen caras pero que no pueden ser m\u00e1s baratas, por <s>79,95<\/s> <a rel=\"noopener, noreferrer\" href=\"https:\/\/www.zara.com\/es\/es\/abrigo-efecto-pelo-cinturon-p06318282.html?v1=498874562&amp;v2=2419737\">45,95 euros<\/a> (con cintur\u00f3n incluido). Una pieza de fondo de armario que adem\u00e1s de ir elegantes, nos permitir\u00e1 ir calentitas la \u00faltima noche del a\u00f1o.&nbsp;<\/p>\n<p><!-- BREAK 3 --> <\/p>\n<h2>C\u00f3mo acabar el a\u00f1o con estilo<\/h2>\n<div class=\"article-asset-image article-asset-normal article-asset-center\">\n<div class=\"asset-content\"> <a rel=\"nofollow, sponsored, noopener, noreferrer noopener\" target=\"_blank\" class=\"js-ecommerce\" id=\"link-ecommerce-1\" href=\"https:\/\/www.webedia-afilia.com\/redirect?url=https%3A%2F%2Fwww2.hm.com%2Fes_es%2Fproductpage.1289336001.html&amp;category=shopping&amp;site=trendencias&amp;ecomPostExpiration=perish&amp;postId=649399\" data-vars-affiliate-url=\"https:\/\/www2.hm.com\/es_es\/productpage.1289336001.html\"> <img class=\"centro_sinmarco\" height=\"3240\" width=\"2160\" loading=\"lazy\" decoding=\"async\" sizes=\"100vw\" fetchpriority=\"high\" srcset=\"http:\/\/hoycordobaweb.com\/wp-content\/uploads\/2025\/12\/zara-rebaja-el-abrigo-de-pelo-mas-elegante-y-calentito-para-no-pasar-frio-en-nochevieja-por-poco-mas-de-45-euros-1.jpg 450w, http:\/\/hoycordobaweb.com\/wp-content\/uploads\/2025\/12\/zara-rebaja-el-abrigo-de-pelo-mas-elegante-y-calentito-para-no-pasar-frio-en-nochevieja-por-poco-mas-de-45-euros-7.jpg 681w, http:\/\/hoycordobaweb.com\/wp-content\/uploads\/2025\/12\/zara-rebaja-el-abrigo-de-pelo-mas-elegante-y-calentito-para-no-pasar-frio-en-nochevieja-por-poco-mas-de-45-euros-8.jpg 1024w, http:\/\/hoycordobaweb.com\/wp-content\/uploads\/2025\/12\/zara-rebaja-el-abrigo-de-pelo-mas-elegante-y-calentito-para-no-pasar-frio-en-nochevieja-por-poco-mas-de-45-euros-9.jpg 1366w\" src=\"http:\/\/hoycordobaweb.com\/wp-content\/uploads\/2025\/12\/zara-rebaja-el-abrigo-de-pelo-mas-elegante-y-calentito-para-no-pasar-frio-en-nochevieja-por-poco-mas-de-45-euros-1.jpg\" alt=\"Vestido\"> <noscript><img alt=\"Vestido\" class=\"centro_sinmarco\" src=\"http:\/\/hoycordobaweb.com\/wp-content\/uploads\/2025\/12\/zara-rebaja-el-abrigo-de-pelo-mas-elegante-y-calentito-para-no-pasar-frio-en-nochevieja-por-poco-mas-de-45-euros-1.jpg\"><\/noscript> <\/a> <\/div>\n<\/div>\n<p>Y ya que el abrigo es calentito, podemos permitirnos arriesgar m\u00e1s con el resto del conjunto. Este <strong>vestido de encaje blanco con transprencias<\/strong> combinado con nuestro abrigo, adem\u00e1s de con con medias semitransparentes en marr\u00f3n chocolate, unos zapatos destalonados de tac\u00f3n con puntera y un <a class=\"text-outboundlink\" href=\"https:\/\/www.trendencias.com\/shopping\/vuelven-collares-pendant-clave-maximalista-confirmamos-que-reinaran-proximo-otono-invierno-2025-26\" data-vars-post-title=\"Vuelven los collares \u2018pendant\u2019 en clave maximalista y confirmamos que reinar\u00e1n el pr\u00f3ximo oto\u00f1o-invierno 2025\/26 \" data-vars-post-url=\"https:\/\/www.trendencias.com\/shopping\/vuelven-collares-pendant-clave-maximalista-confirmamos-que-reinaran-proximo-otono-invierno-2025-26\">collar pendant<\/a> es perfecto para un look bohemio y chic al estilo de Chlo\u00e9 por <a rel=\"nofollow, sponsored, noopener, noreferrer noopener\" target=\"_blank\" class=\"js-ecommerce\" id=\"link-ecommerce-2\" href=\"https:\/\/www.webedia-afilia.com\/redirect?url=https%3A%2F%2Fwww2.hm.com%2Fes_es%2Fproductpage.1289336001.html&amp;category=shopping&amp;site=trendencias&amp;ecomPostExpiration=perish&amp;postId=649399\" data-vars-affiliate-url=\"https:\/\/www2.hm.com\/es_es\/productpage.1289336001.html\">29,99 euros.<\/a><\/p>\n<p><!-- BREAK 4 --><br \/>\n<!-- PIVOT START --><\/p>\n<div class=\"pivot-ecommerce-container m-pivot-ecommerce-redesign article-asset-normal article-asset-center\" readability=\"25.142857142857\">\n<div class=\"pivot-ecommerce\">\n<div class=\"pivot-ecommerce-figure\"> <a rel=\"nofollow, sponsored, noopener, noreferrer noopener\" target=\"_blank\" href=\"https:\/\/www.webedia-afilia.com\/redirect?site=trendencias&amp;url=https%3A%2F%2Fwww2.hm.com%2Fes_es%2Fproductpage.1289336001.html&amp;affiliate_id=&amp;ecomPostExpiration=perish&amp;postId=649399\"> <img loading=\"lazy\" src=\"http:\/\/hoycordobaweb.com\/wp-content\/uploads\/2025\/12\/zara-rebaja-el-abrigo-de-pelo-mas-elegante-y-calentito-para-no-pasar-frio-en-nochevieja-por-poco-mas-de-45-euros-2.jpg\" alt=\"Vestido lencero bordado \" width=\"2160\" height=\"2159\"> <\/a>\n<\/div>\n<div class=\"pivot-ecommerce-summary\">\n<p class=\"pivot-ecommerce-desc\">Vestido lencero bordado <\/p>\n<\/p><\/div><\/div>\n<p>El precio podr\u00eda variar. Obtenemos comisi\u00f3n por estos enlaces<\/p>\n<\/div>\n<p><!-- PIVOT END --><\/p>\n<p><em>Nota: Algunos de los enlaces de este art\u00edculo son afiliados y pueden reportar un beneficio econ\u00f3mico a Trendencias. En caso de no disponibilidad, las ofertas pueden variar.<\/em><\/p>\n<p><!-- BREAK 5 --><\/p>\n<p>Fotos | <a rel=\"noopener, noreferrer\" href=\"https:\/\/www.instagram.com\/mariafrubies\/\">@mariafrubies<\/a>, Zara, H&amp;M<\/p>\n<p>En Trendencias |&nbsp;<a class=\"text-outboundlink\" href=\"https:\/\/www.trendencias.com\/shopping\/como-vestir-bien-poco-dinero-cinco-basicos-fondo-armario-que-no-te-pueden-faltar\" data-vars-post-title=\"C\u00f3mo vestir bien con poco dinero | Cinco b\u00e1sicos de fondo de armario que no te pueden faltar \" data-vars-post-url=\"https:\/\/www.trendencias.com\/shopping\/como-vestir-bien-poco-dinero-cinco-basicos-fondo-armario-que-no-te-pueden-faltar\">C\u00f3mo vestir bien con poco dinero | Cinco b\u00e1sicos de fondo de armario que no te pueden faltar<\/a><\/p>\n","protected":false},"excerpt":{"rendered":"<p>El mes de diciembre est\u00e1 repleto de reencuentros festivos que requieren un poquito de esfuerzo a la hora de elegir el look pero el m\u00e1s importante sin duda es el de Nochevieja. La \u00faltima noche del a\u00f1o queremos darlo todo y lucir espectaculares para dejar atr\u00e1s lo malo y que entre lo bueno (como dice [&hellip;]<\/p>\n","protected":false},"author":1,"featured_media":124893,"comment_status":"closed","ping_status":"closed","sticky":false,"template":"","format":"standard","meta":[],"categories":[],"tags":[],"_links":{"self":[{"href":"http:\/\/hoycordobaweb.com\/index.php\/wp-json\/wp\/v2\/posts\/124892"}],"collection":[{"href":"http:\/\/hoycordobaweb.com\/index.php\/wp-json\/wp\/v2\/posts"}],"about":[{"href":"http:\/\/hoycordobaweb.com\/index.php\/wp-json\/wp\/v2\/types\/post"}],"author":[{"embeddable":true,"href":"http:\/\/hoycordobaweb.com\/index.php\/wp-json\/wp\/v2\/users\/1"}],"replies":[{"embeddable":true,"href":"http:\/\/hoycordobaweb.com\/index.php\/wp-json\/wp\/v2\/comments?post=124892"}],"version-history":[{"count":0,"href":"http:\/\/hoycordobaweb.com\/index.php\/wp-json\/wp\/v2\/posts\/124892\/revisions"}],"wp:featuredmedia":[{"embeddable":true,"href":"http:\/\/hoycordobaweb.com\/index.php\/wp-json\/wp\/v2\/media\/124893"}],"wp:attachment":[{"href":"http:\/\/hoycordobaweb.com\/index.php\/wp-json\/wp\/v2\/media?parent=124892"}],"wp:term":[{"taxonomy":"category","embeddable":true,"href":"http:\/\/hoycordobaweb.com\/index.php\/wp-json\/wp\/v2\/categories?post=124892"},{"taxonomy":"post_tag","embeddable":true,"href":"http:\/\/hoycordobaweb.com\/index.php\/wp-json\/wp\/v2\/tags?post=124892"}],"curies":[{"name":"wp","href":"https:\/\/api.w.org\/{rel}","templated":true}]}}