{"id":124888,"date":"2025-12-10T12:29:06","date_gmt":"2025-12-10T12:29:06","guid":{"rendered":"https:\/\/www.mujerhoy.com\/moda\/no-te-pierdas\/infanta-elena-sombrero-significado-20251210194138-nt.html"},"modified":"2025-12-10T12:29:06","modified_gmt":"2025-12-10T12:29:06","slug":"por-que-la-infanta-elena-siempre-lleva-este-sombrero-siempre-lo-ha-usado-la-aristocracia","status":"publish","type":"post","link":"http:\/\/hoycordobaweb.com\/index.php\/2025\/12\/10\/por-que-la-infanta-elena-siempre-lleva-este-sombrero-siempre-lo-ha-usado-la-aristocracia\/","title":{"rendered":"Por qu\u00e9 la infanta Elena siempre lleva este sombrero: \u00abSiempre lo ha usado la aristocracia\u00bb"},"content":{"rendered":"<p><!-- AUTHOR --><\/p>\n<div class=\"voc-author-timesocial \">\n<!-- AUTHOR --><\/p>\n<div class=\"voc-author-timesocial__signature \">\n<!-- IMAGE AUTHOR -->\n<picture class=\"voc-image-signature\">\n<img class=\"voc-image-signature__img\" src=\"http:\/\/hoycordobaweb.com\/wp-content\/uploads\/2025\/12\/por-que-la-infanta-elena-siempre-lleva-este-sombrero-siempre-lo-ha-usado-la-aristocracia.jpg\" alt=\"Raquel Rodr\u00edguez\">\n<\/picture>\n<!-- INFO AUTHOR --> <\/div><\/div>\n<p><!-- COMPONENTS --><\/p>\n<p class=\"voc-paragraph\">Las \u00faltimas apariciones p\u00fablicas de la <a href=\"https:\/\/www.mujerhoy.com\/temas\/personajes\/infanta-elena.html\" title=\"www.mujerhoy.com\" data-voc-vtm-id=\"in-text-traffic\" data-mrf-link=\"www.mujerhoy.com\">infanta Elena <\/a>no solo han estado protagonizadas por las pol\u00e9micas memorias publicadas por su padre, el rey Juan Carlos, sino tambi\u00e9n por un detalle estil\u00edstico que no ha pasado desapercibido para las fans del estilo royal. Y es que, desde hace ya bastante tiempo, la hermana mayor del rey Felipe ha hecho del <strong>sombrero una de sus se\u00f1as de identidad<\/strong>.<\/p>\n<p class=\"voc-paragraph\">S\u00ed, independientemente de la cita o de la \u00e9poca del a\u00f1o, ya sea de d\u00eda o de noche, la infanta Elena ha recurrido en numerosas ocasiones a este complemento que, sin lugar a dudas, es uno de sus favoritos. Y no, no nos referimos al <a href=\"https:\/\/www.mujerhoy.com\/moda\/no-te-pierdas\/tocado-tipo-casquete-accesorio-favorito-invitadas-invierno-20251120175453-nt.html\" title=\"www.mujerhoy.com\" data-voc-vtm-id=\"in-text-traffic\" data-mrf-link=\"www.mujerhoy.com\">casquete, tendencia<\/a> que tant\u00edsimo se lleva en la actualidad, ni a las pamelas y <a href=\"https:\/\/www.mujerhoy.com\/moda\/no-te-pierdas\/maxima-holanda-look-invitada-elegante-falda-vuelo-pamela-xl-chaqueta-vintage-20250415130337-nt.html\" title=\"www.mujerhoy.com\" data-voc-vtm-id=\"in-text-traffic\" data-mrf-link=\"www.mujerhoy.com\">sombreros XL que suele lucir M\u00e1xima de Holanda<\/a>. La infanta Elena escoge, en concreto, un <strong>modelo cl\u00e1sico y tradicional <\/strong>que hemos analizado para conocer su significado.<\/p>\n<div class=\"v-c-cmp v-c-cmp--t1 \">\n<div class=\"v-cmp-rld v-cmp-rld--2 \">\n<div class=\"v-cnt-m v-cnt-m--m\">\n<div class=\"v-cnt-m__c\">\n<div class=\"v-cnt-m__w v-cnt-m__w--1\">\n<p class=\"v-cnt-m__t\">\nTAMBI\u00c9N TE INTERESA\n<\/p>\n<\/div>\n<\/div>\n<\/div>\n<div class=\"v-g v-g--2-c v-g--bdr-min-xs\">\n<div class=\"v-g__c \">\n<article class=\"v-a v-a--cmp-rld v-a--cmp-rld-2 v-a--p-l\">\n<div class=\"v-a-img-c\">\n<figure class=\"v-a-fig\">\n<a href=\"https:\/\/www.mujerhoy.com\/moda\/no-te-pierdas\/infanta-elena-duelo-estilo-paz-vega-alemania-look-sandalias-20250702104112-nt.html#vtm_modulosEngag=mod-rel:moda:noticia:1:cmp:2-not\" class=\"v-a-link\" title=\"La infanta Elena, duelo de estilo con Paz Vega en Alemania: su look con vestido midi y sandalias\"><br \/>\n<img loading=\"lazy\" class=\"v-a-img\" src=\"http:\/\/hoycordobaweb.com\/wp-content\/uploads\/2025\/12\/por-que-la-infanta-elena-siempre-lleva-este-sombrero-siempre-lo-ha-usado-la-aristocracia-1.jpg\" alt=\"La infanta Elena, duelo de estilo con Paz Vega en Alemania: su look con vestido midi y sandalias\"><br \/>\n<\/a><br \/>\n<\/figure>\n<\/div>\n<\/article>\n<\/div>\n<div class=\"v-g__c \">\n<article class=\"v-a v-a--cmp-rld v-a--cmp-rld-2 v-a--p-l\">\n<div class=\"v-a-img-c\">\n<figure class=\"v-a-fig\">\n<a href=\"https:\/\/www.mujerhoy.com\/celebrities\/realeza\/infanta-elena-invitada-mejor-vestida-boda-marie-chantal-look-reina-sofia-20250701174128-nt.html#vtm_modulosEngag=mod-rel:moda:noticia:2:cmp:2-not\" class=\"v-a-link\" title=\"Cuando la infanta Elena fue la mejor vestida de la boda de Marie-Chantal Miller y Pablo de Grecia: su look, 30 a\u00f1os despu\u00e9s\"><br \/>\n<img loading=\"lazy\" class=\"v-a-img\" src=\"http:\/\/hoycordobaweb.com\/wp-content\/uploads\/2025\/12\/por-que-la-infanta-elena-siempre-lleva-este-sombrero-siempre-lo-ha-usado-la-aristocracia-2.jpg\" alt=\"Cuando la infanta Elena fue la mejor vestida de la boda de Marie-Chantal Miller y Pablo de Grecia: su look, 30 a\u00f1os despu\u00e9s\"><br \/>\n<\/a><br \/>\n<\/figure>\n<\/div>\n<\/article>\n<\/div>\n<\/div>\n<\/div>\n<\/div>\n<p class=\"voc-paragraph\">Para ello, hemos contado con la opini\u00f3n de Paula Beneytez, fundadora de Marcela &amp; Co. y experta en este tipo de accesorio y en sus m\u00faltiples versiones. Paula nos ha hablado de<strong> la historia que esconde este tipo de sombreros<\/strong>, de c\u00f3mo se utilizan y de si la propia infanta los luce de manera correcta seg\u00fan el protocolo. Y es que, como sabr\u00e1s, estos accesorios tienen una normativa que implica educaci\u00f3n y respeto.<\/p>\n<p class=\"voc-paragraph\">Un dress code que suele generar controversia y sobre el que muchas dudan, sobre todo cuando recurren a ellos en looks de invitada. La creadora de esta firma espa\u00f1ola especializada en tocados artesanales personalizables nos ha explicado por qu\u00e9 la infanta Elena ha hecho de este tipo de sombreros <strong>sus preferidos<\/strong>.<\/p>\n<div id=\"100\" popover class=\"v-mdl v-mdl--fw\">\n<button class=\"v-x\" popovertarget=\"100\" popovertargetaction=\"hide\"><br \/>\n<span class=\"v-i\"><br \/>\n<svg width=\"24\" height=\"23.996\" viewBox=\"0 0 24 23.996\">\n<path data-name=\"Uni\u00f3n 29\" d=\"M12,14.03,2.031,24,0,21.963,9.968,12,0,2.033,2.031,0,12,9.966,21.969,0,24,2.033,14.032,12,24,21.963,21.969,24Z\" \/>\n<\/svg><br \/>\n<\/span><br \/>\n<\/button><\/p>\n<div class=\"v-mdl__c\">\n<div class=\"v-mdl__w\">\n<img loading=\"lazy\" src=\"http:\/\/hoycordobaweb.com\/wp-content\/uploads\/2025\/12\/por-que-la-infanta-elena-siempre-lleva-este-sombrero-siempre-lo-ha-usado-la-aristocracia-3.jpg\" class=\"v-mdl__img-z\" width=\"1200\" height=\"841\" alt=\"Imagen principal - Por qu\u00e9 la infanta Elena siempre lleva este sombrero: \u00abSiempre lo ha usado la aristocracia\u00bb\">\n<\/div>\n<\/div>\n<\/div>\n<p><span class=\"v-bdp\"><\/span><\/p>\n<div id=\"101\" popover class=\"v-mdl v-mdl--fw\">\n<button class=\"v-x\" popovertarget=\"101\" popovertargetaction=\"hide\"><br \/>\n<span class=\"v-i\"><br \/>\n<svg width=\"24\" height=\"23.996\" viewBox=\"0 0 24 23.996\">\n<path data-name=\"Uni\u00f3n 29\" d=\"M12,14.03,2.031,24,0,21.963,9.968,12,0,2.033,2.031,0,12,9.966,21.969,0,24,2.033,14.032,12,24,21.963,21.969,24Z\" \/>\n<\/svg><br \/>\n<\/span><br \/>\n<\/button><\/p>\n<div class=\"v-mdl__c\">\n<div class=\"v-mdl__w\">\n<img loading=\"lazy\" src=\"http:\/\/hoycordobaweb.com\/wp-content\/uploads\/2025\/12\/por-que-la-infanta-elena-siempre-lleva-este-sombrero-siempre-lo-ha-usado-la-aristocracia-4.jpg\" class=\"v-mdl__img-z\" width=\"1200\" height=\"851\" alt=\"Imagen secundaria 1 - Por qu\u00e9 la infanta Elena siempre lleva este sombrero: \u00abSiempre lo ha usado la aristocracia\u00bb\">\n<\/div>\n<\/div>\n<\/div>\n<p><span class=\"v-bdp\"><\/span><\/p>\n<div id=\"102\" popover class=\"v-mdl v-mdl--fw\">\n<button class=\"v-x\" popovertarget=\"102\" popovertargetaction=\"hide\"><br \/>\n<span class=\"v-i\"><br \/>\n<svg width=\"24\" height=\"23.996\" viewBox=\"0 0 24 23.996\">\n<path data-name=\"Uni\u00f3n 29\" d=\"M12,14.03,2.031,24,0,21.963,9.968,12,0,2.033,2.031,0,12,9.966,21.969,0,24,2.033,14.032,12,24,21.963,21.969,24Z\" \/>\n<\/svg><br \/>\n<\/span><br \/>\n<\/button><\/p>\n<div class=\"v-mdl__c\">\n<div class=\"v-mdl__w\">\n<img loading=\"lazy\" src=\"http:\/\/hoycordobaweb.com\/wp-content\/uploads\/2025\/12\/por-que-la-infanta-elena-siempre-lleva-este-sombrero-siempre-lo-ha-usado-la-aristocracia-5.jpg\" class=\"v-mdl__img-z\" width=\"711\" height=\"841\" alt=\"Imagen secundaria 2 - Por qu\u00e9 la infanta Elena siempre lleva este sombrero: \u00abSiempre lo ha usado la aristocracia\u00bb\">\n<\/div>\n<\/div>\n<\/div>\n<p><span class=\"v-bdp\"><\/span><\/p>\n<p class=\"voc-paragraph\">Paula explica que el sombrero que usa la hija mayor del rey Juan Carlos es \u00abun <strong>fedora de ala media<\/strong>, rematado con cinta de cuero\u00ab. Seg\u00fan la experta, est\u00e1 confeccionado con un material que parece que es una fibra natural trenzada y fina. \u00bbLa copa encaja perfectamente en la cabeza y tiene dos endiduras frontales\u00ab, a\u00f1ade sobre \u00e9l.<\/p>\n<p class=\"voc-paragraph\">Por otro lado, asegura que \u00abes un accesorio que imprime elegancia y es una se\u00f1a de identidad de su <strong>estilo cl\u00e1sico, elegante, sobrio, tradicional<\/strong>\u2026 Y siempre los ha usado la aristocracia\u00ab. Y aunque es un sombrero muy masculino, es toda una declaraci\u00f3n de elegancia y lujo y la encarnaci\u00f3n del estilo atemporal y la sofisticaci\u00f3n.<\/p>\n<div id=\"200\" popover class=\"v-mdl v-mdl--fw\">\n<button class=\"v-x\" popovertarget=\"200\" popovertargetaction=\"hide\"><br \/>\n<span class=\"v-i\"><br \/>\n<svg width=\"24\" height=\"23.996\" viewBox=\"0 0 24 23.996\">\n<path data-name=\"Uni\u00f3n 29\" d=\"M12,14.03,2.031,24,0,21.963,9.968,12,0,2.033,2.031,0,12,9.966,21.969,0,24,2.033,14.032,12,24,21.963,21.969,24Z\" \/>\n<\/svg><br \/>\n<\/span><br \/>\n<\/button><\/p>\n<div class=\"v-mdl__c\">\n<div class=\"v-mdl__w\">\n<img loading=\"lazy\" src=\"http:\/\/hoycordobaweb.com\/wp-content\/uploads\/2025\/12\/por-que-la-infanta-elena-siempre-lleva-este-sombrero-siempre-lo-ha-usado-la-aristocracia-6.jpg\" class=\"v-mdl__img-z\" width=\"1200\" height=\"841\" alt=\"Imagen principal - Por qu\u00e9 la infanta Elena siempre lleva este sombrero: \u00abSiempre lo ha usado la aristocracia\u00bb\">\n<\/div>\n<\/div>\n<\/div>\n<p><span class=\"v-bdp\"><\/span><\/p>\n<div id=\"201\" popover class=\"v-mdl v-mdl--fw\">\n<button class=\"v-x\" popovertarget=\"201\" popovertargetaction=\"hide\"><br \/>\n<span class=\"v-i\"><br \/>\n<svg width=\"24\" height=\"23.996\" viewBox=\"0 0 24 23.996\">\n<path data-name=\"Uni\u00f3n 29\" d=\"M12,14.03,2.031,24,0,21.963,9.968,12,0,2.033,2.031,0,12,9.966,21.969,0,24,2.033,14.032,12,24,21.963,21.969,24Z\" \/>\n<\/svg><br \/>\n<\/span><br \/>\n<\/button><\/p>\n<div class=\"v-mdl__c\">\n<div class=\"v-mdl__w\">\n<img loading=\"lazy\" src=\"http:\/\/hoycordobaweb.com\/wp-content\/uploads\/2025\/12\/por-que-la-infanta-elena-siempre-lleva-este-sombrero-siempre-lo-ha-usado-la-aristocracia-7.jpg\" class=\"v-mdl__img-z\" width=\"1200\" height=\"851\" alt=\"Imagen secundaria 1 - Por qu\u00e9 la infanta Elena siempre lleva este sombrero: \u00abSiempre lo ha usado la aristocracia\u00bb\">\n<\/div>\n<\/div>\n<\/div>\n<p><span class=\"v-bdp\"><\/span><\/p>\n<div id=\"202\" popover class=\"v-mdl v-mdl--fw\">\n<button class=\"v-x\" popovertarget=\"202\" popovertargetaction=\"hide\"><br \/>\n<span class=\"v-i\"><br \/>\n<svg width=\"24\" height=\"23.996\" viewBox=\"0 0 24 23.996\">\n<path data-name=\"Uni\u00f3n 29\" d=\"M12,14.03,2.031,24,0,21.963,9.968,12,0,2.033,2.031,0,12,9.966,21.969,0,24,2.033,14.032,12,24,21.963,21.969,24Z\" \/>\n<\/svg><br \/>\n<\/span><br \/>\n<\/button><\/p>\n<div class=\"v-mdl__c\">\n<div class=\"v-mdl__w\">\n<img loading=\"lazy\" src=\"http:\/\/hoycordobaweb.com\/wp-content\/uploads\/2025\/12\/por-que-la-infanta-elena-siempre-lleva-este-sombrero-siempre-lo-ha-usado-la-aristocracia-8.jpg\" class=\"v-mdl__img-z\" width=\"711\" height=\"841\" alt=\"Imagen secundaria 2 - Por qu\u00e9 la infanta Elena siempre lleva este sombrero: \u00abSiempre lo ha usado la aristocracia\u00bb\">\n<\/div>\n<\/div>\n<\/div>\n<p><span class=\"v-bdp\"><\/span><\/p>\n<p class=\"voc-paragraph\">Y, \u00bfpor qu\u00e9 lo usa la infanta Elena? Pues adem\u00e1s de el estilo que desprende, Paula dice que le permite pasar desapercibida pues el ala media oculta parte del rostro. \u00abLos sombreros tambi\u00e9n son una buena opci\u00f3n para <strong>controlar los efectos del viento, disimular canas<\/strong> o un <em>bad hair day<\/em>\u00ab, propone.<\/p>\n<p><h3 class=\"v-cmp-suh\">\nC\u00f3mo llevar sombreros de d\u00eda en interiores<br \/>\n<\/h3>\n<\/p>\n<p class=\"voc-paragraph\">Al igual que el resto de tocados, el sombrero fedora tambi\u00e9n tiene su protocolo. \u00ab<strong>Se usa de d\u00eda<\/strong>, en situaciones informales, no es un sombrero de boda. Y es perfecto para oto\u00f1o y primavera por su tejido\u00ab, explica la fundadora de Marcela &amp; Co. Do\u00f1a Elena recurre a \u00e9l en citas m\u00e1s casual e incluso lo lleva in interiores porque como confirma la experta, no es obligatorio hacerlo.<\/p>\n<p class=\"voc-paragraph\">\u00abTampoco es necesario dejarlo puesto como una pamela si se va a permanecer durante bastante tiempo en un espacio cerrado. El protocolo m\u00e1s tradicional dice que se debe entrar con \u00e9l, saludar y quitarlo despu\u00e9s si se desea, pero <strong>se puede dejar puesto en el caso de las mujeres sin problema<\/strong>. En el caso de los hombres, se debe quitar siempre que entran en un espacio cerrado\u00ab, confirma Paula Beneytez.<\/p>\n<div class=\"v-c-cmp v-c-cmp--t1 \">\n<div class=\"v-cmp-rld v-cmp-rld--2 \">\n<div class=\"v-cnt-m v-cnt-m--m\">\n<div class=\"v-cnt-m__c\">\n<div class=\"v-cnt-m__w v-cnt-m__w--1\">\n<p class=\"v-cnt-m__t\">\nTAMBI\u00c9N TE INTERESA\n<\/p>\n<\/div>\n<\/div>\n<\/div>\n<div class=\"v-g v-g--2-c v-g--bdr-min-xs\">\n<div class=\"v-g__c \">\n<article class=\"v-a v-a--cmp-rld v-a--cmp-rld-2 v-a--p-l\">\n<div class=\"v-a-img-c\">\n<figure class=\"v-a-fig\">\n<a href=\"https:\/\/www.mujerhoy.com\/celebrities\/realeza\/laurence-debray-memorias-rey-juan-carlos-quinta-infanta-criticas-20251208222740-nt.html#vtm_modulosEngag=mod-rel:moda:noticia:1:cmp:2-not\" class=\"v-a-link\" title=\"Por qu\u00e9 se dice que Laurence Debray, la bi\u00f3grafa del rey Juan Carlos, es la quinta infanta\"><br \/>\n<img loading=\"lazy\" class=\"v-a-img\" src=\"http:\/\/hoycordobaweb.com\/wp-content\/uploads\/2025\/12\/por-que-la-infanta-elena-siempre-lleva-este-sombrero-siempre-lo-ha-usado-la-aristocracia-9.jpg\" alt=\"Por qu\u00e9 se dice que Laurence Debray, la bi\u00f3grafa del rey Juan Carlos, es la quinta infanta\"><br \/>\n<\/a><br \/>\n<\/figure>\n<\/div>\n<\/article>\n<\/div>\n<div class=\"v-g__c \">\n<article class=\"v-a v-a--cmp-rld v-a--cmp-rld-2 v-a--p-l\">\n<div class=\"v-a-img-c\">\n<figure class=\"v-a-fig\">\n<a href=\"https:\/\/www.mujerhoy.com\/celebrities\/realeza\/tiara-diamantes-esmeraldas-aristocrata-coleccion-reina-letizia-20251207155237-nt.html#vtm_modulosEngag=mod-rel:moda:noticia:2:cmp:2-not\" class=\"v-a-link\" title=\"La tiara que Letizia querr\u00eda la ha lucido una arist\u00f3crata en su boda: esmeraldas, diamantes y una pieza \u00fanica\"><br \/>\n<img loading=\"lazy\" class=\"v-a-img\" src=\"http:\/\/hoycordobaweb.com\/wp-content\/uploads\/2025\/12\/por-que-la-infanta-elena-siempre-lleva-este-sombrero-siempre-lo-ha-usado-la-aristocracia-10.jpg\" alt=\"La tiara que Letizia querr\u00eda la ha lucido una arist\u00f3crata en su boda: esmeraldas, diamantes y una pieza \u00fanica\"><br \/>\n<\/a><br \/>\n<\/figure>\n<\/div>\n<\/article>\n<\/div>\n<\/div>\n<\/div>\n<\/div>\n<div class=\"media_block\"><\/div>\n","protected":false},"excerpt":{"rendered":"<p>Las \u00faltimas apariciones p\u00fablicas de la infanta Elena no solo han estado protagonizadas por las pol\u00e9micas memorias publicadas por su padre, el rey Juan Carlos, sino tambi\u00e9n por un detalle estil\u00edstico que no ha pasado desapercibido para las fans del estilo royal. Y es que, desde hace ya bastante tiempo, la hermana mayor del rey [&hellip;]<\/p>\n","protected":false},"author":1,"featured_media":124889,"comment_status":"closed","ping_status":"closed","sticky":false,"template":"","format":"standard","meta":[],"categories":[],"tags":[],"_links":{"self":[{"href":"http:\/\/hoycordobaweb.com\/index.php\/wp-json\/wp\/v2\/posts\/124888"}],"collection":[{"href":"http:\/\/hoycordobaweb.com\/index.php\/wp-json\/wp\/v2\/posts"}],"about":[{"href":"http:\/\/hoycordobaweb.com\/index.php\/wp-json\/wp\/v2\/types\/post"}],"author":[{"embeddable":true,"href":"http:\/\/hoycordobaweb.com\/index.php\/wp-json\/wp\/v2\/users\/1"}],"replies":[{"embeddable":true,"href":"http:\/\/hoycordobaweb.com\/index.php\/wp-json\/wp\/v2\/comments?post=124888"}],"version-history":[{"count":0,"href":"http:\/\/hoycordobaweb.com\/index.php\/wp-json\/wp\/v2\/posts\/124888\/revisions"}],"wp:featuredmedia":[{"embeddable":true,"href":"http:\/\/hoycordobaweb.com\/index.php\/wp-json\/wp\/v2\/media\/124889"}],"wp:attachment":[{"href":"http:\/\/hoycordobaweb.com\/index.php\/wp-json\/wp\/v2\/media?parent=124888"}],"wp:term":[{"taxonomy":"category","embeddable":true,"href":"http:\/\/hoycordobaweb.com\/index.php\/wp-json\/wp\/v2\/categories?post=124888"},{"taxonomy":"post_tag","embeddable":true,"href":"http:\/\/hoycordobaweb.com\/index.php\/wp-json\/wp\/v2\/tags?post=124888"}],"curies":[{"name":"wp","href":"https:\/\/api.w.org\/{rel}","templated":true}]}}