{"id":124876,"date":"2025-12-10T14:13:23","date_gmt":"2025-12-10T14:13:23","guid":{"rendered":"https:\/\/www.ole.com.ar\/futbol-internacional\/america\/palmeiras-brasileirao-verdao-abel-ferreira-dt-entrenador-copa-ganador-vinculo-contrato_0_BdujF9ObYF.html"},"modified":"2025-12-10T14:13:23","modified_gmt":"2025-12-10T14:13:23","slug":"palmeiras-no-suelta-a-su-tecnico-mas-ganador-abel-ferreira-sigue-hasta-2027","status":"publish","type":"post","link":"http:\/\/hoycordobaweb.com\/index.php\/2025\/12\/10\/palmeiras-no-suelta-a-su-tecnico-mas-ganador-abel-ferreira-sigue-hasta-2027\/","title":{"rendered":"Palmeiras no suelta a su t\u00e9cnico m\u00e1s ganador: Abel Ferreira sigue hasta 2027"},"content":{"rendered":"<p><img src=\"http:\/\/hoycordobaweb.com\/wp-content\/uploads\/2025\/12\/palmeiras-no-suelta-a-su-tecnico-mas-ganador-abel-ferreira-sigue-hasta-2027.jpg\"><\/p>\n<p><time class=\"createDate\" datetime=\"2025-12-10T11:13:23-03:00\">10\/12\/2025 11:13hs.<\/time><\/p>\n<div id=\"storyBody\">\n<div id=\"element-body-0\" class=\"sc-136cd478-0 ekTCfV\" readability=\"32.730769230769\">\n<p><strong><a href=\"https:\/\/www.ole.com.ar\/tema\/palmeiras.html\" title=\"Palmeiras\" alt=\"Palmeiras\" class=\"slug\">Palmeiras<\/a> renov\u00f3 este mi\u00e9rcoles el contrato de <a href=\"https:\/\/www.ole.com.ar\/tema\/abel-ferreira.html\" title=\"Abel Ferreira\" alt=\"Abel Ferreira\" class=\"slug\">Abel Ferreira<\/a> hasta diciembre de 2027<\/strong>, en una se\u00f1al de respaldo al entrenador m\u00e1s exitoso de su historia. La decisi\u00f3n lleg\u00f3 pocos d\u00edas despu\u00e9s de que el equipo cerrara la temporada sin t\u00edtulos, con la derrota en la final de la <a href=\"https:\/\/www.ole.com.ar\/tema\/copa-libertadores.html\" title=\"Copa Libertadores\" alt=\"Copa Libertadores\" class=\"slug\">Copa Libertadores<\/a> y el subcampeonato en el Brasileirao.<\/p>\n<\/div>\n<div id=\"element-body-1\" class=\"sc-136cd478-0 ekTCfV\" readability=\"34\">\n<p>Pese al golpe deportivo, el club opt\u00f3 por sostener el proyecto y Ferreira reafirm\u00f3 su compromiso al destacar su orgullo por seguir al frente del Verdao.<\/p>\n<\/div>\n<div id=\"element-body-2\" class=\"sc-136cd478-0 ekTCfV\" readability=\"37\">\n<p>\u00ab\u00a1El pr\u00f3ximo cap\u00edtulo ya comenz\u00f3! \u00a1El entrenador m\u00e1s victorioso de nuestra historia, Abel Ferreira, renov\u00f3 con el #MaiorCampe\u00e3oDoBrasil (el mayor campe\u00f3n de Brasil) hasta diciembre de 2027!\u00bb, lanz\u00f3 el club en sus redes sociales.<\/p>\n<\/div>\n<div class=\"custom-embedhtml\" id=\"element-body-3\" readability=\"22.516245487365\">\n<blockquote class=\"twitter-tweet\" readability=\"6.1407942238267\">\n<p lang=\"pt\" dir=\"ltr\">O pr\u00f3ximo cap\u00edtulo j\u00e1 come\u00e7ou! \ud83d\udc9a<\/p>\n<p>T\u00e9cnico mais vitorioso da nossa hist\u00f3ria, Abel Ferreira renovou com o <a href=\"https:\/\/twitter.com\/hashtag\/MaiorCampe%C3%A3oDoBrasil?src=hash&amp;ref_src=twsrc%5Etfw\">#MaiorCampe\u00e3oDoBrasil<\/a> at\u00e9 dezembro de 2027! Saiba mais \ud83d\uddde\ufe0f \u27a4 <a href=\"https:\/\/t.co\/OjhDnh3w6a\">https:\/\/t.co\/OjhDnh3w6a<\/a> <a href=\"https:\/\/t.co\/lKAaQPxdWC\">pic.twitter.com\/lKAaQPxdWC<\/a><\/p>\n<p>\u2014 SE Palmeiras (@Palmeiras) <a href=\"https:\/\/twitter.com\/Palmeiras\/status\/1998742024153887089?ref_src=twsrc%5Etfw\">December 10, 2025<\/a><\/p><\/blockquote><\/div>\n<p><h2>As\u00ed termin\u00f3 el a\u00f1o<\/h2>\n<\/p>\n<div id=\"element-body-5\" class=\"sc-136cd478-0 ekTCfV\" readability=\"36.069182389937\">\n<p>El cierre de temporada le dej\u00f3 un sabor amargo el det\u00e9. El equipo del portugu\u00e9s <strong>perdi\u00f3 1-0 la final de la Copa Libertadores ante <a href=\"https:\/\/www.ole.com.ar\/tema\/flamengo.html\" title=\"Flamengo\" alt=\"Flamengo\" class=\"slug\">Flamengo<\/a><\/strong> y, aunque luego venci\u00f3 3-0 al Atl\u00e9tico Mineiro en un pendiente del Brasileirao, no pudo evitar que el Mengao se consagrara campe\u00f3n en simult\u00e1neo tras superar 1-0 al Cear\u00e1.<\/p>\n<\/div>\n<div class=\"sc-e7b891c4-0 ifHnQL image-embed\" id=\"element-body-6\"><img alt=\"El DT portugu\u00e9s perdi\u00f3 en la Libertadores y en el Brasileirao. (foto: reuter) \" loading=\"lazy\" width=\"720\" height=\"100\" decoding=\"async\" data-nimg=\"1\" src=\"http:\/\/hoycordobaweb.com\/wp-content\/uploads\/2025\/12\/palmeiras-no-suelta-a-su-tecnico-mas-ganador-abel-ferreira-sigue-hasta-2027-2.jpg\"><span class=\"epigraphe\">El DT portugu\u00e9s perdi\u00f3 en la Libertadores y en el Brasileirao. (foto: reuter) <\/span><\/div>\n<div id=\"element-body-7\" class=\"sc-136cd478-0 ekTCfV\" readability=\"35\">\n<p>Con 78 puntos, cinco m\u00e1s que el Verdao y solo tres por jugar, el t\u00edtulo qued\u00f3 definitivamente en manos del conjunto carioca.<\/p>\n<\/div>\n<div id=\"element-body-8\" class=\"sc-136cd478-0 ekTCfV\" readability=\"39\">\n<p>Tras el partido, <strong>Abel hab\u00eda hablado sobre el a\u00f1o y asegur\u00f3 que no se siente un perdedor<\/strong> pese a que, por primera vez desde su llegada en 2020, el club cerr\u00f3 una temporada sin t\u00edtulos. El entrenador destac\u00f3 su orgullo por integrar la historia del Palmeiras y pidi\u00f3 no desvalorizar el trabajo del plantel: \u00bb <strong>Perder es una cosa; ser un perdedor es otra. Este equipo perdi\u00f3, pero no es un equipo perdedor\u00bb.<\/strong><\/p>\n<\/div>\n<div id=\"element-body-9\" class=\"sc-136cd478-0 ekTCfV\" readability=\"38\">\n<p>El DT tambi\u00e9n record\u00f3 el beso a la medalla de plata en la final de la Libertadores y lo defini\u00f3 como un gesto de cari\u00f1o hacia el escudo: \u00abEl Palmeiras es un club especial. Me enorgullece ser hincha del Palmeiras\u00bb. Reafirm\u00f3, adem\u00e1s, que su compromiso con la instituci\u00f3n es total y coment\u00f3: \u00abEl d\u00eda que sientan que no represento al club como merezco, no quiero recibir ni un real m\u00e1s\u00bb.<\/p>\n<\/div>\n<div id=\"element-body-10\" class=\"sc-136cd478-0 ekTCfV\" readability=\"38\">\n<p>Ferreira describi\u00f3 el \u00faltimo partido como una muestra de car\u00e1cter: el plantel lleg\u00f3 \u00abcon cicatrices\u00bb y con jugadores \u00abque a\u00fan sangraban\u00bb, pero aun as\u00ed domin\u00f3 y gan\u00f3 con justicia. \u00abHoy nuestra superioridad fue innegable. Luchamos en varios frentes y terminamos segundos, pero demostramos nuevamente de lo que somos capaces\u00bb, cerr\u00f3<\/p>\n<\/div>\n<div class=\"sc-e7b891c4-0 ifHnQL image-embed\" id=\"element-body-11\"><img alt=\"Abel en Copa Libertadores. (foto: AP)\" loading=\"lazy\" width=\"720\" height=\"100\" decoding=\"async\" data-nimg=\"1\" src=\"http:\/\/hoycordobaweb.com\/wp-content\/uploads\/2025\/12\/palmeiras-no-suelta-a-su-tecnico-mas-ganador-abel-ferreira-sigue-hasta-2027-3.jpg\"><span class=\"epigraphe\">Abel en Copa Libertadores. (foto: AP)<\/span><\/div>\n<p><h2>Los n\u00fameros de Abel en Palmeiras<\/h2>\n<\/p>\n<div id=\"element-body-13\" class=\"sc-136cd478-0 ekTCfV\" readability=\"39\">\n<p><strong>Desde su llegada en noviembre de 2020<\/strong>, Abel Ferreira construy\u00f3 el ciclo m\u00e1s exitoso en la historia de Palmeiras. En m\u00e1s de 360 partidos oficiales, suma 212 victorias, 78 empates y 72 derrotas, con una efectividad cercana al 58,5%.<\/p>\n<\/div>\n<div id=\"element-body-14\" class=\"sc-136cd478-0 ekTCfV\" readability=\"39\">\n<p>Sus n\u00fameros est\u00e1n respaldados por una <strong> impresionante cosecha de 10 t\u00edtulos<\/strong>, entre ellos dos Copa Libertadores (2020 y 2021), dos Brasileiraos (2022 y 2023), la Copa do Brasil 2020, la Recopa Sudamericana 2022, la Supercopa do Brasil 2023 y varias coronas estaduales paulistas.<\/p>\n<\/div>\n<div id=\"element-body-15\" class=\"sc-136cd478-0 ekTCfV\" readability=\"36\">\n<p> Esta combinaci\u00f3n de rendimiento, regularidad y conquistas es la que explica por qu\u00e9 el club decidi\u00f3 renovarle y por qu\u00e9 Abel es considerado, sin discusi\u00f3n, el t\u00e9cnico m\u00e1s ganador del Verdao.<\/p>\n<\/div>\n<div id=\"element-body-16\" class=\"sc-a7166897-0 eoLsBE\" readability=\"31\">\n<section readability=\"2\"><picture><img alt=\"Video: el divertido reencuentro entre Son y el Cuti Romero en Tottenham\" loading=\"lazy\" width=\"290\" height=\"290\" decoding=\"async\" data-nimg=\"1\" src=\"http:\/\/hoycordobaweb.com\/wp-content\/uploads\/2025\/12\/palmeiras-no-suelta-a-su-tecnico-mas-ganador-abel-ferreira-sigue-hasta-2027-4.jpg\"><\/picture>\n<p><span>Mir\u00e1 tambi\u00e9n<\/span><\/p>\n<hr>\n<h3>Video: el divertido reencuentro entre Son y el Cuti Romero en Tottenham<\/h3>\n<\/p>\n<\/section>\n<\/div>\n<div id=\"element-body-17\" class=\"sc-a7166897-0 eoLsBE\" readability=\"31\">\n<section readability=\"2\"><picture><img alt=\"La millonaria deuda de Botafogo con Atlanta por el pase de Thiago Almada\" loading=\"lazy\" width=\"290\" height=\"290\" decoding=\"async\" data-nimg=\"1\" src=\"http:\/\/hoycordobaweb.com\/wp-content\/uploads\/2025\/12\/palmeiras-no-suelta-a-su-tecnico-mas-ganador-abel-ferreira-sigue-hasta-2027-5.jpg\"><\/picture>\n<p><span>Mir\u00e1 tambi\u00e9n<\/span><\/p>\n<hr>\n<h3>La millonaria deuda de Botafogo con Atlanta por el pase de Thiago Almada<\/h3>\n<\/p>\n<\/section>\n<\/div>\n<div id=\"element-body-18\" class=\"sc-a7166897-0 eoLsBE\" readability=\"31.5\">\n<section readability=\"3\"><picture><img alt=\"Tras salvarse del descenso, Andr\u00e9s D'Alessandro se fue de Inter de Porto Alegre\" loading=\"lazy\" width=\"290\" height=\"290\" decoding=\"async\" data-nimg=\"1\" src=\"http:\/\/hoycordobaweb.com\/wp-content\/uploads\/2025\/12\/palmeiras-no-suelta-a-su-tecnico-mas-ganador-abel-ferreira-sigue-hasta-2027-6.jpg\"><\/picture>\n<p><span>Mir\u00e1 tambi\u00e9n<\/span><\/p>\n<hr>\n<h3>Tras salvarse del descenso, Andr\u00e9s D&#8217;Alessandro se fue de Inter de Porto Alegre<\/h3>\n<\/p>\n<\/section>\n<\/div>\n<\/div>\n","protected":false},"excerpt":{"rendered":"<p>10\/12\/2025 11:13hs. Palmeiras renov\u00f3 este mi\u00e9rcoles el contrato de Abel Ferreira hasta diciembre de 2027, en una se\u00f1al de respaldo al entrenador m\u00e1s exitoso de su historia. La decisi\u00f3n lleg\u00f3 pocos d\u00edas despu\u00e9s de que el equipo cerrara la temporada sin t\u00edtulos, con la derrota en la final de la Copa Libertadores y el subcampeonato [&hellip;]<\/p>\n","protected":false},"author":1,"featured_media":124877,"comment_status":"open","ping_status":"closed","sticky":false,"template":"","format":"standard","meta":[],"categories":[16],"tags":[],"_links":{"self":[{"href":"http:\/\/hoycordobaweb.com\/index.php\/wp-json\/wp\/v2\/posts\/124876"}],"collection":[{"href":"http:\/\/hoycordobaweb.com\/index.php\/wp-json\/wp\/v2\/posts"}],"about":[{"href":"http:\/\/hoycordobaweb.com\/index.php\/wp-json\/wp\/v2\/types\/post"}],"author":[{"embeddable":true,"href":"http:\/\/hoycordobaweb.com\/index.php\/wp-json\/wp\/v2\/users\/1"}],"replies":[{"embeddable":true,"href":"http:\/\/hoycordobaweb.com\/index.php\/wp-json\/wp\/v2\/comments?post=124876"}],"version-history":[{"count":0,"href":"http:\/\/hoycordobaweb.com\/index.php\/wp-json\/wp\/v2\/posts\/124876\/revisions"}],"wp:featuredmedia":[{"embeddable":true,"href":"http:\/\/hoycordobaweb.com\/index.php\/wp-json\/wp\/v2\/media\/124877"}],"wp:attachment":[{"href":"http:\/\/hoycordobaweb.com\/index.php\/wp-json\/wp\/v2\/media?parent=124876"}],"wp:term":[{"taxonomy":"category","embeddable":true,"href":"http:\/\/hoycordobaweb.com\/index.php\/wp-json\/wp\/v2\/categories?post=124876"},{"taxonomy":"post_tag","embeddable":true,"href":"http:\/\/hoycordobaweb.com\/index.php\/wp-json\/wp\/v2\/tags?post=124876"}],"curies":[{"name":"wp","href":"https:\/\/api.w.org\/{rel}","templated":true}]}}