{"id":124867,"date":"2025-12-10T13:47:27","date_gmt":"2025-12-10T13:47:27","guid":{"rendered":"https:\/\/ladecimaweb.com\/?p=33639"},"modified":"2025-12-10T13:47:27","modified_gmt":"2025-12-10T13:47:27","slug":"lo-detienen-por-utilizar-teros-para-alertar-la-presencia-policial","status":"publish","type":"post","link":"http:\/\/hoycordobaweb.com\/index.php\/2025\/12\/10\/lo-detienen-por-utilizar-teros-para-alertar-la-presencia-policial\/","title":{"rendered":"Lo detienen por utilizar \u201cteros\u201d para alertar la presencia policial"},"content":{"rendered":"<div class=\"boldgrid-section\">\n<div class=\"container\">\n<div class=\"row\">\n<div class=\"col-md-12 col-xs-12 col-sm-12\">\n<p class=\"\"><a href=\"https:\/\/www.mpfcordoba.gob.ar\/cordoba-fpa-detuvo-a-un-sujeto-que-utilizaba-teros-para-alertar-la-presencia-policial\/\">Tras realizar intensas tareas de investigaciones,<\/a> oficiales de la Fuerza Policial Antinarcotr\u00e1fico dieron curso a tres \u00f3rdenes de allanamiento, cerraron un punto de venta y detuvieron a un hombre que se dedicaba a la actividad del narcomenudeo en la ciudad de C\u00f3rdoba.<\/p>\n<p class=\"\">El despliegue operativo tuvo lugar en los barrios Villa Boedo y 1\u00b0 de Mayo, de la ciudad mencionada. Se logr\u00f3 la detenci\u00f3n de un sujeto de 29 a\u00f1os y el secuestro de estupefacientes.<\/p>\n<p class=\"\">Luego de realizar un exhaustivo registro manual y con colaboraci\u00f3n de los canes detectores de narc\u00f3ticos, se secuestraron varias dosis de coca\u00edna y marihuana, $655.000, u$d 100, una motocicleta y elementos relacionados a la causa.<\/p>\n<p class=\"\"><em><strong>Cabe destacar que en el domicilio que funcionaba como punto de venta, en ocasiones se encontraban individuos denominados \u201cteros\u201d observando permanentemente el entorno para alertar sobre posibles veh\u00edculos desconocidos en la zona o presencia policial.<\/strong><\/em><\/p>\n<p>La Fiscal\u00eda de Lucha contra el Narcotr\u00e1fico del Primer Turno supervis\u00f3 el procedimiento y dispuso el traslado del detenido y las evidencias a la sede judicial, en el marco de una causa por presunta infracci\u00f3n a la Ley Nacional de Estupefacientes 23.737.<\/p>\n<p>&nbsp;<\/p>\n<div class=\"ubm_banner\"><a href=\"https:\/\/www.epec.com.ar\/\" target=\"_self\" rel=\"dofollow noopener noreferrer\"><img src=\"http:\/\/hoycordobaweb.com\/wp-content\/uploads\/2025\/12\/lo-detienen-por-utilizar-teros-para-alertar-la-presencia-policial.gif\" alt=\"\"><\/a><\/div>\n<\/div>\n<\/div>\n<\/div>\n<\/div>\n<p>La entrada <a rel=\"nofollow\" href=\"https:\/\/ladecimaweb.com\/lo-detienen-por-utilizar-teros-para-alertar-la-presencia-policial\/\">Lo detienen por utilizar &#8220;teros&#8221; para alertar la presencia policial<\/a> se public\u00f3 primero en <a rel=\"nofollow\" href=\"https:\/\/ladecimaweb.com\">LaDecima<\/a>.<\/p>\n","protected":false},"excerpt":{"rendered":"<p>Tras realizar intensas tareas de investigaciones, oficiales de la Fuerza Policial Antinarcotr\u00e1fico dieron curso a tres \u00f3rdenes de allanamiento, cerraron un punto de venta y detuvieron a un hombre que se dedicaba a la actividad del narcomenudeo en la ciudad de C\u00f3rdoba. El despliegue operativo tuvo lugar en los barrios Villa Boedo y 1\u00b0 de [&hellip;]<\/p>\n","protected":false},"author":1,"featured_media":0,"comment_status":"closed","ping_status":"closed","sticky":false,"template":"","format":"standard","meta":[],"categories":[32],"tags":[],"_links":{"self":[{"href":"http:\/\/hoycordobaweb.com\/index.php\/wp-json\/wp\/v2\/posts\/124867"}],"collection":[{"href":"http:\/\/hoycordobaweb.com\/index.php\/wp-json\/wp\/v2\/posts"}],"about":[{"href":"http:\/\/hoycordobaweb.com\/index.php\/wp-json\/wp\/v2\/types\/post"}],"author":[{"embeddable":true,"href":"http:\/\/hoycordobaweb.com\/index.php\/wp-json\/wp\/v2\/users\/1"}],"replies":[{"embeddable":true,"href":"http:\/\/hoycordobaweb.com\/index.php\/wp-json\/wp\/v2\/comments?post=124867"}],"version-history":[{"count":0,"href":"http:\/\/hoycordobaweb.com\/index.php\/wp-json\/wp\/v2\/posts\/124867\/revisions"}],"wp:attachment":[{"href":"http:\/\/hoycordobaweb.com\/index.php\/wp-json\/wp\/v2\/media?parent=124867"}],"wp:term":[{"taxonomy":"category","embeddable":true,"href":"http:\/\/hoycordobaweb.com\/index.php\/wp-json\/wp\/v2\/categories?post=124867"},{"taxonomy":"post_tag","embeddable":true,"href":"http:\/\/hoycordobaweb.com\/index.php\/wp-json\/wp\/v2\/tags?post=124867"}],"curies":[{"name":"wp","href":"https:\/\/api.w.org\/{rel}","templated":true}]}}