{"id":124778,"date":"2025-12-09T15:18:30","date_gmt":"2025-12-09T15:18:30","guid":{"rendered":"https:\/\/www.ole.com.ar\/futbol-internacional\/rival-barcelona-copa-rey-reaccion-guadalajara_0_czzazwTwl6.html"},"modified":"2025-12-09T15:18:30","modified_gmt":"2025-12-09T15:18:30","slug":"video-la-reaccion-de-los-rivales-del-barcelona-y-el-real-madrid-al-enterarse-que-los-enfrentaran-en-la-copa-del-rey","status":"publish","type":"post","link":"http:\/\/hoycordobaweb.com\/index.php\/2025\/12\/09\/video-la-reaccion-de-los-rivales-del-barcelona-y-el-real-madrid-al-enterarse-que-los-enfrentaran-en-la-copa-del-rey\/","title":{"rendered":"Video: la reacci\u00f3n de los rivales del Barcelona y el Real Madrid al enterarse que los enfrentar\u00e1n en la Copa del Rey"},"content":{"rendered":"<p><img src=\"http:\/\/hoycordobaweb.com\/wp-content\/uploads\/2025\/12\/video-la-reaccion-de-los-rivales-del-barcelona-y-el-real-madrid-al-enterarse-que-los-enfrentaran-en-la-copa-del-rey.jpg\"><\/p>\n<p><span class=\"createDate\">09\/12\/2025 12:18hs.<\/span><time class=\"modificatedDate\" datetime=\"2025-12-09T12:29:37-03:00\"> Actualizado al 09\/12\/2025 12:29hs.<\/time><\/p>\n<div id=\"storyBody\">\n<div id=\"element-body-0\" class=\"sc-136cd478-0 ekTCfV\" readability=\"38.610236220472\">\n<p>La <a href=\"https:\/\/www.ole.com.ar\/tema\/copa-del-rey.html\" target=\"_self\" title=\" Copa del Rey\" alt=\" Copa del Rey\" rel=\"noopener noreferrer\">Copa del Rey<\/a> arranc\u00f3 a fines de septiembre con sus rondas preliminares y este martes se llev\u00f3 a cabo el sorteo de los 16avos de final, donde todos los equipos de Primera empiezan a tener actividad. Tras este evento, el <strong><a href=\"https:\/\/www.ole.com.ar\/tema\/barcelona.html\" title=\"Barcelona\" alt=\"Barcelona\" class=\"slug\">Barcelona<\/a><\/strong>, el <strong> <a href=\"https:\/\/www.ole.com.ar\/tema\/real-madrid.html\" title=\"Real Madrid\" alt=\"Real Madrid\" class=\"slug\">Real<\/a> <\/strong>y el <strong><a href=\"https:\/\/www.ole.com.ar\/tema\/atletico-madrid.html\" title=\"Atl\u00e9tico Madrid\" alt=\"Atl\u00e9tico Madrid\" class=\"slug\">Atl\u00e9tico Madrid<\/a><\/strong> ya conocen a sus rivales. Y fue en este caso, que el <strong>Deportivo Guadalajara <\/strong>y el <strong>Talavera de la Reina<\/strong>, equipos con los que se medir\u00e1n el Blaugrana y el Merengue, respectivamente, compartieron videos con la reacci\u00f3n de sus jugadores al sorteo.<\/p>\n<\/div>\n<div id=\"element-body-1\" class=\"sc-136cd478-0 ekTCfV\" readability=\"42\">\n<p>El <strong>D\u00e9por<\/strong>, como es apodado, <strong>actualmente milita en la Primera Federaci\u00f3n<\/strong>, lo que equivale a la Tercera Divisi\u00f3n. En dicha categor\u00eda se encuentra en el grupo A y <strong>se ubica 17\u00b0 en la tabla de posiciones<\/strong> con 17 puntos, luego de cuatro victorias, cinco empates y seis derrotas, y viene de vencer al equipo filial del Osasuna por 1-0 el pasado domingo, mientras que en este certamen dej\u00f3 en el camino al <strong>Ceuta por 1-0 y al Cacere\u00f1o tras un 2-1<\/strong>. <\/p>\n<\/div>\n<div id=\"element-body-2\" class=\"sc-136cd478-0 ekTCfV\" readability=\"36\">\n<p>El duelo entre el Blaugrana y este equipo se levar\u00e1 cabo en el estadio Pedro Escart\u00edn, reciento en cual el Guadalajara hace de local y donde entran alrededor de 6.000 espectadores. Cabe destacar que el match no tiene fecha confirmada, <strong>pero se jugar\u00e1 entre el 16 y 18 de diciembre<\/strong>.<\/p>\n<\/div>\n<div class=\"sc-e7b891c4-0 ifHnQL image-embed\" id=\"element-body-3\"><img alt=\"El Guadalajara, rival del Barcelona. Foto: @deporguada\" loading=\"lazy\" width=\"720\" height=\"100\" decoding=\"async\" data-nimg=\"1\" src=\"http:\/\/hoycordobaweb.com\/wp-content\/uploads\/2025\/12\/video-la-reaccion-de-los-rivales-del-barcelona-y-el-real-madrid-al-enterarse-que-los-enfrentaran-en-la-copa-del-rey-2.jpg\"><span class=\"epigraphe\">El Guadalajara, rival del Barcelona. Foto: @deporguada<\/span><\/div>\n<div id=\"element-body-4\" class=\"sc-136cd478-0 ekTCfV\" readability=\"36\">\n<p>Por otro lado, el rival del <strong>Merengue ser\u00e1 el Talavera de la Reina<\/strong>, elenco que tambi\u00e9n milita en la Primera Federaci\u00f3n. El equipo fundado en 2011 tras la desaparici\u00f3n del hist\u00f3rico Talavera Club de F\u00fatbol viene de dejar en el camino al M\u00e1laga por 2-1 y al Rayo Majadahondat con un 4-1.<\/p>\n<\/div>\n<div id=\"element-body-5\" class=\"sc-136cd478-0 ekTCfV\" readability=\"37\">\n<p>Adem\u00e1s, es importante mencionar que est\u00e1 en la zona A en su categor\u00eda, <strong> pero marcha 20\u00b0 con 12 unidades<\/strong> despu\u00e9s de tres triunfos, la misma cantidad de igualdades y nueve derrotas. Este encuentro se llevar\u00e1 cabo en el estadio El Prado con 4.200 almas presentes.<\/p>\n<\/div>\n<div class=\"sc-e7b891c4-0 ifHnQL image-embed\" id=\"element-body-6\"><img alt=\"Los jugadores de Talavera de la Reina en su reacci\u00f3n. Foto: @CFTalavera\" loading=\"lazy\" width=\"720\" height=\"100\" decoding=\"async\" data-nimg=\"1\" src=\"http:\/\/hoycordobaweb.com\/wp-content\/uploads\/2025\/12\/video-la-reaccion-de-los-rivales-del-barcelona-y-el-real-madrid-al-enterarse-que-los-enfrentaran-en-la-copa-del-rey-3.jpg\"><span class=\"epigraphe\">Los jugadores de Talavera de la Reina en su reacci\u00f3n. Foto: @CFTalavera<\/span><\/div>\n<div id=\"element-body-7\" class=\"sc-136cd478-0 ekTCfV\" readability=\"40\">\n<p>Cabe destacar que en este equipo la bandera argentina dice presente, ya que <strong>Gonzalo Di Renzo<\/strong>, formado en las Inferiores de Lan\u00fas, se encuentra en el club desde julio de este a\u00f1o. Sin embargo, el delantero no s\u00f3lo jug\u00f3 en el Granate en el f\u00fatbol nacional porque tambi\u00e9n luci\u00f3 la camiseta de Sarmiento, Patronato y Estudiantes de Buenos Aires.<\/p>\n<\/div>\n<p><h2><strong>Videos: la reacci\u00f3n de ambos equipos<\/strong><\/h2>\n<\/p>\n<div id=\"element-body-9\" class=\"sc-3c5a76cc-1 idjLTd\">\n<div class=\"sc-e8b2828-0 fBmEJc\" type=\"embed\">\n<div class=\"sc-e8b2828-1 iPLbWT videoText\" id=\"contentTitleembedorLZb4Jf\" type=\"embed\"><svg fill=\"#ffffff\"><symbol id=\"play\" viewBox=\"0 0 512 512\"><path d=\"M512 256C512 397.4 397.4 512 256 512C114.6 512 0 397.4 0 256C0 114.6 114.6 0 256 0C397.4 0 512 114.6 512 256zM176 168V344C176 352.7 180.7 360.7 188.3 364.9C195.8 369.2 205.1 369 212.5 364.5L356.5 276.5C363.6 272.1 368 264.4 368 256C368 247.6 363.6 239.9 356.5 235.5L212.5 147.5C205.1 142.1 195.8 142.8 188.3 147.1C180.7 151.3 176 159.3 176 168V168z\" \/><\/symbol><use xlink:href=\"#play\" \/><\/svg><\/p>\n<div class=\"right\">\n<p>Copa del Rey<!-- --> &#8211; <span>&nbsp;<\/span><\/p>\n<h2 class=\"title-vid\">La reacci\u00f3n de los jugadores del Guadalajara, rival del Barsa en la Copa del Rey<\/h2>\n<\/div>\n<\/div>\n<p><span class=\"back\" id=\"spanBackembedorLZb4Jf\"><\/span><\/div>\n<div class=\"JWvideoNota_title\">\n<p>Video: @deporguada<\/p>\n<\/div>\n<\/div>\n<div id=\"element-body-10\" class=\"sc-3c5a76cc-1 idjLTd\">\n<div class=\"sc-e8b2828-0 fBmEJc\" type=\"embed\">\n<div class=\"sc-e8b2828-1 iPLbWT videoText\" id=\"contentTitleembeduwzdg7KG\" type=\"embed\"><svg fill=\"#ffffff\"><symbol id=\"play\" viewBox=\"0 0 512 512\"><path d=\"M512 256C512 397.4 397.4 512 256 512C114.6 512 0 397.4 0 256C0 114.6 114.6 0 256 0C397.4 0 512 114.6 512 256zM176 168V344C176 352.7 180.7 360.7 188.3 364.9C195.8 369.2 205.1 369 212.5 364.5L356.5 276.5C363.6 272.1 368 264.4 368 256C368 247.6 363.6 239.9 356.5 235.5L212.5 147.5C205.1 142.1 195.8 142.8 188.3 147.1C180.7 151.3 176 159.3 176 168V168z\" \/><\/symbol><use xlink:href=\"#play\" \/><\/svg><\/p>\n<div class=\"right\">\n<p>Copa del Rey<!-- --> &#8211; <span>&nbsp;<\/span><\/p>\n<h2 class=\"title-vid\">La reacci\u00f3n del Talavera de la Reina, rival del Real Madrid en la Copa del Rey<\/h2>\n<\/div>\n<\/div>\n<p><span class=\"back\" id=\"spanBackembeduwzdg7KG\"><\/span><\/div>\n<div class=\"JWvideoNota_title\">\n<p>Video: @CFTalavera<\/p>\n<\/div>\n<\/div>\n<p><h2><strong>\u00bfY el Atl\u00e9tico?<\/strong><\/h2>\n<\/p>\n<div id=\"element-body-12\" class=\"sc-136cd478-0 ekTCfV\" readability=\"36\">\n<p><strong>El Colchonero dirigido por Diego Simeone se medir\u00e1 ante el Atl\u00e9tico Baleares<\/strong>, que marcha 2\u00b0 en el grupo 3 de la Segunda Federaci\u00f3n con 27 unidades tras ocho victorias tres empates y la misma cantidad de derrotas. En su \u00faltima presentaci\u00f3n venci\u00f3 1-0 al Espanyol por la Copa del Rey y elimin\u00f3 al Gimn\u00e0stic en la primera ronda. <\/p>\n<\/div>\n<div class=\"custom-embedhtml\" id=\"element-body-13\" readability=\"28.20578778135\">\n<blockquote class=\"twitter-tweet\" readability=\"9.1254019292605\">\n<p lang=\"ca\" dir=\"ltr\">\ud835\udc02\ud835\udc0e\ud835\udc0f\ud835\udc00 \ud835\udc03\ud835\udc04\ud835\udc0b \ud835\udc11\ud835\udc04\ud835\udc18 \ud83c\udfc6 <\/p>\n<p>El @atleticodemadrid ser\u00e0 el nostre rival a els setzens de finals de la Copa del Rei. \ud83c\udfdf\ufe0f El partit es disputar\u00e0 el 16, 17 o 18 de desembre, a l\u2019Estadi Balear. <a href=\"https:\/\/twitter.com\/hashtag\/Gl%C3%B2riaATB?src=hash&amp;ref_src=twsrc%5Etfw\">#Gl\u00f2riaATB<\/a> <a href=\"https:\/\/t.co\/IMqPtv1ySy\">pic.twitter.com\/IMqPtv1ySy<\/a><\/p>\n<p>\u2014 Atl\u00e9tico Baleares (@atleticbalears) <a href=\"https:\/\/twitter.com\/atleticbalears\/status\/1998369222410518797?ref_src=twsrc%5Etfw\">December 9, 2025<\/a><\/p><\/blockquote><\/div>\n<p><h2><strong>Todos los cruces de los 16avos de final de la Copa del Rey<\/strong><\/h2>\n<\/p>\n<div id=\"element-body-15\" class=\"sc-136cd478-0 ekTCfV\">\n<ul>\n<li>Ourense CF &#8211; Athletic Club<\/li>\n<li>Atl\u00e9tico Baleares &#8211; Atl\u00e9tico de Madrid<\/li>\n<li>Talavera de la Reina &#8211; Real Madrid<\/li>\n<li>Guadalajara &#8211; FC Barcelona<\/li>\n<li>Real Murcia &#8211; Real Betis<\/li>\n<li>CD Eldense &#8211; Real Sociedad<\/li>\n<li>Burgos CF &#8211; Getafe CF<\/li>\n<li>Cultural Leonesa &#8211; Levante UD<\/li>\n<li>SD Eibar &#8211; Elche CF<\/li>\n<li>Deportivo de la Coru\u00f1a &#8211; RCD Mallorca<\/li>\n<li>Racing de Santander &#8211; Villarreal<\/li>\n<li>Sporting de Gij\u00f3n &#8211; Valencia CF<\/li>\n<li>SD Huesca &#8211; CA Osasuna<\/li>\n<li>Granada &#8211; Rayo Vallecano<\/li>\n<li>Albacete Balompi\u00e9 &#8211; Celta de Vigo<\/li>\n<li>Deportivo Alav\u00e9s &#8211; Sevilla<\/li>\n<\/ul>\n<\/div>\n<div class=\"sc-e7b891c4-0 ifHnQL image-embed\" id=\"element-body-16\"><img alt=\"Los cruces de la Copa del Rey.\" loading=\"lazy\" width=\"720\" height=\"100\" decoding=\"async\" data-nimg=\"1\" src=\"http:\/\/hoycordobaweb.com\/wp-content\/uploads\/2025\/12\/video-la-reaccion-de-los-rivales-del-barcelona-y-el-real-madrid-al-enterarse-que-los-enfrentaran-en-la-copa-del-rey-4.jpg\"><span class=\"epigraphe\">Los cruces de la Copa del Rey.<\/span><\/div>\n<div id=\"element-body-17\" class=\"sc-a7166897-0 eoLsBE\" readability=\"31\">\n<section readability=\"2\"><picture><img alt=\"Hizo un gol para el ascenso el de la tobillera electr\u00f3nica en Brasil \" loading=\"lazy\" width=\"290\" height=\"290\" decoding=\"async\" data-nimg=\"1\" src=\"http:\/\/hoycordobaweb.com\/wp-content\/uploads\/2025\/12\/video-la-reaccion-de-los-rivales-del-barcelona-y-el-real-madrid-al-enterarse-que-los-enfrentaran-en-la-copa-del-rey-5.jpg\"><\/picture>\n<p><span>Mir\u00e1 tambi\u00e9n<\/span><\/p>\n<hr>\n<h3>Hizo un gol para el ascenso el de la tobillera electr\u00f3nica en Brasil<br \/>\n<\/h3>\n<\/p>\n<\/section>\n<\/div>\n<div id=\"element-body-18\" class=\"sc-a7166897-0 eoLsBE\" readability=\"31\">\n<section readability=\"2\"><picture><img alt=\"Salv\u00f3 del descenso a Santos con dos goles y Neymar le hizo un regalito \" loading=\"lazy\" width=\"290\" height=\"290\" decoding=\"async\" data-nimg=\"1\" src=\"http:\/\/hoycordobaweb.com\/wp-content\/uploads\/2025\/12\/video-la-reaccion-de-los-rivales-del-barcelona-y-el-real-madrid-al-enterarse-que-los-enfrentaran-en-la-copa-del-rey-6.jpg\"><\/picture>\n<p><span>Mir\u00e1 tambi\u00e9n<\/span><\/p>\n<hr>\n<h3>Salv\u00f3 del descenso a Santos con dos goles y Neymar le hizo un regalito<br \/>\n<\/h3>\n<\/p>\n<\/section>\n<\/div>\n<div id=\"element-body-19\" class=\"sc-a7166897-0 eoLsBE\" readability=\"31\">\n<section readability=\"2\"><picture><img alt=\"\u00bfQu\u00e9 dijo Xabi Alonso sobre los rumores de despido del Real Madrid? \" loading=\"lazy\" width=\"290\" height=\"290\" decoding=\"async\" data-nimg=\"1\" src=\"http:\/\/hoycordobaweb.com\/wp-content\/uploads\/2025\/12\/video-la-reaccion-de-los-rivales-del-barcelona-y-el-real-madrid-al-enterarse-que-los-enfrentaran-en-la-copa-del-rey-7.jpg\"><\/picture>\n<p><span>Mir\u00e1 tambi\u00e9n<\/span><\/p>\n<hr>\n<h3>\u00bfQu\u00e9 dijo Xabi Alonso sobre los rumores de despido del Real Madrid?<br \/>\n<\/h3>\n<\/p>\n<\/section>\n<\/div>\n<\/div>\n","protected":false},"excerpt":{"rendered":"<p>09\/12\/2025 12:18hs. Actualizado al 09\/12\/2025 12:29hs. La Copa del Rey arranc\u00f3 a fines de septiembre con sus rondas preliminares y este martes se llev\u00f3 a cabo el sorteo de los 16avos de final, donde todos los equipos de Primera empiezan a tener actividad. Tras este evento, el Barcelona, el Real y el Atl\u00e9tico Madrid ya [&hellip;]<\/p>\n","protected":false},"author":1,"featured_media":124779,"comment_status":"open","ping_status":"closed","sticky":false,"template":"","format":"standard","meta":[],"categories":[16],"tags":[],"_links":{"self":[{"href":"http:\/\/hoycordobaweb.com\/index.php\/wp-json\/wp\/v2\/posts\/124778"}],"collection":[{"href":"http:\/\/hoycordobaweb.com\/index.php\/wp-json\/wp\/v2\/posts"}],"about":[{"href":"http:\/\/hoycordobaweb.com\/index.php\/wp-json\/wp\/v2\/types\/post"}],"author":[{"embeddable":true,"href":"http:\/\/hoycordobaweb.com\/index.php\/wp-json\/wp\/v2\/users\/1"}],"replies":[{"embeddable":true,"href":"http:\/\/hoycordobaweb.com\/index.php\/wp-json\/wp\/v2\/comments?post=124778"}],"version-history":[{"count":0,"href":"http:\/\/hoycordobaweb.com\/index.php\/wp-json\/wp\/v2\/posts\/124778\/revisions"}],"wp:featuredmedia":[{"embeddable":true,"href":"http:\/\/hoycordobaweb.com\/index.php\/wp-json\/wp\/v2\/media\/124779"}],"wp:attachment":[{"href":"http:\/\/hoycordobaweb.com\/index.php\/wp-json\/wp\/v2\/media?parent=124778"}],"wp:term":[{"taxonomy":"category","embeddable":true,"href":"http:\/\/hoycordobaweb.com\/index.php\/wp-json\/wp\/v2\/categories?post=124778"},{"taxonomy":"post_tag","embeddable":true,"href":"http:\/\/hoycordobaweb.com\/index.php\/wp-json\/wp\/v2\/tags?post=124778"}],"curies":[{"name":"wp","href":"https:\/\/api.w.org\/{rel}","templated":true}]}}