{"id":124683,"date":"2025-12-08T14:24:57","date_gmt":"2025-12-08T14:24:57","guid":{"rendered":"https:\/\/www.ole.com.ar\/futbol-internacional\/america\/bombas-arturo-vidal-mal-ano-colo-colo-fubtol-chileno-chile-cacique-jorge-almiron-fernando-ortiz_0_QBeHGxSqpm.html"},"modified":"2025-12-08T14:24:57","modified_gmt":"2025-12-08T14:24:57","slug":"las-bombas-de-vidal-tras-el-mal-ano-de-colo-colo-mucha-gente-trato-de-tirar-para-atras-y-que-mas-mal-puede-estar","status":"publish","type":"post","link":"http:\/\/hoycordobaweb.com\/index.php\/2025\/12\/08\/las-bombas-de-vidal-tras-el-mal-ano-de-colo-colo-mucha-gente-trato-de-tirar-para-atras-y-que-mas-mal-puede-estar\/","title":{"rendered":"Las bombas de Vidal tras el mal a\u00f1o de Colo Colo: \u00abmucha gente trat\u00f3 de tirar para atr\u00e1s\u00bb y \u00ab\u00bfqu\u00e9 m\u00e1s mal puede estar?\u00bb"},"content":{"rendered":"<p><img src=\"http:\/\/hoycordobaweb.com\/wp-content\/uploads\/2025\/12\/las-bombas-de-vidal-tras-el-mal-ano-de-colo-colo-mucha-gente-trato-de-tirar-para-atras-y-que-mas-mal-puede-estar.jpg\"><\/p>\n<p><time class=\"createDate\" datetime=\"2025-12-08T11:24:57-03:00\">08\/12\/2025 11:24hs.<\/time><\/p>\n<div id=\"storyBody\">\n<div id=\"element-body-0\" class=\"sc-136cd478-0 ekTCfV\" readability=\"34.859504132231\">\n<p><strong>Las expectativas en <a href=\"https:\/\/www.ole.com.ar\/tema\/colocolo.html\" title=\"Colo Colo\" alt=\"Colo Colo\" class=\"slug\">Colo Colo<\/a> estaban alt\u00edsimas<\/strong>: el equipo chileno cumpli\u00f3 su Centenario este a\u00f1o y se esperaba un per\u00edodo de alegr\u00edas tras un buen 2024; <strong>pero el 2025 fue un golpazo contra la pared<\/strong>. El Cacique tuvo <strong>un a\u00f1o realmente p\u00e9simo <\/strong>y cerr\u00f3 el a\u00f1o con <strong><a href=\"https:\/\/www.ole.com.ar\/tema\/arturo-vidal.html\" title=\"Arturo Vidal\" alt=\"Arturo Vidal\" class=\"slug\">Arturo Vidal<\/a><\/strong>, emblema absoluto del pa\u00eds, <strong>lanzando declaraciones dur\u00edsimas contra todo el club<\/strong>.<\/p>\n<\/div>\n<p><h2><strong>Vidal, \u00e1cido contra todo Colo Colo<\/strong><\/h2>\n<\/p>\n<div id=\"element-body-2\" class=\"sc-136cd478-0 ekTCfV\" readability=\"31.061728395062\">\n<p>Para poner en contexto las frases del Rey Arturo alcanza con un m\u00ednimo pantallazo del a\u00f1o colocolino.. Qued\u00f3 <strong>\u00faltimo en fase de grupos de <a href=\"https:\/\/www.ole.com.ar\/tema\/copa-libertadores.html\" title=\"Copa Libertadores\" alt=\"Copa Libertadores\" class=\"slug\">Copa Libertadores<\/a><\/strong>, <strong>afuera en grupos de <a href=\"https:\/\/www.ole.com.ar\/tema\/copa-chile.html\" title=\"Copa Chile\" alt=\"Copa Chile\" class=\"slug\">Copa Chile<\/a><\/strong>, perdi\u00f3 <strong>tres invictos hist\u00f3ricos<\/strong> contra las Universidades (<a href=\"https:\/\/www.ole.com.ar\/tema\/universidad-de-chile.html\" title=\"Universidad de Chile\" alt=\"Universidad de Chile\" class=\"slug\">de Chile<\/a> y <a href=\"https:\/\/www.ole.com.ar\/tema\/universidad-catolica.html\" title=\"Universidad Cat\u00f3lica\" alt=\"Universidad Cat\u00f3lica\" class=\"slug\">Cat\u00f3lica<\/a>) incluyendo la <strong>final de <a href=\"https:\/\/www.ole.com.ar\/tema\/supercopa-de-chile.html\" title=\"Supercopa de Chile\" alt=\"Supercopa de Chile\" class=\"slug\">Supercopa<\/a><\/strong> y <strong>termin\u00f3 8\u00b0 en la <a href=\"https:\/\/www.ole.com.ar\/tema\/futbol-chileno.html\" title=\"F\u00fatbol chileno\" alt=\"F\u00fatbol chileno\" class=\"slug\">liga chilena<\/a> y no se clasific\u00f3 a ninguna competici\u00f3n internacional en 2026.<\/strong><\/p>\n<\/div>\n<div id=\"element-body-3\" class=\"sc-136cd478-0 ekTCfV\" readability=\"36\">\n<p>Con esto en mente, <strong>hasta se podr\u00eda pensar que el bicampe\u00f3n de Am\u00e9rica se qued\u00f3 corto<\/strong> en las \u00e1speras palabras que le dedic\u00f3 pr\u00e1cticamente a la totalidad del club. El King <strong>defini\u00f3 al a\u00f1o albo como \u00abun fracaso\u00bb<\/strong> y <strong>asegur\u00f3 que en los 20 a\u00f1os de carrera que lleva \u00abes uno de los peores a\u00f1os que he tenido\u00bb<\/strong>.<\/p>\n<\/div>\n<div id=\"element-body-4\" class=\"sc-136cd478-0 ekTCfV\" readability=\"40\">\n<p>El chileno asegur\u00f3 que le <strong>\u00abhubiese gustado que este a\u00f1o hubiese sido perfecto\u00bb<\/strong> considerando el importante aniversario, con el foco principal puesto sobre la Gloria M\u00e1xima. Sin embargo, en vista de los resultados, Vidal analiz\u00f3: <strong> \u00abQuedamos fuera de todo, no salimos campeones, no clasificamos a cosas&#8230; \u00bfQu\u00e9 m\u00e1s mal puede estar uno despu\u00e9s de todo esto?\u00bb.<\/strong><\/p>\n<\/div>\n<div id=\"element-body-5\" class=\"sc-136cd478-0 ekTCfV\" readability=\"39\">\n<p>El experimentado volante tambi\u00e9n apunt\u00f3 contra sus compa\u00f1eros, dirigentes y DT: <strong>\u00abNo estuve a la altura, pero hay mucha gente que tambi\u00e9n, no solo futbolistas, que trat\u00f3 de tirar para atr\u00e1s el carro y as\u00ed nos fue\u00bb<\/strong>. La acusaci\u00f3n es dur\u00edsima y viene despu\u00e9s tambi\u00e9n de <strong>mostrarse muy molesto por no haber sumado minutos de arranque en el \u00faltimo partido del a\u00f1o <\/strong>-derrota 2 a 1 ante Audax Italiano-.<\/p>\n<\/div>\n<div id=\"element-body-6\" class=\"sc-136cd478-0 ekTCfV\" readability=\"32.36074270557\">\n<p>Vidal hizo un repaso de los golpes: \u00bb <strong><a href=\"https:\/\/www.ole.com.ar\/futbol-internacional\/libertadores\/colo-colo-libertadores-invasion-fortaleza_0_rMFT3COiye.html\" title=\"Lo que pas\u00f3 con Fortaleza \" alt=\"Lo que pas\u00f3 con Fortaleza \">Lo que pas\u00f3 con Fortaleza<\/a><\/strong>nos hizo mucho da\u00f1o, lo que pas\u00f3 con <strong>los dos ni\u00f1os que perdimos<\/strong>; de ah\u00ed el equipo baj\u00f3 mucho, doli\u00f3 mucho. Despu\u00e9s <strong><a href=\"https:\/\/www.ole.com.ar\/futbol-internacional\/colocolo-mosapresidente-libertadores2023-repechaje_0_pxKgGUYDRY.html\" title=\"lo que pas\u00f3 con \" alt=\"lo que pas\u00f3 con \">lo que pas\u00f3 con<\/a><a href=\"https:\/\/www.ole.com.ar\/tema\/jorge-almiron.html\" target=\"_blank\" title=\"Jorge Almir\u00f3n\" alt=\"Jorge Almir\u00f3n\" class=\"slug\" rel=\"noopener noreferrer\">(Jorge) Almir\u00f3n<\/a><\/strong>, el cambio de entrenador (<a href=\"https:\/\/www.ole.com.ar\/tema\/fernando-ortiz.html\" target=\"_blank\" title=\"Fernando Ortiz\" alt=\"Fernando Ortiz\" class=\"slug\" rel=\"noopener noreferrer\">Fernando Ortiz<\/a>). Hab\u00eda mucha presi\u00f3n, esper\u00e1bamos mucho este a\u00f1o, pero <strong>nos vamos con las manos vac\u00edas y derrotados al m\u00e1ximo<\/strong>\u00ab.<\/p>\n<\/div>\n<div class=\"sc-e7b891c4-0 ifHnQL image-embed\" id=\"element-body-7\"><img alt=\"El #23 fue dur\u00edsimo con el mal a\u00f1o que tuvo el Cacique.\" loading=\"lazy\" width=\"1290\" height=\"760\" decoding=\"async\" data-nimg=\"1\" src=\"http:\/\/hoycordobaweb.com\/wp-content\/uploads\/2025\/12\/las-bombas-de-vidal-tras-el-mal-ano-de-colo-colo-mucha-gente-trato-de-tirar-para-atras-y-que-mas-mal-puede-estar-2.jpg\"><span class=\"epigraphe\">El #23 fue dur\u00edsimo con el mal a\u00f1o que tuvo el Cacique.<\/span><\/div>\n<p><h3><strong>Todas las declaraciones de Vidal<\/strong><\/h3>\n<\/p>\n<div id=\"element-body-9\" class=\"sc-136cd478-0 ekTCfV\" readability=\"44\">\n<p><em>\u00abEste es un fracaso, un fracaso. He tenido muchas derrotas en finales: nunca gan\u00e9 la Champions, muchas cosas, pero me duele. Me duele no haber podido empezar desde el principio, que estaba muy bien f\u00edsicamente, en la semana se hab\u00eda dado todo y llegar al partido y no jugar, eso duele mucho y quedar eliminado as\u00ed tambi\u00e9n, del local, con este p\u00fablico maravilloso, con el espect\u00e1culo que hab\u00eda hoy\u00bb.<\/em><\/p>\n<\/div>\n<div id=\"element-body-10\" class=\"sc-136cd478-0 ekTCfV\" readability=\"45\">\n<p><em>\u00abEn este momento, a esta edad, voy viviendo el d\u00eda a d\u00eda, voy pensando, no m\u00e1s all\u00e1 de una semana, porque claramente se me est\u00e1 cortando la carrera, pero todav\u00eda me siento bien y espero seguir dando cosas importantes, pero siga siendo importante, siendo importante, un jugador as\u00ed a esta edad no puede ser un estorbo, sino que tiene que ser alguien importante en un equipo tan importante\u00bb<\/em><\/p>\n<\/div>\n<div id=\"element-body-11\" class=\"sc-136cd478-0 ekTCfV\" readability=\"43\">\n<p><em>\u00abCuando se perd\u00eda era culpa m\u00eda, cuando se ganaba no era culpa m\u00eda;,cuando pasaban cosas era culpa m\u00eda.\u00bfCu\u00e1ntas cosas dijeron de m\u00ed? Tiraron mi sueldo, que todos saben que no es as\u00ed, pero lo tiran con maldad, porque todos saben que el sueldo m\u00edo no es ese. Y ninguno lo ha dicho, de ac\u00e1 tampoco y de ac\u00e1 lo filtraron, as\u00ed que eso molesta y a la gente le molesta cuando las cosas no salen, que un jugador gane tanta plata\u00bb.<\/em><\/p>\n<\/div>\n<div id=\"element-body-12\" class=\"sc-136cd478-0 ekTCfV\" readability=\"39\">\n<p><em>\u00ab\u00bfSab\u00e9s cu\u00e1ntos a\u00f1os llevo jugando? Casi 20 y creo que, como muchos dijeron, era uno de los peores a\u00f1os que he tenido y claramente tambi\u00e9n uno va avanzando y me hubiese gustado que este a\u00f1o hubiese sido perfecto: haber peleado m\u00e1s la Libertadores. Quedamos fuera de todo, no salimos campeones, no clasificamos a cosas&#8230; \u00bfQu\u00e9 m\u00e1s mal puede estar uno despu\u00e9s de todo esto?\u00bb.<\/em><\/p>\n<\/div>\n<div id=\"element-body-13\" class=\"sc-136cd478-0 ekTCfV\" readability=\"42\">\n<p><em>\u00abY despu\u00e9s con cosas que pasan, cosas que pasan, la gente ac\u00e1 de repente&#8230; Yo me pongo la polera, creo que soy uno de los m\u00e1s importantes del equipo y creo que s\u00ed, no estuve a la altura, pero hay mucha gente tambi\u00e9n, no solo futbolistas, gente que trat\u00f3 de tirar para atr\u00e1s el carro y as\u00ed nos fue\u00bb.<\/em><\/p>\n<\/div>\n<div id=\"element-body-14\" class=\"sc-136cd478-0 ekTCfV\" readability=\"45\">\n<p><em>\u00abNo, este a\u00f1o fue dif\u00edcil. Seguramente lo que pas\u00f3 con Fortaleza nos hizo mucho da\u00f1o, mucho da\u00f1o lo que pas\u00f3 con los dos ni\u00f1os que perdimos. De ah\u00ed el equipo baj\u00f3 mucho, doli\u00f3 mucho todo eso, despu\u00e9s lo que pas\u00f3 con Almir\u00f3n, el cambio de entrenador, todas las cosas nos fueron afectando. Hab\u00eda mucha presi\u00f3n, esper\u00e1bamos mucho, mucho este a\u00f1o, de verdad mucho, mucho; pero nos vamos con las manos vac\u00edas y derrotados al m\u00e1ximo\u00bb.<\/em><\/p>\n<\/div>\n<div class=\"sc-e7b891c4-0 ifHnQL image-embed\" id=\"element-body-15\"><img alt=\"S\u00ed, es para llorar: Colo Colo tuvo un a\u00f1o p\u00e9simo.\" loading=\"lazy\" width=\"720\" height=\"100\" decoding=\"async\" data-nimg=\"1\" src=\"http:\/\/hoycordobaweb.com\/wp-content\/uploads\/2025\/12\/las-bombas-de-vidal-tras-el-mal-ano-de-colo-colo-mucha-gente-trato-de-tirar-para-atras-y-que-mas-mal-puede-estar-3.jpg\"><span class=\"epigraphe\">S\u00ed, es para llorar: Colo Colo tuvo un a\u00f1o p\u00e9simo.<\/span><\/div>\n<p><h2><strong>Video: las bombas de Vidal ante el mal a\u00f1o de Colo Colo<\/strong><\/h2>\n<\/p>\n<div id=\"element-body-17\" class=\"sc-3c5a76cc-1 idjLTd\" readability=\"31.5\">\n<div class=\"sc-e8b2828-0 fBmEJc\" type=\"embed\">\n<div class=\"sc-e8b2828-1 iPLbWT videoText\" id=\"contentTitleembedVpnDtzc1\" type=\"embed\"><svg fill=\"#ffffff\"><symbol id=\"play\" viewBox=\"0 0 512 512\"><path d=\"M512 256C512 397.4 397.4 512 256 512C114.6 512 0 397.4 0 256C0 114.6 114.6 0 256 0C397.4 0 512 114.6 512 256zM176 168V344C176 352.7 180.7 360.7 188.3 364.9C195.8 369.2 205.1 369 212.5 364.5L356.5 276.5C363.6 272.1 368 264.4 368 256C368 247.6 363.6 239.9 356.5 235.5L212.5 147.5C205.1 142.1 195.8 142.8 188.3 147.1C180.7 151.3 176 159.3 176 168V168z\" \/><\/symbol><use xlink:href=\"#play\" \/><\/svg><\/p>\n<div class=\"right\">\n<p>colo colo<!-- --> &#8211; <span>&nbsp;<\/span><\/p>\n<h2 class=\"title-vid\">Arturo Vidal, dur\u00edsimo tras el mal a\u00f1o de Colo Colo<\/h2>\n<\/div>\n<\/div>\n<p><span class=\"back\" id=\"spanBackembedVpnDtzc1\"><\/span><\/div>\n<div class=\"JWvideoNota_title\" readability=\"8\">\n<p>El volante chileno sali\u00f3 con los tapones de punta y fue categ\u00f3rico respecto del 2025 del Cacique. (Videos: @vozcacique en Instagram; @dalealbo y @redgol en X).<\/p>\n<\/div>\n<\/div>\n<div id=\"element-body-18\" class=\"sc-a7166897-0 eoLsBE\" readability=\"31.5\">\n<section readability=\"3\"><picture><img alt=\"Video: la particular confesi\u00f3n del Intendente de La Plata, fan\u00e1tico de Racing\" loading=\"lazy\" width=\"290\" height=\"290\" decoding=\"async\" data-nimg=\"1\" src=\"http:\/\/hoycordobaweb.com\/wp-content\/uploads\/2025\/12\/las-bombas-de-vidal-tras-el-mal-ano-de-colo-colo-mucha-gente-trato-de-tirar-para-atras-y-que-mas-mal-puede-estar-4.jpg\"><\/picture>\n<p><span>Mir\u00e1 tambi\u00e9n<\/span><\/p>\n<hr>\n<h3>Video: la particular confesi\u00f3n del Intendente de La Plata, fan\u00e1tico de Racing<\/h3>\n<\/p>\n<\/section>\n<\/div>\n<div id=\"element-body-19\" class=\"sc-a7166897-0 eoLsBE\" readability=\"31.5\">\n<section readability=\"3\"><picture><img alt=\"Nico Domingo: &quot;Para m\u00ed, Temperley pasa a ser el Real Madrid&quot;\" loading=\"lazy\" width=\"290\" height=\"290\" decoding=\"async\" data-nimg=\"1\" src=\"http:\/\/hoycordobaweb.com\/wp-content\/uploads\/2025\/12\/las-bombas-de-vidal-tras-el-mal-ano-de-colo-colo-mucha-gente-trato-de-tirar-para-atras-y-que-mas-mal-puede-estar-5.jpg\"><\/picture>\n<p><span>Mir\u00e1 tambi\u00e9n<\/span><\/p>\n<hr>\n<h3>Nico Domingo: \u00abPara m\u00ed, Temperley pasa a ser el Real Madrid\u00bb<\/h3>\n<\/p>\n<\/section>\n<\/div>\n<div id=\"element-body-20\" class=\"sc-a7166897-0 eoLsBE\" readability=\"31\">\n<section readability=\"2\"><picture><img alt=\"Incre\u00edble: el gigante sudamericano que se quedar\u00e1 sin copas en 2026\" loading=\"lazy\" width=\"290\" height=\"290\" decoding=\"async\" data-nimg=\"1\" src=\"http:\/\/hoycordobaweb.com\/wp-content\/uploads\/2025\/12\/las-bombas-de-vidal-tras-el-mal-ano-de-colo-colo-mucha-gente-trato-de-tirar-para-atras-y-que-mas-mal-puede-estar-6.jpg\"><\/picture>\n<p><span>Mir\u00e1 tambi\u00e9n<\/span><\/p>\n<hr>\n<h3>Incre\u00edble: el gigante sudamericano que se quedar\u00e1 sin copas en 2026<\/h3>\n<\/p>\n<\/section>\n<\/div>\n<\/div>\n","protected":false},"excerpt":{"rendered":"<p>08\/12\/2025 11:24hs. Las expectativas en Colo Colo estaban alt\u00edsimas: el equipo chileno cumpli\u00f3 su Centenario este a\u00f1o y se esperaba un per\u00edodo de alegr\u00edas tras un buen 2024; pero el 2025 fue un golpazo contra la pared. El Cacique tuvo un a\u00f1o realmente p\u00e9simo y cerr\u00f3 el a\u00f1o con Arturo Vidal, emblema absoluto del pa\u00eds, [&hellip;]<\/p>\n","protected":false},"author":1,"featured_media":124684,"comment_status":"open","ping_status":"closed","sticky":false,"template":"","format":"standard","meta":[],"categories":[16],"tags":[],"_links":{"self":[{"href":"http:\/\/hoycordobaweb.com\/index.php\/wp-json\/wp\/v2\/posts\/124683"}],"collection":[{"href":"http:\/\/hoycordobaweb.com\/index.php\/wp-json\/wp\/v2\/posts"}],"about":[{"href":"http:\/\/hoycordobaweb.com\/index.php\/wp-json\/wp\/v2\/types\/post"}],"author":[{"embeddable":true,"href":"http:\/\/hoycordobaweb.com\/index.php\/wp-json\/wp\/v2\/users\/1"}],"replies":[{"embeddable":true,"href":"http:\/\/hoycordobaweb.com\/index.php\/wp-json\/wp\/v2\/comments?post=124683"}],"version-history":[{"count":0,"href":"http:\/\/hoycordobaweb.com\/index.php\/wp-json\/wp\/v2\/posts\/124683\/revisions"}],"wp:featuredmedia":[{"embeddable":true,"href":"http:\/\/hoycordobaweb.com\/index.php\/wp-json\/wp\/v2\/media\/124684"}],"wp:attachment":[{"href":"http:\/\/hoycordobaweb.com\/index.php\/wp-json\/wp\/v2\/media?parent=124683"}],"wp:term":[{"taxonomy":"category","embeddable":true,"href":"http:\/\/hoycordobaweb.com\/index.php\/wp-json\/wp\/v2\/categories?post=124683"},{"taxonomy":"post_tag","embeddable":true,"href":"http:\/\/hoycordobaweb.com\/index.php\/wp-json\/wp\/v2\/tags?post=124683"}],"curies":[{"name":"wp","href":"https:\/\/api.w.org\/{rel}","templated":true}]}}