{"id":12463,"date":"2021-02-10T14:13:38","date_gmt":"2021-02-10T14:13:38","guid":{"rendered":"http:\/\/fono.fcm.unc.edu.ar\/?p=5470"},"modified":"2021-02-10T14:13:38","modified_gmt":"2021-02-10T14:13:38","slug":"concurso-fotografico-pandemia-covid19","status":"publish","type":"post","link":"http:\/\/hoycordobaweb.com\/index.php\/2021\/02\/10\/concurso-fotografico-pandemia-covid19\/","title":{"rendered":"Concurso fotogr\u00e1fico: Pandemia COVID19"},"content":{"rendered":"<p><img loading=\"lazy\" class=\" wp-image-5471 alignright\" src=\"https:\/\/fono.fcm.unc.edu.ar\/wp-content\/uploads\/sites\/14\/2021\/02\/WhatsApp-Image-2021-02-10-at-10.35.55-300x300.jpeg\" alt width=\"315\" height=\"315\" srcset=\"https:\/\/fono.fcm.unc.edu.ar\/wp-content\/uploads\/sites\/14\/2021\/02\/WhatsApp-Image-2021-02-10-at-10.35.55-66x66.jpeg 66w, https:\/\/fono.fcm.unc.edu.ar\/wp-content\/uploads\/sites\/14\/2021\/02\/WhatsApp-Image-2021-02-10-at-10.35.55-150x150.jpeg 150w, https:\/\/fono.fcm.unc.edu.ar\/wp-content\/uploads\/sites\/14\/2021\/02\/WhatsApp-Image-2021-02-10-at-10.35.55-200x200.jpeg 200w, https:\/\/fono.fcm.unc.edu.ar\/wp-content\/uploads\/sites\/14\/2021\/02\/WhatsApp-Image-2021-02-10-at-10.35.55-300x300.jpeg 300w, https:\/\/fono.fcm.unc.edu.ar\/wp-content\/uploads\/sites\/14\/2021\/02\/WhatsApp-Image-2021-02-10-at-10.35.55-400x400.jpeg 400w, https:\/\/fono.fcm.unc.edu.ar\/wp-content\/uploads\/sites\/14\/2021\/02\/WhatsApp-Image-2021-02-10-at-10.35.55-600x600.jpeg 600w, https:\/\/fono.fcm.unc.edu.ar\/wp-content\/uploads\/sites\/14\/2021\/02\/WhatsApp-Image-2021-02-10-at-10.35.55-768x768.jpeg 768w, https:\/\/fono.fcm.unc.edu.ar\/wp-content\/uploads\/sites\/14\/2021\/02\/WhatsApp-Image-2021-02-10-at-10.35.55-800x800.jpeg 800w, https:\/\/fono.fcm.unc.edu.ar\/wp-content\/uploads\/sites\/14\/2021\/02\/WhatsApp-Image-2021-02-10-at-10.35.55-1024x1024.jpeg 1024w, https:\/\/fono.fcm.unc.edu.ar\/wp-content\/uploads\/sites\/14\/2021\/02\/WhatsApp-Image-2021-02-10-at-10.35.55-1200x1200.jpeg 1200w, https:\/\/fono.fcm.unc.edu.ar\/wp-content\/uploads\/sites\/14\/2021\/02\/WhatsApp-Image-2021-02-10-at-10.35.55.jpeg 1280w\" sizes=\"(max-width: 315px) 100vw, 315px\">La Secretar\u00eda de Extensi\u00f3n de la Facultad de Ciencias M\u00e9dicas-UNC invita a participar del Concurso fotogr\u00e1fico: Pandemia COVID19<br \/>Bases para la participaci\u00f3n<br \/>La tem\u00e1tica para participar del concurso es la pandemia. Palabras claves inspiradoras: Covid, voluntarios, colegas, contenci\u00f3n social, solidaridad, cuidados, buenas pr\u00e1cticas, higiene, salud, protocolo.<\/p>\n<p><strong>Destinatarios<\/strong>: estudiantes, egresados (residentes y concurrentes), no docentes y docentes de la FCM-UNC<\/p>\n<p><strong>Fecha l\u00edmite de entrega<\/strong>:20 de marzo del 2021<\/p>\n<p>Las fotos deber\u00e1n ser enviadas por mail a <a href=\"mailto:msequeira@fcm.unc.edu.ar\">msequeira@fcm.unc.edu.ar<\/a>, en el asunto deber\u00e1 decir <strong>Concurso Fotogr\u00e1fico: Pandemia COVID19<\/strong>, en el cuerpo del mail, debe ir el nombre completo del participante, el N\u00b0 de DNI y qu\u00e9 actividad realiza en nuestra Facultad.<\/p>\n<p>Debe ser enviada en formato JPG (m\u00e1ximo 2 fotos por participante), las fotos deber\u00e1n haber sido tomadas por el participante entre marzo 2020 y abril 2021, en blanco y negro o color, queda a elecci\u00f3n. La foto deber\u00e1 tener un nombre a modo de t\u00edtulo de la misma.<\/p>\n<p>La simple participaci\u00f3n con el envi\u00f3 de im\u00e1genes fotogr\u00e1ficas, se considera autorizaci\u00f3n del autor para la publicaci\u00f3n del material en redes sociales o gigantograf\u00edas.<\/p>\n<p>Las mismas ser\u00e1n evaluadas por un jurado o comisi\u00f3n evaluadora, integrada por destacados docentes de nuestra unidad acad\u00e9mica, y ser\u00e1n expuestas en la p\u00e1gina web de nuestra Secretar\u00eda como de la Facultad Ciencias M\u00e9dicas. Las tres mejores seleccionadas, recibir\u00e1n una distinci\u00f3n de la Secretar\u00eda (a determinar), con las mejores im\u00e1genes se realizar impresi\u00f3n y exposici\u00f3n de las mismas en los diferentes \u00e1mbitos de la Facultad de Ciencias M\u00e9dicas.<\/p>\n","protected":false},"excerpt":{"rendered":"<p>La Secretar\u00eda de Extensi\u00f3n de la Facultad de Ciencias M\u00e9dicas-UNC invita a participar del Concurso fotogr\u00e1fico: Pandemia COVID19Bases para la participaci\u00f3nLa tem\u00e1tica para participar del concurso es la pandemia. Palabras claves inspiradoras: Covid, voluntarios, colegas, contenci\u00f3n social, solidaridad, cuidados, buenas pr\u00e1cticas, higiene, salud, protocolo. Destinatarios: estudiantes, egresados (residentes y concurrentes), no docentes y docentes de [&hellip;]<\/p>\n","protected":false},"author":1,"featured_media":0,"comment_status":"closed","ping_status":"closed","sticky":false,"template":"","format":"standard","meta":[],"categories":[1],"tags":[],"_links":{"self":[{"href":"http:\/\/hoycordobaweb.com\/index.php\/wp-json\/wp\/v2\/posts\/12463"}],"collection":[{"href":"http:\/\/hoycordobaweb.com\/index.php\/wp-json\/wp\/v2\/posts"}],"about":[{"href":"http:\/\/hoycordobaweb.com\/index.php\/wp-json\/wp\/v2\/types\/post"}],"author":[{"embeddable":true,"href":"http:\/\/hoycordobaweb.com\/index.php\/wp-json\/wp\/v2\/users\/1"}],"replies":[{"embeddable":true,"href":"http:\/\/hoycordobaweb.com\/index.php\/wp-json\/wp\/v2\/comments?post=12463"}],"version-history":[{"count":0,"href":"http:\/\/hoycordobaweb.com\/index.php\/wp-json\/wp\/v2\/posts\/12463\/revisions"}],"wp:attachment":[{"href":"http:\/\/hoycordobaweb.com\/index.php\/wp-json\/wp\/v2\/media?parent=12463"}],"wp:term":[{"taxonomy":"category","embeddable":true,"href":"http:\/\/hoycordobaweb.com\/index.php\/wp-json\/wp\/v2\/categories?post=12463"},{"taxonomy":"post_tag","embeddable":true,"href":"http:\/\/hoycordobaweb.com\/index.php\/wp-json\/wp\/v2\/tags?post=12463"}],"curies":[{"name":"wp","href":"https:\/\/api.w.org\/{rel}","templated":true}]}}