{"id":1246,"date":"2020-09-07T20:38:00","date_gmt":"2020-09-07T20:38:00","guid":{"rendered":"http:\/\/hoycordobaweb.com\/index.php\/2020\/09\/07\/bolsonaro-encabezo-una-celebracion-de-la-independencia-reducida-por-la-pandemia\/"},"modified":"2020-09-07T20:38:00","modified_gmt":"2020-09-07T20:38:00","slug":"bolsonaro-encabezo-una-celebracion-de-la-independencia-reducida-por-la-pandemia","status":"publish","type":"post","link":"http:\/\/hoycordobaweb.com\/index.php\/2020\/09\/07\/bolsonaro-encabezo-una-celebracion-de-la-independencia-reducida-por-la-pandemia\/","title":{"rendered":"Bolsonaro encabez\u00f3 una celebraci\u00f3n de la Independencia reducida por la pandemia"},"content":{"rendered":"<p><img src=\"http:\/\/hoycordobaweb.com\/wp-content\/uploads\/2020\/09\/bolsonaro-encabezo-una-celebracion-de-la-independencia-reducida-por-la-pandemia.jpg\"><strong readability=\"1\"> <\/p>\n<div class=\"image\" id=\"image\" readability=\"7\"> <img src=\"http:\/\/hoycordobaweb.com\/wp-content\/uploads\/2020\/09\/bolsonaro-encabezo-una-celebracion-de-la-independencia-reducida-por-la-pandemia-2.jpg\" alt=\"Bolsonaro encabez\u00f3 una celebraci\u00f3n de la Independencia reducida por la pandemia\" title=\"Bolsonaro encabez\u00f3 una celebraci\u00f3n de la Independencia reducida por la pandemia\"><\/p>\n<p>Bolsonaro encabez\u00f3 una celebraci\u00f3n de la Independencia reducida por la pandemia<\/p>\n<\/div>\n<p>El presidente de Brasil, Jair Bolsonaro, encabez\u00f3 este lunes un sencillo acto por el D\u00eda de la Independencia, que fue menos rimbombante que otros a\u00f1os debido a la pandemia de coronavirus que ya caus\u00f3 cerca de 127.000 muertes en el pa\u00eds.<\/strong><\/p>\n<p>La ceremonia, de aproximadamente media hora, reuni\u00f3 a todos los ministros del Gobierno, altos jefes militares y cerca de 500 personas frente al Palacio de la Alvorada, residencia oficial de la Presidencia, donde fue izada la bandera nacional y hubo una breve presentaci\u00f3n de una escuadrilla de aviones acrob\u00e1ticos.<\/p>\n<p>Bolsonaro lleg\u00f3 al lugar en un Rolls Royce \u00abSilver Wraith\u00bb sin capota, que fue donado a Brasil por la reina Isabel II de Inglaterra en 1953, acompa\u00f1ado por su hija Laura, de 9 a\u00f1os, y otros ni\u00f1os, inform\u00f3 la agencia de noticias EFE.<\/p>\n<p><strong>El l\u00edder de la ultraderecha brasile\u00f1a se acerc\u00f3 a los asistentes, como acostumbra, una vez que concluy\u00f3 la ceremonia, salud\u00f3 a muchos, pos\u00f3 para fotograf\u00edas e ignor\u00f3 las medidas de prevenci\u00f3n que impone el coronavirus.<\/strong><\/p>\n<p>Bolsonaro contrajo el virus en julio pasado y ya est\u00e1 recuperado.<\/p>\n<p>Casi al mismo tiempo, el secretario de Estado de Estados Unidos, Mike Pompeo, envi\u00f3 un saludo a uno de sus principales aliados en la regi\u00f3n.<\/p>\n<p><strong>\u00abLos lazos entre Estados Unidos y Brasil nunca han estado m\u00e1s fuertes. Como las dos democracias y econom\u00edas m\u00e1s grandes de las Am\u00e9ricas, nuestra creciente amistad se construye sobre una base de valores democr\u00e1ticos compartidos\u00bb, sostuvo<\/strong>, seg\u00fan el texto difundido por el Departamento de Estado y citado por la agencia de noticias Sputnik.<\/p>\n<p>Brasil se independiz\u00f3 de Portugal el 7 de setiembre de 1822 y la fecha, declarada feriado nacional en 1949, es celebrada con desfiles militares que, hasta ahora, no hab\u00edan sido cancelados desde 1889.<\/p>\n<p>Este a\u00f1o, sin embargo, el Gobierno anunci\u00f3 en agosto pasado la suspensi\u00f3n de todas las celebraciones multitudinarias por la fecha, que en Brasilia inclu\u00edan un pomposo desfile militar al que sol\u00edan acudir unas 50.000 personas.<\/p>\n<p>Bolsonaro, uno de los mandatarios m\u00e1s negacionistas de la gravedad del coronavirus, al punto de que a tildarlo de \u00abgripecita\u00bb, se limit\u00f3 a presenciar el espect\u00e1culo de aviones acrob\u00e1ticos de la Fuerza A\u00e9rea y, tras saludar a las personas que se acercaron al Palacio de la Alvorada, se retir\u00f3 sin conversar con los periodistas.<\/p>\n<p>Adem\u00e1s del desfile militar del 7 de septiembre, en Brasil ya se cancelaron otros multitudinarios eventos programados para los pr\u00f3ximos meses, como las fiestas de fin de a\u00f1o en las playas de Copacabana, de R\u00edo de Janeiro, y en la avenida Paulista, coraz\u00f3n financiero del estado de Sao Paulo.<\/p>\n<p>De acuerdo con los \u00faltimos datos oficiales, la pandemia de COVID-19 ya deja 126.650 muertes y 4,1 millones de casos en Brasil, uno de los tres pa\u00edses m\u00e1s afectados por la crisis sanitaria en el mundo, junto con Estados Unidos y la India.<\/p>\n","protected":false},"excerpt":{"rendered":"<p>Bolsonaro encabez\u00f3 una celebraci\u00f3n de la Independencia reducida por la pandemia El presidente de Brasil, Jair Bolsonaro, encabez\u00f3 este lunes un sencillo acto por el D\u00eda de la Independencia, que fue menos rimbombante que otros a\u00f1os debido a la pandemia de coronavirus que ya caus\u00f3 cerca de 127.000 muertes en el pa\u00eds. La ceremonia, de [&hellip;]<\/p>\n","protected":false},"author":1,"featured_media":1247,"comment_status":"open","ping_status":"closed","sticky":false,"template":"","format":"standard","meta":[],"categories":[19],"tags":[],"_links":{"self":[{"href":"http:\/\/hoycordobaweb.com\/index.php\/wp-json\/wp\/v2\/posts\/1246"}],"collection":[{"href":"http:\/\/hoycordobaweb.com\/index.php\/wp-json\/wp\/v2\/posts"}],"about":[{"href":"http:\/\/hoycordobaweb.com\/index.php\/wp-json\/wp\/v2\/types\/post"}],"author":[{"embeddable":true,"href":"http:\/\/hoycordobaweb.com\/index.php\/wp-json\/wp\/v2\/users\/1"}],"replies":[{"embeddable":true,"href":"http:\/\/hoycordobaweb.com\/index.php\/wp-json\/wp\/v2\/comments?post=1246"}],"version-history":[{"count":0,"href":"http:\/\/hoycordobaweb.com\/index.php\/wp-json\/wp\/v2\/posts\/1246\/revisions"}],"wp:featuredmedia":[{"embeddable":true,"href":"http:\/\/hoycordobaweb.com\/index.php\/wp-json\/wp\/v2\/media\/1247"}],"wp:attachment":[{"href":"http:\/\/hoycordobaweb.com\/index.php\/wp-json\/wp\/v2\/media?parent=1246"}],"wp:term":[{"taxonomy":"category","embeddable":true,"href":"http:\/\/hoycordobaweb.com\/index.php\/wp-json\/wp\/v2\/categories?post=1246"},{"taxonomy":"post_tag","embeddable":true,"href":"http:\/\/hoycordobaweb.com\/index.php\/wp-json\/wp\/v2\/tags?post=1246"}],"curies":[{"name":"wp","href":"https:\/\/api.w.org\/{rel}","templated":true}]}}