{"id":124591,"date":"2025-12-07T12:52:38","date_gmt":"2025-12-07T12:52:38","guid":{"rendered":"https:\/\/www.mujerhoy.com\/moda\/no-te-pierdas\/pantalones-verdes-basico-invierno-20251207104049-nt.html"},"modified":"2025-12-07T12:52:38","modified_gmt":"2025-12-07T12:52:38","slug":"ni-negros-ni-marrones-los-pantalones-verdes-son-el-basico-atemporal-que-llevaremos-este-invierno","status":"publish","type":"post","link":"http:\/\/hoycordobaweb.com\/index.php\/2025\/12\/07\/ni-negros-ni-marrones-los-pantalones-verdes-son-el-basico-atemporal-que-llevaremos-este-invierno\/","title":{"rendered":"Ni negros ni marrones, los pantalones verdes son el b\u00e1sico atemporal que llevaremos este invierno"},"content":{"rendered":"<p><!-- AUTHOR --><\/p>\n<div class=\"voc-author-timesocial \">\n<!-- AUTHOR --><\/p>\n<div class=\"voc-author-timesocial__signature \">\n<!-- IMAGE AUTHOR -->\n<picture class=\"voc-image-signature\">\n<img class=\"voc-image-signature__img\" src=\"http:\/\/hoycordobaweb.com\/wp-content\/uploads\/2025\/12\/ni-negros-ni-marrones-los-pantalones-verdes-son-el-basico-atemporal-que-llevaremos-este-invierno.jpg\" alt=\"Sonia G\u00f3mez\">\n<\/picture>\n<!-- INFO AUTHOR --> <\/div><\/div>\n<p><!-- COMPONENTS --><\/p>\n<p class=\"voc-paragraph\">Este art\u00edculo es una oda a esas prendas que tenemos olvidadas en el armario. Como tantas otras, los <strong>pantalones verdes<\/strong> son de esos b\u00e1sicos atemporales que, aunque puedan cansarnos visualmente por lo llamativo de su color y en el d\u00eda a d\u00eda vayamos a lo seguro, lo cierto es que nunca pasan de moda.<\/p>\n<p class=\"voc-paragraph\">Puedes tenerlos a\u00f1os en el armario sin usarlos, pero cuando los rescates, nadie te mirar\u00e1 extra\u00f1o. Porque al igual que un pantal\u00f3n negro, marr\u00f3n o un <a href=\"https:\/\/www.mujerhoy.com\/moda\/tendencias\/vaqueros-camel-jeans-otono-20250901110346-nt.html\" data-voc-vtm-id=\"in-text-traffic\" title=\"vaquero camel\" data-mrf-link=\"www.mujerhoy.com\">vaquero camel<\/a>, la gama crom\u00e1tica del verde sigue siempre presente en cada temporada y en cada <strong>nueva colecci\u00f3n<\/strong>, y las firmas lo saben; son muy f\u00e1ciles de combinar y elevan el look a otro nivel.<\/p>\n<div class=\"v-c-cmp v-c-cmp--t1 \">\n<div class=\"v-cmp-rld v-cmp-rld--2 \">\n<div class=\"v-cnt-m v-cnt-m--m\">\n<div class=\"v-cnt-m__c\">\n<div class=\"v-cnt-m__w v-cnt-m__w--1\">\n<p class=\"v-cnt-m__t\">\nTAMBI\u00c9N TE INTERESA\n<\/p>\n<\/div>\n<\/div>\n<\/div>\n<div class=\"v-g v-g--2-c v-g--bdr-min-xs\">\n<div class=\"v-g__c \">\n<article class=\"v-a v-a--cmp-rld v-a--cmp-rld-2 v-a--p-l\">\n<div class=\"v-a-img-c\">\n<figure class=\"v-a-fig\">\n<a href=\"https:\/\/www.mujerhoy.com\/moda\/no-te-pierdas\/pantalones-wide-leg-basico-comodo-juvenil-acertar-siempre-20251206111405-nt.html#vtm_modulosEngag=mod-rel:moda:noticia:1:cmp:2-not\" class=\"v-a-link\" title=\"Pantalones wide leg, el b\u00e1sico c\u00f3modo y juvenil con el que acertar en cualquier ocasi\u00f3n\"><br \/>\n<img loading=\"lazy\" class=\"v-a-img\" src=\"http:\/\/hoycordobaweb.com\/wp-content\/uploads\/2025\/12\/ni-negros-ni-marrones-los-pantalones-verdes-son-el-basico-atemporal-que-llevaremos-este-invierno-1.jpg\" alt=\"Pantalones wide leg, el b\u00e1sico c\u00f3modo y juvenil con el que acertar en cualquier ocasi\u00f3n\"><br \/>\n<\/a><br \/>\n<\/figure>\n<\/div>\n<\/article>\n<\/div>\n<div class=\"v-g__c \">\n<article class=\"v-a v-a--cmp-rld v-a--cmp-rld-2 v-a--p-l\">\n<div class=\"v-a-img-c\">\n<figure class=\"v-a-fig\">\n<a href=\"https:\/\/www.mujerhoy.com\/moda\/no-te-pierdas\/compras-semana-primark-pantalones-botines-bolsos-20251206073507-nt.html#vtm_modulosEngag=mod-rel:moda:noticia:2:cmp:2-not\" class=\"v-a-link\" title=\"Las compras de Primark: del pantal\u00f3n negro m\u00e1s bonito a los botines c\u00f3modos que pegan con todo\"><br \/>\n<img loading=\"lazy\" class=\"v-a-img\" src=\"http:\/\/hoycordobaweb.com\/wp-content\/uploads\/2025\/12\/ni-negros-ni-marrones-los-pantalones-verdes-son-el-basico-atemporal-que-llevaremos-este-invierno-2.jpg\" alt=\"Las compras de Primark: del pantal\u00f3n negro m\u00e1s bonito a los botines c\u00f3modos que pegan con todo\"><br \/>\n<\/a><br \/>\n<\/figure>\n<\/div>\n<\/article>\n<\/div>\n<\/div>\n<\/div>\n<\/div>\n<p class=\"voc-paragraph\">Sea cu\u00e1l sea el que ya tengas en tu armario, todo vale. Sobre la pasarela los hemos visto en firmas como <strong>Balmain, Lacoste, Zimmerman o Issey Miyake<\/strong> en <strong>diferentes tonalidades<\/strong> como el verde c\u00e9sped vivo, el verde pino m\u00e1s oscuro y otros verdes m\u00e1s apagados y sutiles como el caqui. <\/p>\n<p class=\"voc-paragraph\">Da igual que sean bombachos fluidos, de traje, en tejido denim, de pana, de terciopelo o con acabado metalizado. Los pantalones verdes se van a llevar este invierno y estas son las mejores <strong>ideas de looks<\/strong> para combinarlos vistas en el street style.<\/p>\n<p><h3 class=\"v-cmp-suh\">\nC\u00f3mo llevar los pantalones verdes en invierno<br \/>\n<\/h3>\n<\/p>\n<div class=\"v-c-cmp \">\n<div class=\"v-cmp-m v-cmp-m--t1\">\n<article class=\"v-a v-a--cmp-m v-c-cmp--m-p\">\n<div class=\"v-a-img-c v-a-img-c--fw-xs\">\n<div class=\"v-a-fig\">\n<div class=\"v-a-link\">\n<img loading=\"lazy\" src=\"http:\/\/hoycordobaweb.com\/wp-content\/uploads\/2025\/12\/ni-negros-ni-marrones-los-pantalones-verdes-son-el-basico-atemporal-que-llevaremos-este-invierno-3.jpg\" class=\"v-a-img\" width=\"650\" height=\"975\" alt=\"Abrigo de pa\u00f1o con pantalones verdes de traje.\" data-voc-vtm-id=\"in-text-traffic\">\n<\/div><figcaption class=\"v-fc\">\n<span class=\"v-fc__t\"><br \/>\nAbrigo de pa\u00f1o con pantalones verdes de traje.<br \/>\n<\/span><br \/>\n<span class=\"v-fc__p\"><br \/>\nLAUNCHMETRICS SPOTLIGHT<br \/>\n<\/span><br \/>\n<\/figcaption><\/div>\n<\/div>\n<\/article>\n<\/div>\n<\/div>\n<p class=\"voc-paragraph\">En clave elegante para tu pr\u00f3xima cena de empresa, el pantal\u00f3n verde de traje es una opci\u00f3n perfecta. Comb\u00ednalo <strong>con un abrigo negro de pa\u00f1o<\/strong>, camisa o jersey en el mismo tono, bolso joya y zapatos de tac\u00f3n fino. \u00bfEl toque final? Unos <strong>pendientes elegantes de color verde<\/strong> a juego con la estrella del look.<\/p>\n<div class=\"v-c-cmp \">\n<div class=\"v-cmp-m v-cmp-m--t1\">\n<article class=\"v-a v-a--cmp-m v-c-cmp--m-p\">\n<div class=\"v-a-img-c v-a-img-c--fw-xs\">\n<div class=\"v-a-fig\">\n<div class=\"v-a-link\">\n<img loading=\"lazy\" src=\"http:\/\/hoycordobaweb.com\/wp-content\/uploads\/2025\/12\/ni-negros-ni-marrones-los-pantalones-verdes-son-el-basico-atemporal-que-llevaremos-este-invierno-4.jpg\" class=\"v-a-img\" width=\"650\" height=\"975\" alt=\"Vaqueros verdes con cazadora negra de cuero.\" data-voc-vtm-id=\"in-text-traffic\">\n<\/div><figcaption class=\"v-fc\">\n<span class=\"v-fc__t\"><br \/>\nVaqueros verdes con cazadora negra de cuero.<br \/>\n<\/span><br \/>\n<span class=\"v-fc__p\"><br \/>\nLAUNCHMETRICS SPOTLIGHT<br \/>\n<\/span><br \/>\n<\/figcaption><\/div>\n<\/div>\n<\/article>\n<\/div>\n<\/div>\n<p class=\"voc-paragraph\">Para sacar toda la personalidad que llevas dentro, arriesga con tus vaqueros verdes que ten\u00edas olvidados en el armario y dales este <strong>toque cowboy<\/strong> que tanto se lleva esta temporada. Apunta: camiseta b\u00e1sica blanca, <strong>cazadora de cuero negra<\/strong>, sombrero y zapatos de tac\u00f3n con estampado de cebra. Pero que no cunda el p\u00e1nico, unos botines negros tambi\u00e9n son aptos para este look.<\/p>\n<div class=\"v-c-cmp \">\n<div class=\"v-cmp-m v-cmp-m--t1\">\n<article class=\"v-a v-a--cmp-m v-c-cmp--m-p\">\n<div class=\"v-a-img-c v-a-img-c--fw-xs\">\n<div class=\"v-a-fig\">\n<div class=\"v-a-link\">\n<img loading=\"lazy\" src=\"http:\/\/hoycordobaweb.com\/wp-content\/uploads\/2025\/12\/ni-negros-ni-marrones-los-pantalones-verdes-son-el-basico-atemporal-que-llevaremos-este-invierno-5.jpg\" class=\"v-a-img\" width=\"650\" height=\"975\" alt=\"Look de gabardina beige con pantalones verdes.\" data-voc-vtm-id=\"in-text-traffic\">\n<\/div><figcaption class=\"v-fc\">\n<span class=\"v-fc__t\"><br \/>\nLook de gabardina beige con pantalones verdes.<br \/>\n<\/span><br \/>\n<span class=\"v-fc__p\"><br \/>\nLAUNCHMETRICS SPOTLIGHT<br \/>\n<\/span><br \/>\n<\/figcaption><\/div>\n<\/div>\n<\/article>\n<\/div>\n<\/div>\n<p class=\"voc-paragraph\">Para las cl\u00e1sicas que tienen tanto unos pantalones verdes de traje abandonados como su <strong>gabardina beige<\/strong> favorita, esta combinaci\u00f3n es una de las m\u00e1s elegantes y sofisticadas, perfecta para ir a la oficina a diario sin caer en los mismo de siempre. \u00a1Un 10!<\/p>\n<div class=\"v-c-cmp\">\n<div class=\"v-cmp-cmb\">\n<figure class=\"v-cmp-cmb__fig\"><figcaption class=\"v-fc\">\n<span class=\"v-fc__t\"><br \/>\nPantal\u00f3n verde con blazer.<br \/>\n<\/span><br \/>\n<span class=\"v-fc__p\"><br \/>\nLAUNCHMETRICS SPOTLIGHT<br \/>\n<\/span><br \/>\n<\/figcaption><\/figure>\n<\/div>\n<\/div>\n<div id=\"100\" popover class=\"v-mdl v-mdl--fw\">\n<button class=\"v-x\" popovertarget=\"100\" popovertargetaction=\"hide\"><br \/>\n<span class=\"v-i\"><br \/>\n<svg width=\"24\" height=\"23.996\" viewBox=\"0 0 24 23.996\">\n<path data-name=\"Uni\u00f3n 29\" d=\"M12,14.03,2.031,24,0,21.963,9.968,12,0,2.033,2.031,0,12,9.966,21.969,0,24,2.033,14.032,12,24,21.963,21.969,24Z\" \/>\n<\/svg><br \/>\n<\/span><br \/>\n<\/button><\/p>\n<div class=\"v-mdl__c\">\n<div class=\"v-mdl__w\">\n<img loading=\"lazy\" src=\"http:\/\/hoycordobaweb.com\/wp-content\/uploads\/2025\/12\/ni-negros-ni-marrones-los-pantalones-verdes-son-el-basico-atemporal-que-llevaremos-este-invierno-6.jpg\" class=\"v-mdl__img-z\" width=\"1200\" height=\"841\" alt=\"Imagen principal - Pantal\u00f3n verde con blazer.\">\n<\/div>\n<\/div>\n<\/div>\n<p><span class=\"v-bdp\"><\/span><\/p>\n<div id=\"101\" popover class=\"v-mdl v-mdl--fw\">\n<button class=\"v-x\" popovertarget=\"101\" popovertargetaction=\"hide\"><br \/>\n<span class=\"v-i\"><br \/>\n<svg width=\"24\" height=\"23.996\" viewBox=\"0 0 24 23.996\">\n<path data-name=\"Uni\u00f3n 29\" d=\"M12,14.03,2.031,24,0,21.963,9.968,12,0,2.033,2.031,0,12,9.966,21.969,0,24,2.033,14.032,12,24,21.963,21.969,24Z\" \/>\n<\/svg><br \/>\n<\/span><br \/>\n<\/button><\/p>\n<div class=\"v-mdl__c\">\n<div class=\"v-mdl__w\">\n<img loading=\"lazy\" src=\"http:\/\/hoycordobaweb.com\/wp-content\/uploads\/2025\/12\/ni-negros-ni-marrones-los-pantalones-verdes-son-el-basico-atemporal-que-llevaremos-este-invierno-7.jpg\" class=\"v-mdl__img-z\" width=\"1200\" height=\"851\" alt=\"Imagen secundaria 1 - Pantal\u00f3n verde con blazer.\">\n<\/div>\n<\/div>\n<\/div>\n<p><span class=\"v-bdp\"><\/span><\/p>\n<div id=\"102\" popover class=\"v-mdl v-mdl--fw\">\n<button class=\"v-x\" popovertarget=\"102\" popovertargetaction=\"hide\"><br \/>\n<span class=\"v-i\"><br \/>\n<svg width=\"24\" height=\"23.996\" viewBox=\"0 0 24 23.996\">\n<path data-name=\"Uni\u00f3n 29\" d=\"M12,14.03,2.031,24,0,21.963,9.968,12,0,2.033,2.031,0,12,9.966,21.969,0,24,2.033,14.032,12,24,21.963,21.969,24Z\" \/>\n<\/svg><br \/>\n<\/span><br \/>\n<\/button><\/p>\n<div class=\"v-mdl__c\">\n<div class=\"v-mdl__w\">\n<img loading=\"lazy\" src=\"http:\/\/hoycordobaweb.com\/wp-content\/uploads\/2025\/12\/ni-negros-ni-marrones-los-pantalones-verdes-son-el-basico-atemporal-que-llevaremos-este-invierno-8.jpg\" class=\"v-mdl__img-z\" width=\"711\" height=\"841\" alt=\"Imagen secundaria 2 - Pantal\u00f3n verde con blazer.\">\n<\/div>\n<\/div>\n<\/div>\n<p><span class=\"v-bdp\"><\/span><\/p>\n<p class=\"voc-paragraph\">La combinaci\u00f3n favorita del street style, la m\u00e1s vista y la m\u00e1s estilosa de todas. Combina tu pantal\u00f3n verde, sea cu\u00e1l sea su dise\u00f1o, <strong>con una blazer estructurada<\/strong> XXL. \u00bfLa m\u00e1s repetida? La de tonos grises, beige, blancos o negros con estampados de cuadros sutiles y sofisticados. <strong>A\u00f1ade un jersey de cuello vuelto<\/strong> para no pasar fr\u00edo, y en los pies, lo que m\u00e1s te guste: sneakers, mocasines, botines o bailarinas. \u00a1Lista para conquistar las calles!<\/p>\n<div class=\"v-c-cmp \">\n<div class=\"v-cmp-m v-cmp-m--t1\">\n<article class=\"v-a v-a--cmp-m v-c-cmp--m-p\">\n<div class=\"v-a-img-c v-a-img-c--fw-xs\">\n<div class=\"v-a-fig\">\n<div class=\"v-a-link\">\n<img loading=\"lazy\" src=\"http:\/\/hoycordobaweb.com\/wp-content\/uploads\/2025\/12\/ni-negros-ni-marrones-los-pantalones-verdes-son-el-basico-atemporal-que-llevaremos-este-invierno-9.jpg\" class=\"v-a-img\" width=\"650\" height=\"975\" alt=\"Abrigo de animal print con pantalones verdes.\" data-voc-vtm-id=\"in-text-traffic\">\n<\/div><figcaption class=\"v-fc\">\n<span class=\"v-fc__t\"><br \/>\nAbrigo de animal print con pantalones verdes.<br \/>\n<\/span><br \/>\n<span class=\"v-fc__p\"><br \/>\nLAUNCHMETRICS SPOTLIGHT<br \/>\n<\/span><br \/>\n<\/figcaption><\/div>\n<\/div>\n<\/article>\n<\/div>\n<\/div>\n<p class=\"voc-paragraph\">Otra combinaci\u00f3n para el pantal\u00f3n verde que sienta de maravilla es la de combinarlo con el animal print. Este look en concreto, tiene un <strong>abrigo de leopardo<\/strong> que encaja a la perfecci\u00f3n con el color caqui de los pantalones. Incluso a\u00fan permite introducir otros colores como un <strong>pa\u00f1uelo rojo<\/strong>. Nivel experta.<\/p>\n<div class=\"v-c-cmp \">\n<div class=\"v-cmp-m v-cmp-m--t1\">\n<article class=\"v-a v-a--cmp-m v-c-cmp--m-p\">\n<div class=\"v-a-img-c v-a-img-c--fw-xs\">\n<div class=\"v-a-fig\">\n<div class=\"v-a-link\">\n<img loading=\"lazy\" src=\"http:\/\/hoycordobaweb.com\/wp-content\/uploads\/2025\/12\/ni-negros-ni-marrones-los-pantalones-verdes-son-el-basico-atemporal-que-llevaremos-este-invierno-10.jpg\" class=\"v-a-img\" width=\"650\" height=\"975\" alt=\"Pantalones verdes con denim.\" data-voc-vtm-id=\"in-text-traffic\">\n<\/div><figcaption class=\"v-fc\">\n<span class=\"v-fc__t\"><br \/>\nPantalones verdes con denim.<br \/>\n<\/span><br \/>\n<span class=\"v-fc__p\"><br \/>\nLAUNCHMETRICS SPOTLIGHT<br \/>\n<\/span><br \/>\n<\/figcaption><\/div>\n<\/div>\n<\/article>\n<\/div>\n<\/div>\n<p class=\"voc-paragraph\">\u00bfQui\u00e9n dijo que el verde y el azul del denim no combinaban bien? Este look de pantal\u00f3n verde caqui con chaqueta vaquera lavada, cintura peplum y cierre de cremallera es la elecci\u00f3n perfecta. \u00bfEl mensaje? Mezclalos tejidos vaqueros con tus pantalones verdes s\u00ed o s\u00ed.<\/p>\n<div class=\"v-c-cmp \">\n<div class=\"v-cmp-m v-cmp-m--t1\">\n<article class=\"v-a v-a--cmp-m v-c-cmp--m-p\">\n<div class=\"v-a-img-c v-a-img-c--fw-xs\">\n<div class=\"v-a-fig\">\n<div class=\"v-a-link\">\n<img loading=\"lazy\" src=\"http:\/\/hoycordobaweb.com\/wp-content\/uploads\/2025\/12\/ni-negros-ni-marrones-los-pantalones-verdes-son-el-basico-atemporal-que-llevaremos-este-invierno-11.jpg\" class=\"v-a-img\" width=\"650\" height=\"975\" alt=\"Total look verde.\" data-voc-vtm-id=\"in-text-traffic\">\n<\/div><figcaption class=\"v-fc\">\n<span class=\"v-fc__t\"><br \/>\nTotal look verde.<br \/>\n<\/span><br \/>\n<span class=\"v-fc__p\"><br \/>\nLAUNCHMETRICS SPOTLIGHT<br \/>\n<\/span><br \/>\n<\/figcaption><\/div>\n<\/div>\n<\/article>\n<\/div>\n<\/div>\n<p class=\"voc-paragraph\">\u00bfUn look que no falla? El <strong>total look verde<\/strong>. Si en su d\u00eda te compraste todo el conjunto y llevas tiempo sin pon\u00e9rtelo, hazlo ya mismo porque s\u00f3lo vas a recibir piropos. El verde es un color llamativo pero elegante, por lo que podr\u00e1s llevarlo en todo tipo de ocasiones. \u00a1No te cortes!<\/p>\n<div class=\"v-c-cmp \">\n<div class=\"v-cmp-m v-cmp-m--t1\">\n<article class=\"v-a v-a--cmp-m v-c-cmp--m-p\">\n<div class=\"v-a-img-c v-a-img-c--fw-xs\">\n<div class=\"v-a-fig\">\n<div class=\"v-a-link\">\n<img loading=\"lazy\" src=\"http:\/\/hoycordobaweb.com\/wp-content\/uploads\/2025\/12\/ni-negros-ni-marrones-los-pantalones-verdes-son-el-basico-atemporal-que-llevaremos-este-invierno-12.jpg\" class=\"v-a-img\" width=\"650\" height=\"975\" alt=\"Look con pantalones verdes metalizados con lentejuelas.\" data-voc-vtm-id=\"in-text-traffic\">\n<\/div><figcaption class=\"v-fc\">\n<span class=\"v-fc__t\"><br \/>\nLook con pantalones verdes metalizados con lentejuelas.<br \/>\n<\/span><br \/>\n<span class=\"v-fc__p\"><br \/>\nLAUNCHMETRICS SPOTLIGHT<br \/>\n<\/span><br \/>\n<\/figcaption><\/div>\n<\/div>\n<\/article>\n<\/div>\n<\/div>\n<p class=\"voc-paragraph\">Y si quieres salir de fiesta con tus pantalones verdes, aunque no sean metalizados como los de este look, <strong>comb\u00ednalo con lentejuelas<\/strong> plateadas, negras o doradas y con los complementos m\u00e1s especiales de tu armario. Los l\u00edmites los pones t\u00fa.<\/p>\n<div class=\"v-c-cmp v-c-cmp--t1 \">\n<div class=\"v-cmp-rld v-cmp-rld--2 \">\n<div class=\"v-cnt-m v-cnt-m--m\">\n<div class=\"v-cnt-m__c\">\n<div class=\"v-cnt-m__w v-cnt-m__w--1\">\n<p class=\"v-cnt-m__t\">\nTAMBI\u00c9N TE INTERESA\n<\/p>\n<\/div>\n<\/div>\n<\/div>\n<div class=\"v-g v-g--2-c v-g--bdr-min-xs\">\n<div class=\"v-g__c \">\n<article class=\"v-a v-a--cmp-rld v-a--cmp-rld-2 v-a--p-l\">\n<div class=\"v-a-img-c\">\n<figure class=\"v-a-fig\">\n<a href=\"https:\/\/www.mujerhoy.com\/moda\/no-te-pierdas\/mejores-pantalones-pana-mujer-tendencia-20251129150018-nt.html#vtm_modulosEngag=mod-rel:moda:noticia:1:cmp:1-not\" class=\"v-a-link\" title=\"De repente, los pantalones de pana han vuelto: c\u00f3mo llevarlos y mis favoritos\"><br \/>\n<img loading=\"lazy\" class=\"v-a-img\" src=\"http:\/\/hoycordobaweb.com\/wp-content\/uploads\/2025\/12\/ni-negros-ni-marrones-los-pantalones-verdes-son-el-basico-atemporal-que-llevaremos-este-invierno-13.jpg\" alt=\"De repente, los pantalones de pana han vuelto: c\u00f3mo llevarlos y mis favoritos\"><br \/>\n<\/a><br \/>\n<\/figure>\n<\/div>\n<\/article>\n<\/div>\n<\/div>\n<\/div>\n<\/div>\n<div class=\"media_block\"><\/div>\n","protected":false},"excerpt":{"rendered":"<p>Este art\u00edculo es una oda a esas prendas que tenemos olvidadas en el armario. Como tantas otras, los pantalones verdes son de esos b\u00e1sicos atemporales que, aunque puedan cansarnos visualmente por lo llamativo de su color y en el d\u00eda a d\u00eda vayamos a lo seguro, lo cierto es que nunca pasan de moda. Puedes [&hellip;]<\/p>\n","protected":false},"author":1,"featured_media":124592,"comment_status":"closed","ping_status":"closed","sticky":false,"template":"","format":"standard","meta":[],"categories":[],"tags":[],"_links":{"self":[{"href":"http:\/\/hoycordobaweb.com\/index.php\/wp-json\/wp\/v2\/posts\/124591"}],"collection":[{"href":"http:\/\/hoycordobaweb.com\/index.php\/wp-json\/wp\/v2\/posts"}],"about":[{"href":"http:\/\/hoycordobaweb.com\/index.php\/wp-json\/wp\/v2\/types\/post"}],"author":[{"embeddable":true,"href":"http:\/\/hoycordobaweb.com\/index.php\/wp-json\/wp\/v2\/users\/1"}],"replies":[{"embeddable":true,"href":"http:\/\/hoycordobaweb.com\/index.php\/wp-json\/wp\/v2\/comments?post=124591"}],"version-history":[{"count":0,"href":"http:\/\/hoycordobaweb.com\/index.php\/wp-json\/wp\/v2\/posts\/124591\/revisions"}],"wp:featuredmedia":[{"embeddable":true,"href":"http:\/\/hoycordobaweb.com\/index.php\/wp-json\/wp\/v2\/media\/124592"}],"wp:attachment":[{"href":"http:\/\/hoycordobaweb.com\/index.php\/wp-json\/wp\/v2\/media?parent=124591"}],"wp:term":[{"taxonomy":"category","embeddable":true,"href":"http:\/\/hoycordobaweb.com\/index.php\/wp-json\/wp\/v2\/categories?post=124591"},{"taxonomy":"post_tag","embeddable":true,"href":"http:\/\/hoycordobaweb.com\/index.php\/wp-json\/wp\/v2\/tags?post=124591"}],"curies":[{"name":"wp","href":"https:\/\/api.w.org\/{rel}","templated":true}]}}