{"id":124587,"date":"2025-12-07T08:00:00","date_gmt":"2025-12-07T08:00:00","guid":{"rendered":"http:\/\/hoycordobaweb.com\/index.php\/2025\/12\/07\/san-ambrosio-el-obispo-que-enfrento-emperadores-y-dio-forma-a-la-iglesia-medieval\/"},"modified":"2025-12-07T08:00:00","modified_gmt":"2025-12-07T08:00:00","slug":"san-ambrosio-el-obispo-que-enfrento-emperadores-y-dio-forma-a-la-iglesia-medieval","status":"publish","type":"post","link":"http:\/\/hoycordobaweb.com\/index.php\/2025\/12\/07\/san-ambrosio-el-obispo-que-enfrento-emperadores-y-dio-forma-a-la-iglesia-medieval\/","title":{"rendered":"San Ambrosio, el obispo que enfrent\u00f3 emperadores y dio forma a la Iglesia medieval"},"content":{"rendered":"<div class=\"media_block\"><\/div>\n<div><img src=\"http:\/\/hoycordobaweb.com\/wp-content\/uploads\/2025\/12\/san-ambrosio-el-obispo-que-enfrento-emperadores-y-dio-forma-a-la-iglesia-medieval.jpg\" class=\"ff-og-image-inserted\"><\/div>\n<p>El <strong>7 de diciembre<\/strong>, el <strong>santoral cat\u00f3lico<\/strong> celebra a <strong>San Ambrosio de Mil\u00e1n<\/strong>, uno de los cuatro grandes Padres de la Iglesia latina. Su vida, narrada en fuentes inglesas e italianas, lo presenta como un l\u00edder espiritual capaz de enfrentar a emperadores y modelar la doctrina que marcar\u00eda siglos de cristianismo.<\/p>\n<h2><strong>San Ambrosio: el gobernador que termin\u00f3 en un obispado inesperado<\/strong><\/h2>\n<p>Ambrosio naci\u00f3 en el siglo IV en una familia romana de alto rango y se educ\u00f3 en derecho y administraci\u00f3n. Fuentes hist\u00f3ricas inglesas destacan que, siendo gobernador de Mil\u00e1n, fue elegido obispo por aclamaci\u00f3n popular antes incluso de estar bautizado. Acept\u00f3 el cargo y renunci\u00f3 a su vida pol\u00edtica para entregarse plenamente a la Iglesia.<\/p>\n<p class=\"destacadoNota\"><a target=\"_blank\" href=\"https:\/\/www.perfil.com\/noticias\/cultura\/santa-barbara-la-martir-escondida-en-una-torre-que-desafio-al-poder-de-su-tiempo-a35.phtml\" rel=\"noopener noreferrer\">Santa B\u00e1rbara, la m\u00e1rtir escondida en una torre que desafi\u00f3 al poder de su tiempo<\/a><\/p>\n<div class=\"subscription\" readability=\"6.683257918552\">\n<p> Esto no les gusta a los autoritarios <\/p>\n<div class=\"subscription__container\" readability=\"6.1467391304348\">\n<div class=\"subscription__text-wrapper\" readability=\"31.20652173913\">\n<p> El ejercicio del periodismo profesional y cr\u00edtico es un pilar fundamental de la democracia. Por eso molesta a quienes creen ser los due\u00f1os de la verdad. <\/p>\n<\/p><\/div><\/div><\/div>\n<p>Como obispo, se convirti\u00f3 en una figura clave en la lucha contra el arrianismo, doctrina cristol\u00f3gica que divid\u00eda al Imperio<strong>. Las cr\u00f3nicas italianas<\/strong> indican que su firmeza, combinada con un notable talento ret\u00f3rico, consolid\u00f3 la ortodoxia nicena en Occidente. Su autoridad moral trascendi\u00f3 lo eclesi\u00e1stico y alcanz\u00f3 la esfera imperial.<\/p>\n<p>Uno de los episodios m\u00e1s citados en fuentes inglesas es su confrontaci\u00f3n con<strong> el emperador Teodosio,<\/strong> a quien neg\u00f3 la entrada a la catedral tras la masacre de Tesal\u00f3nica. Exigi\u00f3 penitencia p\u00fablica, y el emperador la acept\u00f3. Este hecho marc\u00f3 un precedente hist\u00f3rico sobre el poder moral de la Iglesia frente al Estado.<\/p>\n<p><strong>San Ambrosio <\/strong>tambi\u00e9n fue un brillante escritor. Desarroll\u00f3 comentarios b\u00edblicos, himnos lit\u00fargicos y tratados teol\u00f3gicos que influyeron directamente en<strong> San Agust\u00edn,<\/strong> quien lo consider\u00f3 su maestro. De hecho, seg\u00fan testimonios italianos, fue <strong>Ambrosio quien bautiz\u00f3 a Agust\u00edn en el a\u00f1o 387<\/strong>, un hito para la historia cristiana.<\/p>\n<p class=\"destacadoNota\"><a target=\"_blank\" href=\"https:\/\/www.perfil.com\/noticias\/cultura\/santa-bibiana-la-martir-romana-que-resistio-la-persecucion-con-una-fe-inquebrantable-a35.phtml\" rel=\"noopener noreferrer\">Santa Bibiana, la m\u00e1rtir romana que resisti\u00f3 la persecuci\u00f3n con una fe inquebrantable<\/a><\/p>\n<p>La devoci\u00f3n a <strong>San Ambrosio <\/strong>se mantiene viva especialmente en Italia y en la liturgia ambrosiana, que conserva himnos atribuidos a \u00e9l. En oraciones inglesas antiguas se pide su intercesi\u00f3n con estas palabras: <em>\u201cThrough Saint Ambrose, grant us wisdom, courage, and a heart devoted to truth.\u201d<\/em> Su figura permanece ligada a la valent\u00eda espiritual y la formaci\u00f3n intelectual.<\/p>\n<p>Adem\u00e1s de San Ambrosio, el 7 de diciembre se recuerda a santos como <strong>San Agat\u00f3n, Santa Fara y varios m\u00e1rtires de la Iglesia primitiva<\/strong>. En la misma semana se celebran tambi\u00e9n a <strong>San Nicol\u00e1s, Santa B\u00e1rbara, San Sabas y San Francisco Javier,<\/strong> figuras centrales del calendario de Adviento.<\/p>\n<p>En la Ciudad de Buenos Aires, la memoria de San Ambrosio puede evocarse en la <strong>Bas\u00edlica del Sant\u00edsimo Sacramento<\/strong> (San Mart\u00edn 1039), templo donde se conservan tradiciones vinculadas a los grandes doctores de la Iglesia y donde fieles suelen rezar por discernimiento y fortaleza espiritual, valores ligados al obispo de Mil\u00e1n.<\/p>\n","protected":false},"excerpt":{"rendered":"<p>El 7 de diciembre, el santoral cat\u00f3lico celebra a San Ambrosio de Mil\u00e1n, uno de los cuatro grandes Padres de la Iglesia latina. Su vida, narrada en fuentes inglesas e italianas, lo presenta como un l\u00edder espiritual capaz de enfrentar a emperadores y modelar la doctrina que marcar\u00eda siglos de cristianismo. San Ambrosio: el gobernador [&hellip;]<\/p>\n","protected":false},"author":1,"featured_media":124588,"comment_status":"closed","ping_status":"closed","sticky":false,"template":"","format":"standard","meta":[],"categories":[19],"tags":[2380,2379,2381],"_links":{"self":[{"href":"http:\/\/hoycordobaweb.com\/index.php\/wp-json\/wp\/v2\/posts\/124587"}],"collection":[{"href":"http:\/\/hoycordobaweb.com\/index.php\/wp-json\/wp\/v2\/posts"}],"about":[{"href":"http:\/\/hoycordobaweb.com\/index.php\/wp-json\/wp\/v2\/types\/post"}],"author":[{"embeddable":true,"href":"http:\/\/hoycordobaweb.com\/index.php\/wp-json\/wp\/v2\/users\/1"}],"replies":[{"embeddable":true,"href":"http:\/\/hoycordobaweb.com\/index.php\/wp-json\/wp\/v2\/comments?post=124587"}],"version-history":[{"count":0,"href":"http:\/\/hoycordobaweb.com\/index.php\/wp-json\/wp\/v2\/posts\/124587\/revisions"}],"wp:featuredmedia":[{"embeddable":true,"href":"http:\/\/hoycordobaweb.com\/index.php\/wp-json\/wp\/v2\/media\/124588"}],"wp:attachment":[{"href":"http:\/\/hoycordobaweb.com\/index.php\/wp-json\/wp\/v2\/media?parent=124587"}],"wp:term":[{"taxonomy":"category","embeddable":true,"href":"http:\/\/hoycordobaweb.com\/index.php\/wp-json\/wp\/v2\/categories?post=124587"},{"taxonomy":"post_tag","embeddable":true,"href":"http:\/\/hoycordobaweb.com\/index.php\/wp-json\/wp\/v2\/tags?post=124587"}],"curies":[{"name":"wp","href":"https:\/\/api.w.org\/{rel}","templated":true}]}}