{"id":124569,"date":"2025-12-07T15:08:40","date_gmt":"2025-12-07T15:08:40","guid":{"rendered":"https:\/\/www.ole.com.ar\/autos\/franco-colapinto-abu-dhabi-ultimo-vez-ano-borrar-quiero-arrancar-proxima-temporada_0_wsd0XwQoFL.html"},"modified":"2025-12-07T15:08:40","modified_gmt":"2025-12-07T15:08:40","slug":"franco-colapinto-en-abu-dhabi-ultimo-otra-vez-del-gracias-a-dios-termino-a-ya-quiero-arrancar-la-proxima-temporada","status":"publish","type":"post","link":"http:\/\/hoycordobaweb.com\/index.php\/2025\/12\/07\/franco-colapinto-en-abu-dhabi-ultimo-otra-vez-del-gracias-a-dios-termino-a-ya-quiero-arrancar-la-proxima-temporada\/","title":{"rendered":"Franco Colapinto, en Abu Dhabi, \u00faltimo otra vez: del \u00abgracias a Dios termin\u00f3\u00bb a \u201cya quiero arrancar la pr\u00f3xima temporada\u201d"},"content":{"rendered":"<p><img src=\"http:\/\/hoycordobaweb.com\/wp-content\/uploads\/2025\/12\/franco-colapinto-en-abu-dhabi-ultimo-otra-vez-del-gracias-a-dios-termino-a-ya-quiero-arrancar-la-proxima-temporada.jpg\"><\/p>\n<p><span class=\"createDate\">07\/12\/2025 12:08hs.<\/span><time class=\"modificatedDate\" datetime=\"2025-12-07T12:25:39-03:00\"> Actualizado al 07\/12\/2025 12:25hs.<\/time><\/p>\n<div id=\"storyBody\">\n<div id=\"element-body-0\" class=\"sc-136cd478-0 ekTCfV\" readability=\"38.747553816047\">\n<p><strong><a href=\"https:\/\/www.ole.com.ar\/tema\/franco-colapinto.html\" title=\"Franco Colapinto\" alt=\"Franco Colapinto\" class=\"slug\">Franco Colapinto<\/a><\/strong> volvi\u00f3 a terminar \u00faltimo en la carrera final de la temporada y puso un punto final a un a\u00f1o frustrante con <strong>Alpine<\/strong>, en el que la mejor noticia fue su continuidad para el 2026. El bonaerense no sum\u00f3 puntos y qued\u00f3 \u00faltimo en el campeonato, igual que <strong>Jack Doohan<\/strong>, su reemplazado desde la 7a carrera; el equipo tambi\u00e9n qued\u00f3 \u00faltimo en Constructores. A partir de todo eso, Franco fue autocr\u00edtico, aunque rescat\u00f3 la actitud del equipo y <strong>ya trabaja con la mira puesta en el nuevo reglamento<\/strong>.<\/p>\n<\/div>\n<div id=\"element-body-1\" class=\"sc-136cd478-0 ekTCfV\" readability=\"42\">\n<p>El gran premio de Abu Dhabi no trajo sorpresas para el team franc\u00e9s, que cerr\u00f3 la fila con sus dos autos. Ni milagros. <strong>Colapinto volvi\u00f3 a encontrarse con el \u00faltimo lugar en pista, como en Las Vegas, San Pablo y Azerbaiy\u00e1n<\/strong>, durante un 2025 que fue casi un suplicio para Alpine. El auto nunca estuvo a la altura, los desarrollos no llegaron a tiempo y la escuder\u00eda francesa complet\u00f3 uno de sus peores a\u00f1os en la F\u00f3rmula 1. Quien sum\u00f3 puntos, <strong>Pierre Gasly (22) solo termin\u00f3 arriba de Gabriel Bortoleto (19), en cuanto a rivales de otra escuder\u00eda<\/strong>.<\/p>\n<\/div>\n<div class=\"sc-e7b891c4-0 ifHnQL image-embed\" id=\"element-body-2\"><img alt=\"Flavio Briatore y Franco Colapinto.\" loading=\"lazy\" width=\"720\" height=\"100\" decoding=\"async\" data-nimg=\"1\" src=\"http:\/\/hoycordobaweb.com\/wp-content\/uploads\/2025\/12\/franco-colapinto-en-abu-dhabi-ultimo-otra-vez-del-gracias-a-dios-termino-a-ya-quiero-arrancar-la-proxima-temporada-2.jpg\"><span class=\"epigraphe\">Flavio Briatore y Franco Colapinto.<\/span><\/div>\n<div id=\"element-body-3\" class=\"sc-136cd478-0 ekTCfV\" readability=\"42\">\n<p>La carrera final fue el resumen perfecto de la temporada: poco ritmo, mucha impotencia y un cierre que solo confirm\u00f3 la urgente necesidad de cambio. Por eso, apenas bajado del auto, Colapinto habl\u00f3 con brutal honestidad. \u201cFue un a\u00f1o no muy positivo, pero bueno, es parte del proceso. Creo que el a\u00f1o que viene va a ser mucho mejor y nos estuvimos preparando bien la temporada que viene, as\u00ed que con ganas, con ganas de empezar ya a laburar para eso y <strong>olvidarnos un poco de lo que pas\u00f3 este a\u00f1o\u201d.<\/strong><\/p>\n<\/div>\n<div id=\"element-body-4\" class=\"sc-136cd478-0 ekTCfV\">\n<blockquote><p>Creo que el a\u00f1o que viene va a ser mucho mejor y nos estuvimos preparando bien la temporada que viene.<\/p><\/blockquote>\n<\/div>\n<div id=\"element-body-5\" class=\"sc-136cd478-0 ekTCfV\" readability=\"44\">\n<p>El argentino de 22 a\u00f1os vivi\u00f3 m\u00faltiples frustraciones: roturas, falta de ritmo, clasificaciones complicadas y fines de semana donde ni siquiera el mejor manejo pod\u00eda compensar las limitaciones del auto. Pero a\u00fan as\u00ed, se mostr\u00f3 entero, pensando m\u00e1s hacia adelante que hacia atr\u00e1s, con un reglamento 2026 nuevo y hasta un motor diferente para el coche, el de Mercedes que sustituye al de Renault. \u00bb <strong>Hay que laburar mucho, as\u00ed que nada, volver a Argentina unos dos d\u00edas y despu\u00e9s ya enfocados en la temporada que viene para dar batalla<\/strong> y tener buenos resultados. Tengo ganas de tener un buen a\u00f1o, as\u00ed que hay que trabajar para eso\u201d.<\/p>\n<\/div>\n<div class=\"sc-e7b891c4-0 ifHnQL image-embed\" id=\"element-body-6\"><img alt=\"El Alpine A525 de Franco Colapinto (Reuters).\" loading=\"lazy\" width=\"720\" height=\"100\" decoding=\"async\" data-nimg=\"1\" src=\"http:\/\/hoycordobaweb.com\/wp-content\/uploads\/2025\/12\/franco-colapinto-en-abu-dhabi-ultimo-otra-vez-del-gracias-a-dios-termino-a-ya-quiero-arrancar-la-proxima-temporada-3.jpg\"><span class=\"epigraphe\">El Alpine A525 de Franco Colapinto (Reuters).<\/span><\/div>\n<div id=\"element-body-7\" class=\"sc-136cd478-0 ekTCfV\" readability=\"39\">\n<p>A pesar de la tormenta deportiva, Franco destac\u00f3 el compromiso del equipo, incluso cuando las derrotas eran rutina: \u201c <strong>Me quedo con muchas cosas de esta temporada, un equipo que no se rindi\u00f3<\/strong>, \u00bfno? A pesar de los resultados malos que tuvimos. Muy importante eso y creo que nos prepara para cuando vaya mejor\u201d.<\/p>\n<\/div>\n<div id=\"element-body-8\" class=\"sc-136cd478-0 ekTCfV\" readability=\"36\">\n<p>Colapinto cerr\u00f3 su temporada con alivio y&#8230; sinceridad: \u00abHay mucho por mejorar todav\u00eda, pero nada, gracias a Dios, ya termin\u00f3 este a\u00f1o.\u201d<\/p>\n<\/div>\n<div id=\"element-body-9\" class=\"sc-a7166897-0 eoLsBE\" readability=\"31.5\">\n<section readability=\"3\"><picture><img alt=\"As\u00ed quedaron las posiciones finales de la F\u00f3rmula 1 tras el Gran Premio de Abu Dhabi\" loading=\"lazy\" width=\"290\" height=\"290\" decoding=\"async\" data-nimg=\"1\" src=\"http:\/\/hoycordobaweb.com\/wp-content\/uploads\/2025\/12\/franco-colapinto-en-abu-dhabi-ultimo-otra-vez-del-gracias-a-dios-termino-a-ya-quiero-arrancar-la-proxima-temporada-4.jpg\"><\/picture>\n<p><span>Mir\u00e1 tambi\u00e9n<\/span><\/p>\n<hr>\n<h3>As\u00ed quedaron las posiciones finales de la F\u00f3rmula 1 tras el Gran Premio de Abu Dhabi<\/h3>\n<\/p>\n<\/section>\n<\/div>\n<div id=\"element-body-10\" class=\"sc-a7166897-0 eoLsBE\" readability=\"31.5\">\n<section readability=\"3\"><picture><img alt=\"Norris es campe\u00f3n de la F\u00f3rmula 1 gracias a un McLaren que fue equipo en Abu Dhabi; Colapinto cerr\u00f3 la fila\" loading=\"lazy\" width=\"290\" height=\"290\" decoding=\"async\" data-nimg=\"1\" src=\"http:\/\/hoycordobaweb.com\/wp-content\/uploads\/2025\/12\/franco-colapinto-en-abu-dhabi-ultimo-otra-vez-del-gracias-a-dios-termino-a-ya-quiero-arrancar-la-proxima-temporada-5.jpg\"><\/picture>\n<p><span>Mir\u00e1 tambi\u00e9n<\/span><\/p>\n<hr>\n<h3>Norris es campe\u00f3n de la F\u00f3rmula 1 gracias a un McLaren que fue equipo en Abu Dhabi; Colapinto cerr\u00f3 la fila<\/h3>\n<\/p>\n<\/section>\n<\/div>\n<div id=\"element-body-11\" class=\"sc-a7166897-0 eoLsBE\" readability=\"31.5\">\n<section readability=\"3\"><picture><img alt=\"De la frustraci\u00f3n y las dudas a la gloria: as\u00ed Lando Norris fue campe\u00f3n de la F\u00f3rmula 1 en Abu Dhabi\" loading=\"lazy\" width=\"290\" height=\"290\" decoding=\"async\" data-nimg=\"1\" src=\"http:\/\/hoycordobaweb.com\/wp-content\/uploads\/2025\/12\/franco-colapinto-en-abu-dhabi-ultimo-otra-vez-del-gracias-a-dios-termino-a-ya-quiero-arrancar-la-proxima-temporada-6.jpg\"><\/picture>\n<p><span>Mir\u00e1 tambi\u00e9n<\/span><\/p>\n<hr>\n<h3>De la frustraci\u00f3n y las dudas a la gloria: as\u00ed Lando Norris fue campe\u00f3n de la F\u00f3rmula 1 en Abu Dhabi<\/h3>\n<\/p>\n<\/section>\n<\/div>\n<\/div>\n","protected":false},"excerpt":{"rendered":"<p>07\/12\/2025 12:08hs. Actualizado al 07\/12\/2025 12:25hs. Franco Colapinto volvi\u00f3 a terminar \u00faltimo en la carrera final de la temporada y puso un punto final a un a\u00f1o frustrante con Alpine, en el que la mejor noticia fue su continuidad para el 2026. El bonaerense no sum\u00f3 puntos y qued\u00f3 \u00faltimo en el campeonato, igual que [&hellip;]<\/p>\n","protected":false},"author":1,"featured_media":124570,"comment_status":"open","ping_status":"closed","sticky":false,"template":"","format":"standard","meta":[],"categories":[16],"tags":[],"_links":{"self":[{"href":"http:\/\/hoycordobaweb.com\/index.php\/wp-json\/wp\/v2\/posts\/124569"}],"collection":[{"href":"http:\/\/hoycordobaweb.com\/index.php\/wp-json\/wp\/v2\/posts"}],"about":[{"href":"http:\/\/hoycordobaweb.com\/index.php\/wp-json\/wp\/v2\/types\/post"}],"author":[{"embeddable":true,"href":"http:\/\/hoycordobaweb.com\/index.php\/wp-json\/wp\/v2\/users\/1"}],"replies":[{"embeddable":true,"href":"http:\/\/hoycordobaweb.com\/index.php\/wp-json\/wp\/v2\/comments?post=124569"}],"version-history":[{"count":0,"href":"http:\/\/hoycordobaweb.com\/index.php\/wp-json\/wp\/v2\/posts\/124569\/revisions"}],"wp:featuredmedia":[{"embeddable":true,"href":"http:\/\/hoycordobaweb.com\/index.php\/wp-json\/wp\/v2\/media\/124570"}],"wp:attachment":[{"href":"http:\/\/hoycordobaweb.com\/index.php\/wp-json\/wp\/v2\/media?parent=124569"}],"wp:term":[{"taxonomy":"category","embeddable":true,"href":"http:\/\/hoycordobaweb.com\/index.php\/wp-json\/wp\/v2\/categories?post=124569"},{"taxonomy":"post_tag","embeddable":true,"href":"http:\/\/hoycordobaweb.com\/index.php\/wp-json\/wp\/v2\/tags?post=124569"}],"curies":[{"name":"wp","href":"https:\/\/api.w.org\/{rel}","templated":true}]}}