{"id":124482,"date":"2025-12-06T12:24:29","date_gmt":"2025-12-06T12:24:29","guid":{"rendered":"https:\/\/www.mujerhoy.com\/moda\/no-te-pierdas\/zapatos-plataforma-reina-letizia-sandalias-comodas-20251206131441-nt.html"},"modified":"2025-12-06T12:24:29","modified_gmt":"2025-12-06T12:24:29","slug":"estos-son-los-zapatos-con-plataforma-que-la-reina-letizia-siempre-se-pone-con-los-vestidos-de-gala-sus-unicas-sandalias-de-tacon-altisimas","status":"publish","type":"post","link":"http:\/\/hoycordobaweb.com\/index.php\/2025\/12\/06\/estos-son-los-zapatos-con-plataforma-que-la-reina-letizia-siempre-se-pone-con-los-vestidos-de-gala-sus-unicas-sandalias-de-tacon-altisimas\/","title":{"rendered":"Estos son los zapatos con plataforma que la reina Letizia siempre se pone con los vestidos de gala: sus \u00fanicas sandalias de tac\u00f3n alt\u00edsimas"},"content":{"rendered":"<p><!-- AUTHOR --><\/p>\n<div class=\"voc-author-timesocial \">\n<!-- AUTHOR --><\/p>\n<div class=\"voc-author-timesocial__signature \">\n<!-- IMAGE AUTHOR -->\n<picture class=\"voc-image-signature\">\n<img class=\"voc-image-signature__img\" src=\"http:\/\/hoycordobaweb.com\/wp-content\/uploads\/2025\/12\/estos-son-los-zapatos-con-plataforma-que-la-reina-letizia-siempre-se-pone-con-los-vestidos-de-gala-sus-unicas-sandalias-de-tacon-altisimas.jpg\" alt=\"Raquel Rodr\u00edguez\">\n<\/picture>\n<!-- INFO AUTHOR --> <\/div><\/div>\n<p><!-- COMPONENTS --><\/p>\n<p class=\"voc-paragraph\">Hace ya varios a\u00f1os que <a href=\"https:\/\/www.mujerhoy.com\/temas\/personajes\/reina-dona-letizia.html\" title=\"www.mujerhoy.com\" data-voc-vtm-id=\"in-text-traffic\" data-mrf-link=\"www.mujerhoy.com\">la reina Letizia <\/a>tuvo que renunciar a su gran colecci\u00f3n de zapatos alt\u00edsimos. Los salones cl\u00e1sicos -que ten\u00eda en todo tipo de colores, texturas y materiales- pasaron a mejor vida despu\u00e9s de que una dolencia en los pies no le permitiera seguir us\u00e1ndolos. Los cambi\u00f3 entonces por<a href=\"https:\/\/www.mujerhoy.com\/moda\/no-te-pierdas\/reina-letizia-estrena-vestido-abrigo-negro-look-sobrio-elegante-victimas-terrorismo-20250306194128-nt.html\" title=\"www.mujerhoy.com\" data-voc-vtm-id=\"in-text-traffic\" data-mrf-link=\"www.mujerhoy.com\"> opciones de kitten heel que son ahora su mejor aliado<\/a> para seguir siendo la m\u00e1s elegante, pero sin renunciar a la<strong> comodidad y bienestar<\/strong>.<\/p>\n<p class=\"voc-paragraph\">Sin embargo, hay una ocasi\u00f3n en la que do\u00f1a Letizia vuelve a subirse a zapatos de gran altura: <strong>las cenas de gala<\/strong>. Cuando hay tiara de por medio, la mujer de Felipe VI acompa\u00f1a sus espectaculares vestidos con unas <a href=\"https:\/\/www.mujerhoy.com\/moda\/no-te-pierdas\/sandalias-invitadas-comodas-tacon-ancho-plataforma-20250620180608-nt.html\" title=\"www.mujerhoy.com\" data-voc-vtm-id=\"in-text-traffic\" data-mrf-link=\"www.mujerhoy.com\">sandalias de plataformas<\/a>. Un modelo que ya ha repetido en varias ocasiones y que parecer su nuevo favorito.<\/p>\n<div class=\"v-c-cmp v-c-cmp--t1 \">\n<div class=\"v-cmp-rld v-cmp-rld--2 \">\n<div class=\"v-cnt-m v-cnt-m--m\">\n<div class=\"v-cnt-m__c\">\n<div class=\"v-cnt-m__w v-cnt-m__w--1\">\n<p class=\"v-cnt-m__t\">\nTAMBI\u00c9N TE INTERESA\n<\/p>\n<\/div>\n<\/div>\n<\/div>\n<div class=\"v-g v-g--2-c v-g--bdr-min-xs\">\n<div class=\"v-g__c \">\n<article class=\"v-a v-a--cmp-rld v-a--cmp-rld-2 v-a--p-l\">\n<div class=\"v-a-img-c\">\n<figure class=\"v-a-fig\">\n<a href=\"https:\/\/www.mujerhoy.com\/moda\/no-te-pierdas\/reina-letizia-look-invernal-elegante-capa-carolina-herrera-vestido-2nd-skin-20251126122202-nt.html#vtm_modulosEngag=mod-rel:moda:noticia:1:cmp:2-not\" class=\"v-a-link\" title=\"Letizia rescata su look de invierno m\u00e1s elegante para recibir al presidente alem\u00e1n: capa de Carolina Herrera y abrigo de The 2nd Skin\"><br \/>\n<img loading=\"lazy\" class=\"v-a-img\" src=\"http:\/\/hoycordobaweb.com\/wp-content\/uploads\/2025\/12\/estos-son-los-zapatos-con-plataforma-que-la-reina-letizia-siempre-se-pone-con-los-vestidos-de-gala-sus-unicas-sandalias-de-tacon-altisimas-1.jpg\" alt=\"Letizia rescata su look de invierno m\u00e1s elegante para recibir al presidente alem\u00e1n: capa de Carolina Herrera y abrigo de The 2nd Skin\"><br \/>\n<\/a><br \/>\n<\/figure>\n<\/div>\n<\/article>\n<\/div>\n<div class=\"v-g__c \">\n<article class=\"v-a v-a--cmp-rld v-a--cmp-rld-2 v-a--p-l\">\n<div class=\"v-a-img-c\">\n<figure class=\"v-a-fig\">\n<a href=\"https:\/\/www.mujerhoy.com\/moda\/no-te-pierdas\/reina-letizia-deslumbra-embajada-alemania-repite-vestido-negro-rejilla-flecos-20251127214344-nt.html#vtm_modulosEngag=mod-rel:moda:noticia:2:cmp:2-not\" class=\"v-a-link\" title=\"La reina Letizia deslumbra en la embajada de Alemania con rejilla y flecos: repite uno de sus mejores vestidos negros\"><br \/>\n<img loading=\"lazy\" class=\"v-a-img\" src=\"http:\/\/hoycordobaweb.com\/wp-content\/uploads\/2025\/12\/estos-son-los-zapatos-con-plataforma-que-la-reina-letizia-siempre-se-pone-con-los-vestidos-de-gala-sus-unicas-sandalias-de-tacon-altisimas.png\" alt=\"La reina Letizia deslumbra en la embajada de Alemania con rejilla y flecos: repite uno de sus mejores vestidos negros\"><br \/>\n<\/a><br \/>\n<\/figure>\n<\/div>\n<\/article>\n<\/div>\n<\/div>\n<\/div>\n<\/div>\n<p class=\"voc-paragraph\">Ejemplo de ello ha sido la<strong> cena de gala ofrecida en honor del presidente de Alemania y su mujer<\/strong>, quienes han visitado Espa\u00f1a recientemente en un viaje que ha tenido a los reyes como anfitriones. Y s\u00ed, para uno de los looks de noche, do\u00f1a Letizia escogi\u00f3 las sandalias de las que te queremos hablar hoy.<\/p>\n<p class=\"voc-paragraph\">Se trata de unas sandalias que forman parte de una de las \u00faltimas colecciones de <strong>Martinelli y Redondo Brand<\/strong>. La firma de calzado y el dise\u00f1ador llevan varias temporadas lanzando una l\u00ednea de calzado que es todo un \u00e9xito entre las invitadas y que ha enamorado a mujeres referentes de estilo como Tamara Falc\u00f3.<\/p>\n<div class=\"v-c-cmp \">\n<div class=\"v-cmp-m v-cmp-m--t1\">\n<article class=\"v-a v-a--cmp-m v-c-cmp--m-p\">\n<div class=\"v-a-img-c v-a-img-c--fw-xs\">\n<div class=\"v-a-fig\">\n<div class=\"v-a-link\">\n<img loading=\"lazy\" src=\"http:\/\/hoycordobaweb.com\/wp-content\/uploads\/2025\/12\/estos-son-los-zapatos-con-plataforma-que-la-reina-letizia-siempre-se-pone-con-los-vestidos-de-gala-sus-unicas-sandalias-de-tacon-altisimas-2.jpg\" class=\"v-a-img\" width=\"650\" height=\"975\" alt=\"La reina Letizia con las sandalias de tac\u00f3n de Martinelli x Redondo Brand.\" data-voc-vtm-id=\"in-text-traffic\">\n<\/div><figcaption class=\"v-fc\">\n<span class=\"v-fc__t\"><br \/>\nLa reina Letizia con las sandalias de tac\u00f3n de Martinelli x Redondo Brand.<br \/>\n<\/span><br \/>\n<span class=\"v-fc__p\"><br \/>\nlimited pictues<br \/>\n<\/span><br \/>\n<\/figcaption><\/div>\n<\/div>\n<\/article>\n<\/div>\n<\/div>\n<p class=\"voc-paragraph\">Parece que la reina consorte tambi\u00e9n ha ca\u00eddo rendida a ellas y se ha hecho con el que podr\u00edamos decir que es uno de los modelos m\u00e1s c\u00f3modos. Se trata, en concreto, del modelo Monroe, unas<strong> sandalias de plataforma en charol negro<\/strong> con pulsera con hebilla que son perfectas para sumar altura sin dolor de pies.<\/p>\n<p class=\"voc-paragraph\">Aunque ya no se encuentran disponibles, desde la firma aseguran que su comodidad es impresionante gracias a la<strong> planta interior de espuma y gel<\/strong> que tienen. Y la mejor prueba de ello es que, a pesar de su dolencia, la reina Letizia sigue recurriendo a ellas una y otra vez.<\/p>\n<div class=\"v-c-cmp v-c-cmp--s\">\n<div class=\"v-cmp-m \">\n<article class=\"v-a v-a--cmp-m v-c-cmp--m-z\">\n<div class=\"v-a-img-c \">\n<div class=\"v-a-fig\">\n<button class=\"v-a-link\" popovertarget=\"photo-740\"><br \/>\n<img loading=\"lazy\" src=\"http:\/\/hoycordobaweb.com\/wp-content\/uploads\/2025\/12\/estos-son-los-zapatos-con-plataforma-que-la-reina-letizia-siempre-se-pone-con-los-vestidos-de-gala-sus-unicas-sandalias-de-tacon-altisimas-3.jpg\" class=\"v-a-img\" width=\"650\" height=\"650\" alt=\"Son unas sandalias de plataforma en charol negro.\" data-voc-vtm-id=\"in-text-traffic\"> <\/button><figcaption class=\"v-fc\">\n<span class=\"v-fc__t\"><br \/>\nSon unas sandalias de plataforma en charol negro.<br \/>\n<\/span><br \/>\n<\/figcaption><\/div>\n<\/div>\n<div id=\"photo-740\" popover class=\"v-mdl v-mdl--fw\">\n<button class=\"v-x\" popovertarget=\"photo-740\" popovertargetaction=\"hide\"><br \/>\n<span class=\"v-i\"><br \/>\n<svg width=\"24\" height=\"23.996\" viewBox=\"0 0 24 23.996\">\n<path data-name=\"Uni\u00f3n 29\" d=\"M12,14.03,2.031,24,0,21.963,9.968,12,0,2.033,2.031,0,12,9.966,21.969,0,24,2.033,14.032,12,24,21.963,21.969,24Z\" \/>\n<\/svg><br \/>\n<\/span><br \/>\n<\/button><\/p>\n<div class=\"v-mdl__c\">\n<div class=\"v-mdl__w\">\n<img loading=\"lazy\" src=\"http:\/\/hoycordobaweb.com\/wp-content\/uploads\/2025\/12\/estos-son-los-zapatos-con-plataforma-que-la-reina-letizia-siempre-se-pone-con-los-vestidos-de-gala-sus-unicas-sandalias-de-tacon-altisimas-3.jpg\" class=\"v-mdl__img-z\" width=\"650\" height=\"650\" alt>\n<\/div>\n<\/div>\n<\/div>\n<p><span class=\"v-bdp\"><\/span><br \/>\n<\/article>\n<\/div>\n<\/div>\n<p class=\"voc-paragraph\">Y es que, no es la primera vez que recurre a ellas. En la anterior cita de gala, do\u00f1a Letizia tambi\u00e9n se puso estos zapatos que quedaron ocultos tras su vestido azul. Fue en una <strong>cena de gala en Dinamarca<\/strong>, celebrada con motivo del viaje de Estado de los reyes, y la reina reconfirm\u00f3 que son su mejor aliado para este tipo de citas.<\/p>\n<div class=\"v-c-cmp \">\n<div class=\"v-cmp-m v-cmp-m--t1\">\n<article class=\"v-a v-a--cmp-m v-c-cmp--m-p\">\n<div class=\"v-a-img-c v-a-img-c--fw-xs\">\n<div class=\"v-a-fig\">\n<div class=\"v-a-link\">\n<img loading=\"lazy\" src=\"http:\/\/hoycordobaweb.com\/wp-content\/uploads\/2025\/12\/estos-son-los-zapatos-con-plataforma-que-la-reina-letizia-siempre-se-pone-con-los-vestidos-de-gala-sus-unicas-sandalias-de-tacon-altisimas-4.jpg\" class=\"v-a-img\" width=\"650\" height=\"975\" alt=\"La reina Letizia en la cena de gala en Dinamarca.\" data-voc-vtm-id=\"in-text-traffic\">\n<\/div><figcaption class=\"v-fc\">\n<span class=\"v-fc__t\"><br \/>\nLa reina Letizia en la cena de gala en Dinamarca.<br \/>\n<\/span><br \/>\n<span class=\"v-fc__p\"><br \/>\ngtres<br \/>\n<\/span><br \/>\n<\/figcaption><\/div>\n<\/div>\n<\/article>\n<\/div>\n<\/div>\n<p class=\"voc-paragraph\">Estos zapatos son los \u00fanicos que, al parecer, tiene disponibles tras el mal diagn\u00f3stico que le ha hecho dejar de ponerse tacones.<strong> Son sus \u00fanicas sandalias alt\u00edsimas<\/strong> y las cenas de gala son el \u00fanico momento en el que las luce. En el reto de apariciones, los mocasines, el kitten heel o el tac\u00f3n grueso y bajo es la \u00fanica propuesta que le vemos.<\/p>\n<p class=\"voc-paragraph\">Aunque eso s\u00ed, cabe destacar que las plataformas las dejaba tambi\u00e9n anteriormente para ocasiones especiales. Es conocedora de que un sal\u00f3n cl\u00e1sico es mucho m\u00e1s elegante y<strong> este tipo de calzado estaba reservado para los vestidos m\u00e1s largos<\/strong> que ocultan el zapato.<\/p>\n<div class=\"v-c-cmp \">\n<div class=\"v-cmp-m v-cmp-m--t1\">\n<article class=\"v-a v-a--cmp-m v-c-cmp--m-p\">\n<div class=\"v-a-img-c v-a-img-c--fw-xs\">\n<div class=\"v-a-fig\">\n<div class=\"v-a-link\">\n<img loading=\"lazy\" src=\"http:\/\/hoycordobaweb.com\/wp-content\/uploads\/2025\/12\/estos-son-los-zapatos-con-plataforma-que-la-reina-letizia-siempre-se-pone-con-los-vestidos-de-gala-sus-unicas-sandalias-de-tacon-altisimas-5.jpg\" class=\"v-a-img\" width=\"650\" height=\"975\" alt=\"La reina Letizia, en 2023, con unas sandalias de tac\u00f3n rojas.\" data-voc-vtm-id=\"in-text-traffic\">\n<\/div><figcaption class=\"v-fc\">\n<span class=\"v-fc__t\"><br \/>\nLa reina Letizia, en 2023, con unas sandalias de tac\u00f3n rojas.<br \/>\n<\/span><br \/>\n<span class=\"v-fc__p\"><br \/>\ngtres<br \/>\n<\/span><br \/>\n<\/figcaption><\/div>\n<\/div>\n<\/article>\n<\/div>\n<\/div>\n<p class=\"voc-paragraph\">En 2023, por ejemplo, durante la visita de Estado del presidente de Colombia, la reina Letizia combinaba un vestido rojo con unas sandalias similares a estas negras. Tambi\u00e9n rojas, <strong>con un tac\u00f3n muy alto (pero esta vez fino)<\/strong> y una buena plataforma, la madre de la princesa Leonor buscaba la m\u00e1xima comodidad. La prueba de que es humana&#8230;<\/p>\n<div class=\"v-c-cmp v-c-cmp--t1 \">\n<div class=\"v-cmp-rld v-cmp-rld--2 \">\n<div class=\"v-cnt-m v-cnt-m--m\">\n<div class=\"v-cnt-m__c\">\n<div class=\"v-cnt-m__w v-cnt-m__w--1\">\n<p class=\"v-cnt-m__t\">\nTAMBI\u00c9N TE INTERESA\n<\/p>\n<\/div>\n<\/div>\n<\/div>\n<div class=\"v-g v-g--2-c v-g--bdr-min-xs\">\n<div class=\"v-g__c \">\n<article class=\"v-a v-a--cmp-rld v-a--cmp-rld-2 v-a--p-l\">\n<div class=\"v-a-img-c\">\n<figure class=\"v-a-fig\">\n<a href=\"https:\/\/www.mujerhoy.com\/moda\/no-te-pierdas\/reina-letizia-mejores-looks-visita-alemania-espectacular-pendientes-hija-sofia-20251126191331-nt.html#vtm_modulosEngag=mod-rel:moda:noticia:1:cmp:2-not\" class=\"v-a-link\" title=\"El espectacular despliegue de looks de la reina Letizia en Alemania: vestido de gala y pendientes de Sof\u00eda\"><br \/>\n<img loading=\"lazy\" class=\"v-a-img\" src=\"http:\/\/hoycordobaweb.com\/wp-content\/uploads\/2025\/12\/estos-son-los-zapatos-con-plataforma-que-la-reina-letizia-siempre-se-pone-con-los-vestidos-de-gala-sus-unicas-sandalias-de-tacon-altisimas-6.jpg\" alt=\"El espectacular despliegue de looks de la reina Letizia en Alemania: vestido de gala y pendientes de Sof\u00eda\"><br \/>\n<\/a><br \/>\n<\/figure>\n<\/div>\n<\/article>\n<\/div>\n<div class=\"v-g__c \">\n<article class=\"v-a v-a--cmp-rld v-a--cmp-rld-2 v-a--p-l\">\n<div class=\"v-a-img-c\">\n<figure class=\"v-a-fig\">\n<a href=\"https:\/\/www.mujerhoy.com\/moda\/no-te-pierdas\/reina-letizia-estrena-espectacular-vestido-negro-tiara-cartier-cena-gala-20251126203901-nt.html#vtm_modulosEngag=mod-rel:moda:noticia:2:cmp:2-not\" class=\"v-a-link\" title=\"La reina Letizia da un golpe en la mesa: espectacular vestido negro de estreno y la tiara Cartier en la cena de gala con el Presidente alem\u00e1n\"><br \/>\n<img loading=\"lazy\" class=\"v-a-img\" src=\"http:\/\/hoycordobaweb.com\/wp-content\/uploads\/2025\/12\/estos-son-los-zapatos-con-plataforma-que-la-reina-letizia-siempre-se-pone-con-los-vestidos-de-gala-sus-unicas-sandalias-de-tacon-altisimas-7.jpg\" alt=\"La reina Letizia da un golpe en la mesa: espectacular vestido negro de estreno y la tiara Cartier en la cena de gala con el Presidente alem\u00e1n\"><br \/>\n<\/a><br \/>\n<\/figure>\n<\/div>\n<\/article>\n<\/div>\n<\/div>\n<\/div>\n<\/div>\n<div class=\"media_block\"><\/div>\n","protected":false},"excerpt":{"rendered":"<p>Hace ya varios a\u00f1os que la reina Letizia tuvo que renunciar a su gran colecci\u00f3n de zapatos alt\u00edsimos. Los salones cl\u00e1sicos -que ten\u00eda en todo tipo de colores, texturas y materiales- pasaron a mejor vida despu\u00e9s de que una dolencia en los pies no le permitiera seguir us\u00e1ndolos. Los cambi\u00f3 entonces por opciones de kitten [&hellip;]<\/p>\n","protected":false},"author":1,"featured_media":124483,"comment_status":"closed","ping_status":"closed","sticky":false,"template":"","format":"standard","meta":[],"categories":[],"tags":[],"_links":{"self":[{"href":"http:\/\/hoycordobaweb.com\/index.php\/wp-json\/wp\/v2\/posts\/124482"}],"collection":[{"href":"http:\/\/hoycordobaweb.com\/index.php\/wp-json\/wp\/v2\/posts"}],"about":[{"href":"http:\/\/hoycordobaweb.com\/index.php\/wp-json\/wp\/v2\/types\/post"}],"author":[{"embeddable":true,"href":"http:\/\/hoycordobaweb.com\/index.php\/wp-json\/wp\/v2\/users\/1"}],"replies":[{"embeddable":true,"href":"http:\/\/hoycordobaweb.com\/index.php\/wp-json\/wp\/v2\/comments?post=124482"}],"version-history":[{"count":0,"href":"http:\/\/hoycordobaweb.com\/index.php\/wp-json\/wp\/v2\/posts\/124482\/revisions"}],"wp:featuredmedia":[{"embeddable":true,"href":"http:\/\/hoycordobaweb.com\/index.php\/wp-json\/wp\/v2\/media\/124483"}],"wp:attachment":[{"href":"http:\/\/hoycordobaweb.com\/index.php\/wp-json\/wp\/v2\/media?parent=124482"}],"wp:term":[{"taxonomy":"category","embeddable":true,"href":"http:\/\/hoycordobaweb.com\/index.php\/wp-json\/wp\/v2\/categories?post=124482"},{"taxonomy":"post_tag","embeddable":true,"href":"http:\/\/hoycordobaweb.com\/index.php\/wp-json\/wp\/v2\/tags?post=124482"}],"curies":[{"name":"wp","href":"https:\/\/api.w.org\/{rel}","templated":true}]}}