{"id":124480,"date":"2025-12-06T15:47:02","date_gmt":"2025-12-06T15:47:02","guid":{"rendered":"http:\/\/hoycordobaweb.com\/index.php\/2025\/12\/06\/javier-milei-viaja-a-noruega-para-acompanar-a-corina-machado-en-la-entrega-del-nobel-de-la-paz\/"},"modified":"2025-12-06T15:47:02","modified_gmt":"2025-12-06T15:47:02","slug":"javier-milei-viaja-a-noruega-para-acompanar-a-corina-machado-en-la-entrega-del-nobel-de-la-paz","status":"publish","type":"post","link":"http:\/\/hoycordobaweb.com\/index.php\/2025\/12\/06\/javier-milei-viaja-a-noruega-para-acompanar-a-corina-machado-en-la-entrega-del-nobel-de-la-paz\/","title":{"rendered":"Javier Milei viaja a Noruega para acompa\u00f1ar a Corina Machado en la entrega del Nobel de la Paz"},"content":{"rendered":"<div class=\"media_block\"><\/div>\n<div><img src=\"http:\/\/hoycordobaweb.com\/wp-content\/uploads\/2025\/12\/javier-milei-viaja-a-noruega-para-acompanar-a-corina-machado-en-la-entrega-del-nobel-de-la-paz.jpg\" class=\"ff-og-image-inserted\"><\/div>\n<p><strong>Javier Milei <\/strong>viajar\u00e1 a Oslo, Noruega, para acompa\u00f1ar este mi\u00e9rcoles a la dirigente venezolana<strong> Corina Machado<\/strong>, a quien le entregar\u00e1n el premio<strong> Nobel de la Paz<\/strong>.<\/p>\n<p>La confirmaci\u00f3n de la presencia del mandatario argentino en el pa\u00eds escandinavo fue publicada desde el comando oficial de campa\u00f1a de Machado, referente opositora al gobierno de <strong>Nicol\u00e1s Maduro<\/strong>.<\/p>\n<p>Milei confirm\u00f3 su presencia al compartir en X el mensaje que dice: \u00abGracias, Argentina, por acompa\u00f1ar la libertad\u00bb.<\/p>\n<div class=\"subscription\" readability=\"6.683257918552\">\n<p> Esto no les gusta a los autoritarios <\/p>\n<div class=\"subscription__container\" readability=\"6.1467391304348\">\n<div class=\"subscription__text-wrapper\" readability=\"31.20652173913\">\n<p> El ejercicio del periodismo profesional y cr\u00edtico es un pilar fundamental de la democracia. Por eso molesta a quienes creen ser los due\u00f1os de la verdad. <\/p>\n<\/p><\/div><\/div><\/div>\n<p>Y agradece a Milei \u00abpor <strong>confirmar su asistencia a la ceremonia<\/strong> del Premio Nobel de la Paz en Oslo, acompa\u00f1ando a la l\u00edder de Venezuela\u00bb.<\/p>\n<p><em>En desarrollo&#8230;<\/em><\/p>\n<p>LT<\/p>\n","protected":false},"excerpt":{"rendered":"<p>Javier Milei viajar\u00e1 a Oslo, Noruega, para acompa\u00f1ar este mi\u00e9rcoles a la dirigente venezolana Corina Machado, a quien le entregar\u00e1n el premio Nobel de la Paz. La confirmaci\u00f3n de la presencia del mandatario argentino en el pa\u00eds escandinavo fue publicada desde el comando oficial de campa\u00f1a de Machado, referente opositora al gobierno de Nicol\u00e1s Maduro. [&hellip;]<\/p>\n","protected":false},"author":1,"featured_media":124481,"comment_status":"closed","ping_status":"closed","sticky":false,"template":"","format":"standard","meta":[],"categories":[19],"tags":[],"_links":{"self":[{"href":"http:\/\/hoycordobaweb.com\/index.php\/wp-json\/wp\/v2\/posts\/124480"}],"collection":[{"href":"http:\/\/hoycordobaweb.com\/index.php\/wp-json\/wp\/v2\/posts"}],"about":[{"href":"http:\/\/hoycordobaweb.com\/index.php\/wp-json\/wp\/v2\/types\/post"}],"author":[{"embeddable":true,"href":"http:\/\/hoycordobaweb.com\/index.php\/wp-json\/wp\/v2\/users\/1"}],"replies":[{"embeddable":true,"href":"http:\/\/hoycordobaweb.com\/index.php\/wp-json\/wp\/v2\/comments?post=124480"}],"version-history":[{"count":0,"href":"http:\/\/hoycordobaweb.com\/index.php\/wp-json\/wp\/v2\/posts\/124480\/revisions"}],"wp:featuredmedia":[{"embeddable":true,"href":"http:\/\/hoycordobaweb.com\/index.php\/wp-json\/wp\/v2\/media\/124481"}],"wp:attachment":[{"href":"http:\/\/hoycordobaweb.com\/index.php\/wp-json\/wp\/v2\/media?parent=124480"}],"wp:term":[{"taxonomy":"category","embeddable":true,"href":"http:\/\/hoycordobaweb.com\/index.php\/wp-json\/wp\/v2\/categories?post=124480"},{"taxonomy":"post_tag","embeddable":true,"href":"http:\/\/hoycordobaweb.com\/index.php\/wp-json\/wp\/v2\/tags?post=124480"}],"curies":[{"name":"wp","href":"https:\/\/api.w.org\/{rel}","templated":true}]}}