{"id":124386,"date":"2025-12-04T17:10:06","date_gmt":"2025-12-04T17:10:06","guid":{"rendered":"https:\/\/www.mujerhoy.com\/vivir\/ocio\/viena-navidad-mercadillos-edificios-imperiales-hoteles-lujo-20251204130824-nt.html"},"modified":"2025-12-04T17:10:06","modified_gmt":"2025-12-04T17:10:06","slug":"la-ciudad-europea-perfecta-para-una-escapada-de-navidad-mercadillos-edificios-imperiales-y-un-hotel-de-lujo-con-historia","status":"publish","type":"post","link":"http:\/\/hoycordobaweb.com\/index.php\/2025\/12\/04\/la-ciudad-europea-perfecta-para-una-escapada-de-navidad-mercadillos-edificios-imperiales-y-un-hotel-de-lujo-con-historia\/","title":{"rendered":"La ciudad europea perfecta para una escapada de Navidad: mercadillos, edificios imperiales y un hotel de lujo con historia"},"content":{"rendered":"<p><!-- AUTHOR --><\/p>\n<div class=\"voc-author-timesocial \">\n<!-- AUTHOR --><\/p>\n<div class=\"voc-author-timesocial__signature \">\n<!-- IMAGE AUTHOR -->\n<picture class=\"voc-image-signature\">\n<img class=\"voc-image-signature__img\" src=\"http:\/\/hoycordobaweb.com\/wp-content\/uploads\/2025\/12\/la-ciudad-europea-perfecta-para-una-escapada-de-navidad-mercadillos-edificios-imperiales-y-un-hotel-de-lujo-con-historia.jpg\" alt=\"Elena Romero Vargas\">\n<\/picture>\n<!-- INFO AUTHOR --> <\/div><\/div>\n<p><!-- COMPONENTS --><\/p>\n<p class=\"voc-paragraph\">La Navidad est\u00e1 a la vuelta de la esquina y las ciudades m\u00e1s bellas del mundo se preparan para recibirla con su cl\u00e1sico despliegue de luces, villancicos y <a href=\"https:\/\/www.mujerhoy.com\/vivir\/ocio\/mercadillos-navidenos-mas-bonitos-desconocidos-europa-viajes-escapadas-invierno-20211208141421-nt.html\" data-voc-vtm-id=\"in-text-traffic\" title=\"mercadillos navide\u00f1os\" data-mrf-link=\"www.mujerhoy.com\">mercadillos navide\u00f1os<\/a> que ayudan a visitantes y locales a preparar el cuerpo para esta fecha tan especial. Este es el caso de <strong>Viena<\/strong>, una de las ciudades m\u00e1s bonitas y especiales de Europa cuya historia, arquitectura y esencia se funden con el esp\u00edritu navide\u00f1o que inundan sus parques y calles y se convierte en un aut\u00e9ntico escenario de cuento.<\/p>\n<p class=\"voc-paragraph\">Aunque estas fechas sean la excusa para visitar Viena, antes de adentrarte en sus mercadillos navide\u00f1os merece la pena detenerse a <strong>conocer sus museos y edificios m\u00e1s emblem\u00e1ticos<\/strong>, a trav\u00e9s de los cuales podr\u00e1s acercarte a su historia y personajes ilustres. Adem\u00e1s, es una ciudad que puede conocerse en pocos d\u00edas, aunque nuestro consejo es que, si te decides por Viena como pr\u00f3ximo destino, te reserves al menos una semana para poder disfrutar en profundidad de todo lo que tiene para ofrecerte.<\/p>\n<div class=\"v-c-cmp v-c-cmp--t1 \">\n<div class=\"v-cmp-rld v-cmp-rld--2 \">\n<div class=\"v-cnt-m v-cnt-m--m\">\n<div class=\"v-cnt-m__c\">\n<div class=\"v-cnt-m__w v-cnt-m__w--1\">\n<p class=\"v-cnt-m__t\">\nTAMBI\u00c9N TE INTERESA\n<\/p>\n<\/div>\n<\/div>\n<\/div>\n<div class=\"v-g v-g--2-c v-g--bdr-min-xs\">\n<div class=\"v-g__c \">\n<article class=\"v-a v-a--cmp-rld v-a--cmp-rld-2 v-a--p-l\">\n<div class=\"v-a-img-c\">\n<figure class=\"v-a-fig\">\n<a href=\"https:\/\/www.mujerhoy.com\/vivir\/ocio\/liubliana-capital-desconocida-bonita-eslovenia-que-ver-barato-20250710144657-nt.html#vtm_modulosEngag=mod-rel:vivir:noticia:1:cmp:2-not\" class=\"v-a-link\" title=\"La capital m\u00e1s desconocida de Europa que puedes ver en dos d\u00edas y es tan bonita como Praga\"><br \/>\n<img loading=\"lazy\" class=\"v-a-img\" src=\"http:\/\/hoycordobaweb.com\/wp-content\/uploads\/2025\/12\/la-ciudad-europea-perfecta-para-una-escapada-de-navidad-mercadillos-edificios-imperiales-y-un-hotel-de-lujo-con-historia-1.jpg\" alt=\"La capital m\u00e1s desconocida de Europa que puedes ver en dos d\u00edas y es tan bonita como Praga\"><br \/>\n<\/a><br \/>\n<\/figure>\n<\/div>\n<\/article>\n<\/div>\n<div class=\"v-g__c \">\n<article class=\"v-a v-a--cmp-rld v-a--cmp-rld-2 v-a--p-l\">\n<div class=\"v-a-img-c\">\n<figure class=\"v-a-fig\">\n<a href=\"https:\/\/www.mujerhoy.com\/vivir\/ocio\/refugio-secreto-vacaciones-kate-middleton-mejor-playa-europa-barafundle-bay-20250812124045-nt.html#vtm_modulosEngag=mod-rel:vivir:noticia:2:cmp:2-not\" class=\"v-a-link\" title=\"La mejor playa de Europa no est\u00e1 en el Mediterr\u00e1neo: una preciosa cala secreta que podr\u00eda ser el refugio de Kate Middleton\"><br \/>\n<img loading=\"lazy\" class=\"v-a-img\" src=\"http:\/\/hoycordobaweb.com\/wp-content\/uploads\/2025\/12\/la-ciudad-europea-perfecta-para-una-escapada-de-navidad-mercadillos-edificios-imperiales-y-un-hotel-de-lujo-con-historia-2.jpg\" alt=\"La mejor playa de Europa no est\u00e1 en el Mediterr\u00e1neo: una preciosa cala secreta que podr\u00eda ser el refugio de Kate Middleton\"><br \/>\n<\/a><br \/>\n<\/figure>\n<\/div>\n<\/article>\n<\/div>\n<\/div>\n<\/div>\n<\/div>\n<p class=\"voc-paragraph\">Uno de las mejores formas de conocer la historia y la arquitectura representativa de Viena es pasear por <strong>la Ringstrasse<\/strong>, una calle de 5,3 kil\u00f3metros donde se ubican algunos de los edificios m\u00e1s imponentes de la ciudad. Esta calle fue mandada a construir por el emperador Francisco Jos\u00e9, marido de Isabel de Babiera, m\u00e1s conocida como Sissi Emperatriz, a finales del siglo XIX. Los mejores arquitectos de la \u00e9poca estuvieron al frente de lo que hoy son los emblemas de la capital austr\u00edaca, llenando esta calle de elegancia y masjestuosidad encarnada en estilos rescatados como el barroco, el g\u00f3tico o el renacimiento.<\/p>\n<div class=\"v-c-cmp v-c-cmp--s\">\n<div class=\"v-cmp-m \">\n<article class=\"v-a v-a--cmp-m v-c-cmp--m-z\">\n<div class=\"v-a-img-c \">\n<div class=\"v-a-fig\">\n<button class=\"v-a-link\" popovertarget=\"photo-582\"><br \/>\n<img loading=\"lazy\" src=\"http:\/\/hoycordobaweb.com\/wp-content\/uploads\/2025\/12\/la-ciudad-europea-perfecta-para-una-escapada-de-navidad-mercadillos-edificios-imperiales-y-un-hotel-de-lujo-con-historia-3.jpg\" class=\"v-a-img\" width=\"650\" height=\"650\" alt=\"\u00d3pera de Viena\" data-voc-vtm-id=\"in-text-traffic\"> <\/button><figcaption class=\"v-fc\">\n<span class=\"v-fc__t\"><br \/>\n\u00d3pera de Viena<br \/>\n<\/span><br \/>\n<span class=\"v-fc__p\"><br \/>\nUNSPLASH<br \/>\n<\/span><br \/>\n<\/figcaption><\/div>\n<\/div>\n<div id=\"photo-582\" popover class=\"v-mdl v-mdl--fw\">\n<button class=\"v-x\" popovertarget=\"photo-582\" popovertargetaction=\"hide\"><br \/>\n<span class=\"v-i\"><br \/>\n<svg width=\"24\" height=\"23.996\" viewBox=\"0 0 24 23.996\">\n<path data-name=\"Uni\u00f3n 29\" d=\"M12,14.03,2.031,24,0,21.963,9.968,12,0,2.033,2.031,0,12,9.966,21.969,0,24,2.033,14.032,12,24,21.963,21.969,24Z\" \/>\n<\/svg><br \/>\n<\/span><br \/>\n<\/button><\/p>\n<div class=\"v-mdl__c\">\n<div class=\"v-mdl__w\">\n<img loading=\"lazy\" src=\"http:\/\/hoycordobaweb.com\/wp-content\/uploads\/2025\/12\/la-ciudad-europea-perfecta-para-una-escapada-de-navidad-mercadillos-edificios-imperiales-y-un-hotel-de-lujo-con-historia-3.jpg\" class=\"v-mdl__img-z\" width=\"650\" height=\"650\" alt>\n<\/div>\n<\/div>\n<\/div>\n<p><span class=\"v-bdp\"><\/span><br \/>\n<\/article>\n<\/div>\n<\/div>\n<p class=\"voc-paragraph\">Uno de los puntos m\u00e1s destacados de la Ringstrasse es <strong>la \u00d3pera Nacional de Viena<\/strong>, construida en estilo neorrenacentista y erigi\u00e9ndose como una de las grandes construcciones del bulevar. M\u00e1s all\u00e1 de su valor arquitect\u00f3nico, este edificio encarna a la perfecci\u00f3n el v\u00ednculo de Viena con la m\u00fasica (esta ciudad guarda un estrecho v\u00ednculo con artistas de la talla de Mozart) y es considerada uno de los lugares con mayor calidad de espect\u00e1culos del mundo, de ah\u00ed que uno de los grandes atractivos tur\u00edsticos de la ciudad sea entrar en la \u00d3pera no solo para conocer su interior, tambi\u00e9n para disfrutar de las representaciones que tienen lugar en ella.<\/p>\n<p class=\"voc-paragraph\">Frente a la \u00d3pera Nacional se encuentra <strong>el Albertina<\/strong>, un museo con una de las mejores colecciones gr\u00e1ficas entre las que se pueden encontrar obras de Durero, Klimt, Renoir, Monet o Picasso, entre muchos otros. Este museo se construy\u00f3 sobre los restos de la antigua muralla de Viena y su interior translada al visitante a la \u00e9poca de los Habsburgo gracias a la decoraci\u00f3n de sus salones reales por los que un d\u00eda pasearon personajes de la talla de la archiduquesa Mar\u00eda Crisitna.<\/p>\n<div class=\"v-c-cmp v-c-cmp--s\">\n<div class=\"v-cmp-m \">\n<article class=\"v-a v-a--cmp-m v-c-cmp--m-z\">\n<div class=\"v-a-img-c \">\n<div class=\"v-a-fig\">\n<button class=\"v-a-link\" popovertarget=\"photo-395\"><br \/>\n<img loading=\"lazy\" src=\"http:\/\/hoycordobaweb.com\/wp-content\/uploads\/2025\/12\/la-ciudad-europea-perfecta-para-una-escapada-de-navidad-mercadillos-edificios-imperiales-y-un-hotel-de-lujo-con-historia-4.jpg\" class=\"v-a-img\" width=\"650\" height=\"650\" alt=\"Parlamento de Viena\" data-voc-vtm-id=\"in-text-traffic\"> <\/button><figcaption class=\"v-fc\">\n<span class=\"v-fc__t\"><br \/>\nParlamento de Viena<br \/>\n<\/span><br \/>\n<span class=\"v-fc__p\"><br \/>\nUNSPLASH<br \/>\n<\/span><br \/>\n<\/figcaption><\/div>\n<\/div>\n<div id=\"photo-395\" popover class=\"v-mdl v-mdl--fw\">\n<button class=\"v-x\" popovertarget=\"photo-395\" popovertargetaction=\"hide\"><br \/>\n<span class=\"v-i\"><br \/>\n<svg width=\"24\" height=\"23.996\" viewBox=\"0 0 24 23.996\">\n<path data-name=\"Uni\u00f3n 29\" d=\"M12,14.03,2.031,24,0,21.963,9.968,12,0,2.033,2.031,0,12,9.966,21.969,0,24,2.033,14.032,12,24,21.963,21.969,24Z\" \/>\n<\/svg><br \/>\n<\/span><br \/>\n<\/button><\/p>\n<div class=\"v-mdl__c\">\n<div class=\"v-mdl__w\">\n<img loading=\"lazy\" src=\"http:\/\/hoycordobaweb.com\/wp-content\/uploads\/2025\/12\/la-ciudad-europea-perfecta-para-una-escapada-de-navidad-mercadillos-edificios-imperiales-y-un-hotel-de-lujo-con-historia-4.jpg\" class=\"v-mdl__img-z\" width=\"650\" height=\"650\" alt>\n<\/div>\n<\/div>\n<\/div>\n<p><span class=\"v-bdp\"><\/span><br \/>\n<\/article>\n<\/div>\n<\/div>\n<p class=\"voc-paragraph\">En la Ringstrasse se encuentran tambi\u00e9n el <strong>Museo de Historia Natural<\/strong> y el <strong>Museo de Historia del Arte<\/strong>, dos hitos culturales construidos en estilo neorrenacentista que son el reclamo de miles de turistas. El primero destaca por albergar una de las colecciones m\u00e1s curiosas de los Habsburgo que comprende desde piedras preciosas hasta animales disecados ya extinguidos, pasando por restos arqueol\u00f3gicos de la importancia de la Venus de Willendorf. El segundo, por su parte, tambi\u00e9n acoge otra riqu\u00edsima colecci\u00f3n de la dinast\u00eda, esta vez formada por obras de arte desde la Antig\u00fcedad al Barroco tard\u00edo que se guardan en un interior que es otra obra de arte en s\u00ed.<\/p>\n<p class=\"voc-paragraph\">La Ringstrasse tambi\u00e9n fue testimonio de los avances democr\u00e1ticos de la sociedad de la \u00e9poca que quedan representados en edificios como <strong>la Universidad, el Ayuntamiento o el Parlamento<\/strong>. Este \u00faltimo es obra del arquitecto Theophil Edvard von Hansen, que se inspir\u00f3 en la antigua Grecia &#8211; lugar con el que guardaba un v\u00ednculo especial y cuna de la democracia &#8211; para construir la que hoy es una de las paradas obligatorias de la ciudad, con las diosas Nik\u00e9 y Palas Atenea presidiendo la obra.<\/p>\n<div class=\"v-c-cmp v-c-cmp--s\">\n<div class=\"v-cmp-m \">\n<article class=\"v-a v-a--cmp-m v-c-cmp--m-z\">\n<div class=\"v-a-img-c \">\n<div class=\"v-a-fig\">\n<button class=\"v-a-link\" popovertarget=\"photo-713\"><br \/>\n<img loading=\"lazy\" src=\"http:\/\/hoycordobaweb.com\/wp-content\/uploads\/2025\/12\/la-ciudad-europea-perfecta-para-una-escapada-de-navidad-mercadillos-edificios-imperiales-y-un-hotel-de-lujo-con-historia-5.jpg\" class=\"v-a-img\" width=\"650\" height=\"650\" alt=\"Fachada del Anantara Palais Hansen Vienna\" data-voc-vtm-id=\"in-text-traffic\"> <\/button><figcaption class=\"v-fc\">\n<span class=\"v-fc__t\"><br \/>\nFachada del Anantara Palais Hansen Vienna<br \/>\n<\/span><br \/>\n<span class=\"v-fc__p\"><br \/>\nAnantara Palais Hansen Vienna<br \/>\n<\/span><br \/>\n<\/figcaption><\/div>\n<\/div>\n<div id=\"photo-713\" popover class=\"v-mdl v-mdl--fw\">\n<button class=\"v-x\" popovertarget=\"photo-713\" popovertargetaction=\"hide\"><br \/>\n<span class=\"v-i\"><br \/>\n<svg width=\"24\" height=\"23.996\" viewBox=\"0 0 24 23.996\">\n<path data-name=\"Uni\u00f3n 29\" d=\"M12,14.03,2.031,24,0,21.963,9.968,12,0,2.033,2.031,0,12,9.966,21.969,0,24,2.033,14.032,12,24,21.963,21.969,24Z\" \/>\n<\/svg><br \/>\n<\/span><br \/>\n<\/button><\/p>\n<div class=\"v-mdl__c\">\n<div class=\"v-mdl__w\">\n<img loading=\"lazy\" src=\"http:\/\/hoycordobaweb.com\/wp-content\/uploads\/2025\/12\/la-ciudad-europea-perfecta-para-una-escapada-de-navidad-mercadillos-edificios-imperiales-y-un-hotel-de-lujo-con-historia-5.jpg\" class=\"v-mdl__img-z\" width=\"650\" height=\"650\" alt>\n<\/div>\n<\/div>\n<\/div>\n<p><span class=\"v-bdp\"><\/span><br \/>\n<\/article>\n<\/div>\n<\/div>\n<p><h3 class=\"v-cmp-suh\">\nDormir en edificios hist\u00f3ricos en Viena<br \/>\n<\/h3>\n<\/p>\n<p class=\"voc-paragraph\">La historia y la tradici\u00f3n de Viena sigue viva en la forma en la que han sabido actualizar algunos de sus edificios m\u00e1s importantes. En la misma Ringstrasse se encuentra otra de las obras de Theophil Edvard von Hansen que mejor lo ejemplifica: el <strong>Anantara Palais Hansen Vienna<\/strong>, un hotel de cinco estrellas que desprende majestuosidad en todas sus estancias y que ha sabido combinar a la perfecci\u00f3n la esencia neocl\u00e1sica del edificio original (presente en elementos como las columnas de inspiraci\u00f3n griega que se conservan desde el siglo XIX) con un concepto innovador pensado para que el visitante goce de una experiencia de lujo, buena acogida gracias al excelente trato de su personal y relax que enriquecer\u00e1 notablemente la escapada.<\/p>\n<p class=\"voc-paragraph\">Recientemente renovado, este hotel de 152 habitaciones y suites donde la modernidad y la elegancia imperial conviven a la perfecci\u00f3n cuenta tambi\u00e9n con una fuerte influencia tailandesa que se manifiesta especialmente en <strong>su spa<\/strong>. Aqu\u00ed podr\u00e1s disfrutar de piscina con hidromasaje, sauna o sala de bienestar, adem\u00e1s de masajes y tratamientos enfocados a la recuperaci\u00f3n y relajaci\u00f3n perfecto para hacer una pausa en tu visita o poner el broche de oro a un intenso d\u00eda de turismo.<\/p>\n<p class=\"voc-paragraph\">Pero este edificio de Theophil Edvard von Hansen no solo presume de localizaciones preciosas (que, adem\u00e1s, brillan con luz propia en Navidad) o de uno de los centros wellness m\u00e1s impresionantes de la ciudad. En \u00e9l se encuentra tambi\u00e9n <strong>Edvard<\/strong>, un restaurante de alta cocina que cuenta con una Estrella Michelin y en el que se funde la tradici\u00f3n austr\u00edaca en sus productos y vinos locales con las t\u00e9cnicas culinarias m\u00e1s innovadoras, dando como resultado una cena que es un aut\u00e9ntico espect\u00e1culo y que te permitir\u00e1 conocer Viena tambi\u00e9n desde el paladar.<\/p>\n<div class=\"v-c-cmp v-c-cmp--s\">\n<div class=\"v-cmp-m \">\n<article class=\"v-a v-a--cmp-m v-c-cmp--m-z\">\n<div class=\"v-a-img-c \">\n<div class=\"v-a-fig\">\n<button class=\"v-a-link\" popovertarget=\"photo-542\"><br \/>\n<img loading=\"lazy\" src=\"http:\/\/hoycordobaweb.com\/wp-content\/uploads\/2025\/12\/la-ciudad-europea-perfecta-para-una-escapada-de-navidad-mercadillos-edificios-imperiales-y-un-hotel-de-lujo-con-historia-6.jpg\" class=\"v-a-img\" width=\"650\" height=\"650\" alt=\"Catedral de San Esteban, Viena\" data-voc-vtm-id=\"in-text-traffic\"> <\/button><figcaption class=\"v-fc\">\n<span class=\"v-fc__t\"><br \/>\nCatedral de San Esteban, Viena<br \/>\n<\/span><br \/>\n<span class=\"v-fc__p\"><br \/>\nUNSPLASH<br \/>\n<\/span><br \/>\n<\/figcaption><\/div>\n<\/div>\n<div id=\"photo-542\" popover class=\"v-mdl v-mdl--fw\">\n<button class=\"v-x\" popovertarget=\"photo-542\" popovertargetaction=\"hide\"><br \/>\n<span class=\"v-i\"><br \/>\n<svg width=\"24\" height=\"23.996\" viewBox=\"0 0 24 23.996\">\n<path data-name=\"Uni\u00f3n 29\" d=\"M12,14.03,2.031,24,0,21.963,9.968,12,0,2.033,2.031,0,12,9.966,21.969,0,24,2.033,14.032,12,24,21.963,21.969,24Z\" \/>\n<\/svg><br \/>\n<\/span><br \/>\n<\/button><\/p>\n<div class=\"v-mdl__c\">\n<div class=\"v-mdl__w\">\n<img loading=\"lazy\" src=\"http:\/\/hoycordobaweb.com\/wp-content\/uploads\/2025\/12\/la-ciudad-europea-perfecta-para-una-escapada-de-navidad-mercadillos-edificios-imperiales-y-un-hotel-de-lujo-con-historia-6.jpg\" class=\"v-mdl__img-z\" width=\"650\" height=\"650\" alt>\n<\/div>\n<\/div>\n<\/div>\n<p><span class=\"v-bdp\"><\/span><br \/>\n<\/article>\n<\/div>\n<\/div>\n<p><h3 class=\"v-cmp-suh\">\nLa arquitectura religiosa de Viena<br \/>\n<\/h3>\n<\/p>\n<p class=\"voc-paragraph\">No te puedes ir de Viena sin visitar sus edificios religiosos m\u00e1s populares, empezando por <strong>la Catedral de San Esteban<\/strong>, uno de sus principales emblemas. Es el edificio g\u00f3tico m\u00e1s importante de Austria y el incio de su historia se remonta al siglo XII, aunque tambi\u00e9n es un signo de triunfo y resiliencia gracias a su reconstrucci\u00f3n tras la Segunda Guerra Mundial. Su interior, de estilo barroco, atrae a multitudes de visitantes para admirar la obra de arte que alberga, y su torre de 136 metros lidera la silueta de la ciudad.<\/p>\n<p class=\"voc-paragraph\">Otra de sus iglesias m\u00e1s bonitas es la de <strong>San Carlos<\/strong>, que destaca por su impresionante c\u00fapula verde que sobresale entre calles compuestas por edificios tradicionales que parecen sacadas de un cuento de hadas. Es una obra barroca dedicada a San Carlo Borromeo, patr\u00f3n de la familia Habsburgo, y su exterior admira tanto como su interior, donde el protagonismo recae sobre los frescos que decoran la c\u00fapula.<\/p>\n<p class=\"voc-paragraph\">M\u00e1s modesta pero igual de impresionante es la iglesia de los Capuchinos, bajo la cual se encuentra la <strong>Cripta Imperial<\/strong>. En ella se encuentran los f\u00e9retros de muchos de los Habsburgo m\u00e1s populares, entre los que destacan el monumental sarc\u00f3fago doble de Mar\u00eda Teresa y su marido, el emperador Francisco I Esteban de Lorena, o el de Sissi Emperatriz, que sorprende por los recuerdos y regalos depositados a sus pies que siguen dando fe de la importancia de este personaje.<\/p>\n<div class=\"v-c-cmp v-c-cmp--s\">\n<div class=\"v-cmp-m \">\n<article class=\"v-a v-a--cmp-m v-c-cmp--m-z\">\n<div class=\"v-a-img-c \">\n<div class=\"v-a-fig\">\n<button class=\"v-a-link\" popovertarget=\"photo-720\"><br \/>\n<img loading=\"lazy\" src=\"http:\/\/hoycordobaweb.com\/wp-content\/uploads\/2025\/12\/la-ciudad-europea-perfecta-para-una-escapada-de-navidad-mercadillos-edificios-imperiales-y-un-hotel-de-lujo-con-historia-7.jpg\" class=\"v-a-img\" width=\"650\" height=\"650\" alt=\"Christkindlmarkt Rathausplatz de Viena\" data-voc-vtm-id=\"in-text-traffic\"> <\/button><figcaption class=\"v-fc\">\n<span class=\"v-fc__t\"><br \/>\nChristkindlmarkt Rathausplatz de Viena<br \/>\n<\/span><br \/>\n<span class=\"v-fc__p\"><br \/>\nMujerhoy<br \/>\n<\/span><br \/>\n<\/figcaption><\/div>\n<\/div>\n<div id=\"photo-720\" popover class=\"v-mdl v-mdl--fw\">\n<button class=\"v-x\" popovertarget=\"photo-720\" popovertargetaction=\"hide\"><br \/>\n<span class=\"v-i\"><br \/>\n<svg width=\"24\" height=\"23.996\" viewBox=\"0 0 24 23.996\">\n<path data-name=\"Uni\u00f3n 29\" d=\"M12,14.03,2.031,24,0,21.963,9.968,12,0,2.033,2.031,0,12,9.966,21.969,0,24,2.033,14.032,12,24,21.963,21.969,24Z\" \/>\n<\/svg><br \/>\n<\/span><br \/>\n<\/button><\/p>\n<div class=\"v-mdl__c\">\n<div class=\"v-mdl__w\">\n<img loading=\"lazy\" src=\"http:\/\/hoycordobaweb.com\/wp-content\/uploads\/2025\/12\/la-ciudad-europea-perfecta-para-una-escapada-de-navidad-mercadillos-edificios-imperiales-y-un-hotel-de-lujo-con-historia-7.jpg\" class=\"v-mdl__img-z\" width=\"650\" height=\"650\" alt>\n<\/div>\n<\/div>\n<\/div>\n<p><span class=\"v-bdp\"><\/span><br \/>\n<\/article>\n<\/div>\n<\/div>\n<p><h3 class=\"v-cmp-suh\">\nLos mejores mercadillos navide\u00f1os de Viena<br \/>\n<\/h3>\n<\/p>\n<p class=\"voc-paragraph\">Todo lo que te hemos contado ya supone un motivo de peso para que te decantes por Viena para tu pr\u00f3xima escapada invernal, pero para hacerte a\u00fan m\u00e1s sencilla la decisi\u00f3n, te presentamos sus mercadillos navide\u00f1os. Uno de los m\u00e1s impresionantes es el <strong>Christkindlmarkt Rathausplatz<\/strong>, el mercadillo ubicado en el Parque de la Ciudad, frente a su imponente Ayuntamiento, que se convierte en un espect\u00e1culo de luces y villancicos digno de ver. Los puestos de artesan\u00eda y comida tradicional conviven con una curiosa exposici\u00f3n de Belenes dentro de farolillos o con atracciones como el tiovivo o la noria, un enclave \u00fanico que, desde luego, te har\u00e1 sentir como un ni\u00f1o inmerso en un cuento de Navidad.<\/p>\n<p class=\"voc-paragraph\">Si visitas Viena antes del 23 de diciembre merece la pena acercarse a conocer su <strong>Weihnachtsmarkt<\/strong>, el mercado navide\u00f1o situado frente al Palacio de Hofburg en pleno centro de la ciudad. Es el lugar perfecto para degustar las recetas navide\u00f1as tradicionales y hacerte con los souvenirs que lleven un trocito de la Navidad austr\u00edaca a tu casa. El favorito de los locales es el Altwiener Christkindlmarkt, que hace honor a la tradici\u00f3n y a la riqueza cultural de Viena y que es uno de los planes de Adviento m\u00e1s divertidos para hacer en tu visita.<\/p>\n","protected":false},"excerpt":{"rendered":"<p>La Navidad est\u00e1 a la vuelta de la esquina y las ciudades m\u00e1s bellas del mundo se preparan para recibirla con su cl\u00e1sico despliegue de luces, villancicos y mercadillos navide\u00f1os que ayudan a visitantes y locales a preparar el cuerpo para esta fecha tan especial. Este es el caso de Viena, una de las ciudades [&hellip;]<\/p>\n","protected":false},"author":1,"featured_media":124387,"comment_status":"closed","ping_status":"closed","sticky":false,"template":"","format":"standard","meta":[],"categories":[],"tags":[],"_links":{"self":[{"href":"http:\/\/hoycordobaweb.com\/index.php\/wp-json\/wp\/v2\/posts\/124386"}],"collection":[{"href":"http:\/\/hoycordobaweb.com\/index.php\/wp-json\/wp\/v2\/posts"}],"about":[{"href":"http:\/\/hoycordobaweb.com\/index.php\/wp-json\/wp\/v2\/types\/post"}],"author":[{"embeddable":true,"href":"http:\/\/hoycordobaweb.com\/index.php\/wp-json\/wp\/v2\/users\/1"}],"replies":[{"embeddable":true,"href":"http:\/\/hoycordobaweb.com\/index.php\/wp-json\/wp\/v2\/comments?post=124386"}],"version-history":[{"count":0,"href":"http:\/\/hoycordobaweb.com\/index.php\/wp-json\/wp\/v2\/posts\/124386\/revisions"}],"wp:featuredmedia":[{"embeddable":true,"href":"http:\/\/hoycordobaweb.com\/index.php\/wp-json\/wp\/v2\/media\/124387"}],"wp:attachment":[{"href":"http:\/\/hoycordobaweb.com\/index.php\/wp-json\/wp\/v2\/media?parent=124386"}],"wp:term":[{"taxonomy":"category","embeddable":true,"href":"http:\/\/hoycordobaweb.com\/index.php\/wp-json\/wp\/v2\/categories?post=124386"},{"taxonomy":"post_tag","embeddable":true,"href":"http:\/\/hoycordobaweb.com\/index.php\/wp-json\/wp\/v2\/tags?post=124386"}],"curies":[{"name":"wp","href":"https:\/\/api.w.org\/{rel}","templated":true}]}}