{"id":124384,"date":"2025-12-04T12:35:54","date_gmt":"2025-12-04T12:35:54","guid":{"rendered":"https:\/\/www.mujerhoy.com\/moda\/no-te-pierdas\/broches-accesorio-usaban-abuelas-elevaran-tus-looks-parfois-zara-20251204225153-nt.html"},"modified":"2025-12-04T12:35:54","modified_gmt":"2025-12-04T12:35:54","slug":"los-broches-que-usaban-nuestras-abuelas-son-el-accesorio-estrella-que-elevara-tus-looks-de-navidad","status":"publish","type":"post","link":"http:\/\/hoycordobaweb.com\/index.php\/2025\/12\/04\/los-broches-que-usaban-nuestras-abuelas-son-el-accesorio-estrella-que-elevara-tus-looks-de-navidad\/","title":{"rendered":"Los broches que usaban nuestras abuelas son el accesorio estrella que elevar\u00e1 tus looks de Navidad"},"content":{"rendered":"<p><!-- AUTHOR --><\/p>\n<div class=\"voc-author-timesocial \">\n<!-- AUTHOR --><\/p>\n<div class=\"voc-author-timesocial__signature \">\n<!-- IMAGE AUTHOR -->\n<picture class=\"voc-image-signature\">\n<img class=\"voc-image-signature__img\" src=\"http:\/\/hoycordobaweb.com\/wp-content\/uploads\/2025\/12\/los-broches-que-usaban-nuestras-abuelas-son-el-accesorio-estrella-que-elevara-tus-looks-de-navidad.jpg\" alt=\"Carla Dom\u00ednguez\">\n<\/picture>\n<!-- INFO AUTHOR --> <\/div><\/div>\n<p><!-- COMPONENTS --><\/p>\n<p class=\"voc-paragraph\">Hay accesorios que vuelven sin hacer ruido, casi como un gui\u00f1o generacional. Los broches se han convertido en uno de <strong>los detalles m\u00e1s sofisticados de estas fiestas.<\/strong> Despu\u00e9s de temporadas dominadas por el minimalismo, la joyer\u00eda maximalista y con historia vuelve a reclamar protagonismo. Y no hay nada m\u00e1s personal que <a href=\"https:\/\/www.mujerhoy.com\/moda\/no-te-pierdas\/broche-accesorio-como-ponerlo-looks-otono-20250928195122-nt.html\" data-voc-vtm-id=\"in-text-traffic\" title=\"un broche\" data-mrf-link=\"www.mujerhoy.com\">un broche<\/a> bien colocado.<\/p>\n<p class=\"voc-paragraph\">Las firmas de moda y las insiders lo han confirmado: estamos ante el regreso definitivo de <strong>estos adornos que combinan nostalgia,<\/strong> brillo y un punto couture imposible de replicar con otros complementos. La clave est\u00e1 en c\u00f3mo llevarlos ahora y qu\u00e9 dise\u00f1os elegir para que parezcan actuales, no de disfraz.<\/p>\n<div class=\"v-c-cmp v-c-cmp--t1 \">\n<div class=\"v-cmp-rld v-cmp-rld--2 \">\n<div class=\"v-cnt-m v-cnt-m--m\">\n<div class=\"v-cnt-m__c\">\n<div class=\"v-cnt-m__w v-cnt-m__w--1\">\n<p class=\"v-cnt-m__t\">\nTAMBI\u00c9N TE INTERESA\n<\/p>\n<\/div>\n<\/div>\n<\/div>\n<div class=\"v-g v-g--2-c v-g--bdr-min-xs\">\n<div class=\"v-g__c \">\n<article class=\"v-a v-a--cmp-rld v-a--cmp-rld-2 v-a--p-l\">\n<div class=\"v-a-img-c\">\n<figure class=\"v-a-fig\">\n<a href=\"https:\/\/www.mujerhoy.com\/moda\/no-te-pierdas\/zara-special-prices-descuentos-abrigos-jerseis-20251202173848-nt.html#vtm_modulosEngag=mod-rel:moda:noticia:1:cmp:2-not\" class=\"v-a-link\" title=\"Qu\u00e9 puedes comprar ahora con descuento en Zara si no fuiste al Black Friday\"><br \/>\n<img loading=\"lazy\" class=\"v-a-img\" src=\"http:\/\/hoycordobaweb.com\/wp-content\/uploads\/2025\/12\/los-broches-que-usaban-nuestras-abuelas-son-el-accesorio-estrella-que-elevara-tus-looks-de-navidad-1.jpg\" alt=\"Qu\u00e9 puedes comprar ahora con descuento en Zara si no fuiste al Black Friday\"><br \/>\n<\/a><br \/>\n<\/figure>\n<\/div>\n<\/article>\n<\/div>\n<div class=\"v-g__c \">\n<article class=\"v-a v-a--cmp-rld v-a--cmp-rld-2 v-a--p-l\">\n<div class=\"v-a-img-c\">\n<figure class=\"v-a-fig\">\n<a href=\"https:\/\/www.mujerhoy.com\/moda\/no-te-pierdas\/seis-joyas-finas-elegantes-perfectas-regalar-navidad-pandora-20251202140108-nt.html#vtm_modulosEngag=mod-rel:moda:noticia:2:cmp:2-not\" class=\"v-a-link\" title=\"Seis joyas finas y elegantes perfectas para regalar esta Navidad\"><br \/>\n<img loading=\"lazy\" class=\"v-a-img\" src=\"http:\/\/hoycordobaweb.com\/wp-content\/uploads\/2025\/12\/los-broches-que-usaban-nuestras-abuelas-son-el-accesorio-estrella-que-elevara-tus-looks-de-navidad-2.jpg\" alt=\"Seis joyas finas y elegantes perfectas para regalar esta Navidad\"><br \/>\n<\/a><br \/>\n<\/figure>\n<\/div>\n<\/article>\n<\/div>\n<\/div>\n<\/div>\n<\/div>\n<p><h3 class=\"v-cmp-suh\">\nPor qu\u00e9 vuelven los broches regresan con fuerza<br \/>\n<\/h3>\n<\/p>\n<p class=\"voc-paragraph\">En un momento en el que buscamos prendas vers\u00e1tiles y accesorios capaces de transformar un look en segundos, <strong>el broche se convierte en un aliado infalible.<\/strong> Eleva un abrigo sencillo, convierte una americana b\u00e1sica en algo especial y puede darle un toque festivo a un vestido liso sin necesidad de comprar nada m\u00e1s. Adem\u00e1s, ocupa poco espacio, se hereda, se colecciona y tiene ese halo sentimental que tanto valoramos hoy.<\/p>\n<p class=\"voc-paragraph\">La <strong>nueva generaci\u00f3n de broches<\/strong> no se limita a la cl\u00e1sica solapa. Las prescriptoras de estilo los llevan mezclando tama\u00f1os y formas, creando un punto focal o en la parte alta del abrigo para un efecto m\u00e1s escult\u00f3rico. Si tu abrigo es muy grueso y <strong>te da miedo estropear el tejido<\/strong>, coloca el broche sobre una solapa interior, en una bufanda de lana fina o incluso sobre un cintur\u00f3n. Queda igual de elegante y proteges la prenda.<\/p>\n<p class=\"voc-paragraph\">Para estas fiestas funcionan especialmente bien <strong>los broches florales<\/strong>, con detalle de pedrer\u00eda, algunos motivos vintage o dise\u00f1os modernos geom\u00e9tricos para un look m\u00e1s depurado y actual. Si quieres lucir estos broches en invierno, te ense\u00f1amos algunos de nuestros favoritos.<\/p>\n<p><h3 class=\"v-cmp-suh\">\nNuestros broches favoritos para el invierno<br \/>\n<\/h3>\n<\/p>\n<div class=\"v-c-cmp v-c-cmp--s\">\n<div class=\"v-cmp-m \">\n<article class=\"v-a v-a--cmp-m v-c-cmp--m-z\">\n<div class=\"v-a-img-c \">\n<div class=\"v-a-fig\">\n<button class=\"v-a-link\" popovertarget=\"photo-52\"><br \/>\n<img loading=\"lazy\" src=\"http:\/\/hoycordobaweb.com\/wp-content\/uploads\/2025\/12\/los-broches-que-usaban-nuestras-abuelas-son-el-accesorio-estrella-que-elevara-tus-looks-de-navidad-3.jpg\" class=\"v-a-img\" width=\"650\" height=\"650\" alt=\"Broche con forma de hoja de Parfois.\" data-voc-vtm-id=\"in-text-traffic\"> <\/button><figcaption class=\"v-fc\">\n<span class=\"v-fc__t\"><br \/>\nBroche con forma de hoja de Parfois.<br \/>\n<\/span><br \/>\n<span class=\"v-fc__p\"><br \/>\nParfois<br \/>\n<\/span><br \/>\n<\/figcaption><\/div>\n<\/div>\n<div id=\"photo-52\" popover class=\"v-mdl v-mdl--fw\">\n<button class=\"v-x\" popovertarget=\"photo-52\" popovertargetaction=\"hide\"><br \/>\n<span class=\"v-i\"><br \/>\n<svg width=\"24\" height=\"23.996\" viewBox=\"0 0 24 23.996\">\n<path data-name=\"Uni\u00f3n 29\" d=\"M12,14.03,2.031,24,0,21.963,9.968,12,0,2.033,2.031,0,12,9.966,21.969,0,24,2.033,14.032,12,24,21.963,21.969,24Z\" \/>\n<\/svg><br \/>\n<\/span><br \/>\n<\/button><\/p>\n<div class=\"v-mdl__c\">\n<div class=\"v-mdl__w\">\n<img loading=\"lazy\" src=\"http:\/\/hoycordobaweb.com\/wp-content\/uploads\/2025\/12\/los-broches-que-usaban-nuestras-abuelas-son-el-accesorio-estrella-que-elevara-tus-looks-de-navidad-3.jpg\" class=\"v-mdl__img-z\" width=\"650\" height=\"650\" alt>\n<\/div>\n<\/div>\n<\/div>\n<p><span class=\"v-bdp\"><\/span><br \/>\n<\/article>\n<\/div>\n<\/div>\n<p><h3 class=\"v-cmp-suh\">\nBroche con forma de hoja de Parfois<br \/>\n<\/h3>\n<\/p>\n<p class=\"voc-paragraph\">La firma portuguesa cuenta con una amplia selecci\u00f3n de broches para el invierno. Uno de ellos es este con forma de hoja en color dorado. Se trata de un brohce muy elegante y perfecto para a\u00f1adir en tus pa\u00f1uelos o jers\u00e9is de punto favoritos. Precio: 6,99 euros.<\/p>\n<div class=\"v-c-cmp v-c-cmp--s\">\n<div class=\"v-cmp-m \">\n<article class=\"v-a v-a--cmp-m v-c-cmp--m-z\">\n<div class=\"v-a-img-c \">\n<div class=\"v-a-fig\">\n<button class=\"v-a-link\" popovertarget=\"photo-365\"><br \/>\n<img loading=\"lazy\" src=\"http:\/\/hoycordobaweb.com\/wp-content\/uploads\/2025\/12\/los-broches-que-usaban-nuestras-abuelas-son-el-accesorio-estrella-que-elevara-tus-looks-de-navidad-4.jpg\" class=\"v-a-img\" width=\"650\" height=\"650\" alt=\"Broche con forma de flor de Zara.\" data-voc-vtm-id=\"in-text-traffic\"> <\/button><figcaption class=\"v-fc\">\n<span class=\"v-fc__t\"><br \/>\nBroche con forma de flor de Zara.<br \/>\n<\/span><br \/>\n<span class=\"v-fc__p\"><br \/>\nzara<br \/>\n<\/span><br \/>\n<\/figcaption><\/div>\n<\/div>\n<div id=\"photo-365\" popover class=\"v-mdl v-mdl--fw\">\n<button class=\"v-x\" popovertarget=\"photo-365\" popovertargetaction=\"hide\"><br \/>\n<span class=\"v-i\"><br \/>\n<svg width=\"24\" height=\"23.996\" viewBox=\"0 0 24 23.996\">\n<path data-name=\"Uni\u00f3n 29\" d=\"M12,14.03,2.031,24,0,21.963,9.968,12,0,2.033,2.031,0,12,9.966,21.969,0,24,2.033,14.032,12,24,21.963,21.969,24Z\" \/>\n<\/svg><br \/>\n<\/span><br \/>\n<\/button><\/p>\n<div class=\"v-mdl__c\">\n<div class=\"v-mdl__w\">\n<img loading=\"lazy\" src=\"http:\/\/hoycordobaweb.com\/wp-content\/uploads\/2025\/12\/los-broches-que-usaban-nuestras-abuelas-son-el-accesorio-estrella-que-elevara-tus-looks-de-navidad-4.jpg\" class=\"v-mdl__img-z\" width=\"650\" height=\"650\" alt>\n<\/div>\n<\/div>\n<\/div>\n<p><span class=\"v-bdp\"><\/span><br \/>\n<\/article>\n<\/div>\n<\/div>\n<p><h3 class=\"v-cmp-suh\">\nBroche con forma de flor de Zara<br \/>\n<\/h3>\n<\/p>\n<p class=\"voc-paragraph\">Si prefieres un dise\u00f1o en plateado, en Zara han creado este broche tan elegante. Es un broche con forma de flor con detalle de brillos y aguja alargada. Un broche que puedes conseguir ahora mismo en su web por 17,95 euros.<\/p>\n<div class=\"v-c-cmp v-c-cmp--s\">\n<div class=\"v-cmp-m \">\n<article class=\"v-a v-a--cmp-m v-c-cmp--m-z\">\n<div class=\"v-a-img-c \">\n<div class=\"v-a-fig\">\n<button class=\"v-a-link\" popovertarget=\"photo-970\"><br \/>\n<img loading=\"lazy\" src=\"http:\/\/hoycordobaweb.com\/wp-content\/uploads\/2025\/12\/los-broches-que-usaban-nuestras-abuelas-son-el-accesorio-estrella-que-elevara-tus-looks-de-navidad-5.jpg\" class=\"v-a-img\" width=\"650\" height=\"650\" alt=\"Broche con detalle de perla de Acus.\" data-voc-vtm-id=\"in-text-traffic\"> <\/button><figcaption class=\"v-fc\">\n<span class=\"v-fc__t\"><br \/>\nBroche con detalle de perla de Acus.<br \/>\n<\/span><br \/>\n<span class=\"v-fc__p\"><br \/>\nAcus<br \/>\n<\/span><br \/>\n<\/figcaption><\/div>\n<\/div>\n<div id=\"photo-970\" popover class=\"v-mdl v-mdl--fw\">\n<button class=\"v-x\" popovertarget=\"photo-970\" popovertargetaction=\"hide\"><br \/>\n<span class=\"v-i\"><br \/>\n<svg width=\"24\" height=\"23.996\" viewBox=\"0 0 24 23.996\">\n<path data-name=\"Uni\u00f3n 29\" d=\"M12,14.03,2.031,24,0,21.963,9.968,12,0,2.033,2.031,0,12,9.966,21.969,0,24,2.033,14.032,12,24,21.963,21.969,24Z\" \/>\n<\/svg><br \/>\n<\/span><br \/>\n<\/button><\/p>\n<div class=\"v-mdl__c\">\n<div class=\"v-mdl__w\">\n<img loading=\"lazy\" src=\"http:\/\/hoycordobaweb.com\/wp-content\/uploads\/2025\/12\/los-broches-que-usaban-nuestras-abuelas-son-el-accesorio-estrella-que-elevara-tus-looks-de-navidad-5.jpg\" class=\"v-mdl__img-z\" width=\"650\" height=\"650\" alt>\n<\/div>\n<\/div>\n<\/div>\n<p><span class=\"v-bdp\"><\/span><br \/>\n<\/article>\n<\/div>\n<\/div>\n<p><h3 class=\"v-cmp-suh\">\nBroche con detalle de perla de Acus<br \/>\n<\/h3>\n<\/p>\n<p class=\"voc-paragraph\">Es un broche de la firma Acus realizado a medida. Se trata de un broche con la figura mitol\u00f3gica Medusa, destacando una piedra en su centro. \u00abEste modelo de corte super actual es ideal para aquellos que desean romper con las l\u00edneas cl\u00e1sicas en sus looks m\u00e1s especiales de invitada o para eventos\u00bb, comentan desde la firma. Cuesta 42 euros.<\/p>\n<div class=\"v-c-cmp v-c-cmp--s\">\n<div class=\"v-cmp-m \">\n<article class=\"v-a v-a--cmp-m v-c-cmp--m-z\">\n<div class=\"v-a-img-c \">\n<div class=\"v-a-fig\">\n<button class=\"v-a-link\" popovertarget=\"photo-872\"><br \/>\n<img loading=\"lazy\" src=\"http:\/\/hoycordobaweb.com\/wp-content\/uploads\/2025\/12\/los-broches-que-usaban-nuestras-abuelas-son-el-accesorio-estrella-que-elevara-tus-looks-de-navidad-6.jpg\" class=\"v-a-img\" width=\"650\" height=\"650\" alt=\"Broche metalizado con detalle de perla de Vestiare Collective.\" data-voc-vtm-id=\"in-text-traffic\"> <\/button><figcaption class=\"v-fc\">\n<span class=\"v-fc__t\"><br \/>\nBroche metalizado con detalle de perla de Vestiare Collective.<br \/>\n<\/span><br \/>\n<span class=\"v-fc__p\"><br \/>\nVestiare Collective<br \/>\n<\/span><br \/>\n<\/figcaption><\/div>\n<\/div>\n<div id=\"photo-872\" popover class=\"v-mdl v-mdl--fw\">\n<button class=\"v-x\" popovertarget=\"photo-872\" popovertargetaction=\"hide\"><br \/>\n<span class=\"v-i\"><br \/>\n<svg width=\"24\" height=\"23.996\" viewBox=\"0 0 24 23.996\">\n<path data-name=\"Uni\u00f3n 29\" d=\"M12,14.03,2.031,24,0,21.963,9.968,12,0,2.033,2.031,0,12,9.966,21.969,0,24,2.033,14.032,12,24,21.963,21.969,24Z\" \/>\n<\/svg><br \/>\n<\/span><br \/>\n<\/button><\/p>\n<div class=\"v-mdl__c\">\n<div class=\"v-mdl__w\">\n<img loading=\"lazy\" src=\"http:\/\/hoycordobaweb.com\/wp-content\/uploads\/2025\/12\/los-broches-que-usaban-nuestras-abuelas-son-el-accesorio-estrella-que-elevara-tus-looks-de-navidad-6.jpg\" class=\"v-mdl__img-z\" width=\"650\" height=\"650\" alt>\n<\/div>\n<\/div>\n<\/div>\n<p><span class=\"v-bdp\"><\/span><br \/>\n<\/article>\n<\/div>\n<\/div>\n<p><h3 class=\"v-cmp-suh\">\nBroche metalizado con detalle de perla de Vestiare Collective<br \/>\n<\/h3>\n<\/p>\n<p class=\"voc-paragraph\">Las piezas vintage est\u00e1n llenas de historias especiales. Si buscas un detalle \u00fanico para tu joyero, te proponemos este broche de segunda mano disponible en Vestiare Collective. Un dise\u00f1o metalizado, alargado y con detalle de perla. Precio: 328 euros.<\/p>\n<div class=\"v-c-cmp v-c-cmp--t1 \">\n<div class=\"v-cmp-rld v-cmp-rld--2 \">\n<div class=\"v-cnt-m v-cnt-m--m\">\n<div class=\"v-cnt-m__c\">\n<div class=\"v-cnt-m__w v-cnt-m__w--1\">\n<p class=\"v-cnt-m__t\">\nTAMBI\u00c9N TE INTERESA\n<\/p>\n<\/div>\n<\/div>\n<\/div>\n<div class=\"v-g v-g--2-c v-g--bdr-min-xs\">\n<div class=\"v-g__c \">\n<article class=\"v-a v-a--cmp-rld v-a--cmp-rld-2 v-a--p-l\">\n<div class=\"v-a-img-c\">\n<figure class=\"v-a-fig\">\n<a href=\"https:\/\/www.mujerhoy.com\/moda\/no-te-pierdas\/renovar-joyero-piezas-descuento-black-friday-anillos-pendientes-20251127141850-nt.html#vtm_modulosEngag=mod-rel:moda:noticia:1:cmp:2-not\" class=\"v-a-link\" title=\"C\u00f3mo renovar el joyero con estas piezas con descuento de Black Friday\"><br \/>\n<img loading=\"lazy\" class=\"v-a-img\" src=\"http:\/\/hoycordobaweb.com\/wp-content\/uploads\/2025\/12\/los-broches-que-usaban-nuestras-abuelas-son-el-accesorio-estrella-que-elevara-tus-looks-de-navidad-7.jpg\" alt=\"C\u00f3mo renovar el joyero con estas piezas con descuento de Black Friday\"><br \/>\n<\/a><br \/>\n<\/figure>\n<\/div>\n<\/article>\n<\/div>\n<div class=\"v-g__c \">\n<article class=\"v-a v-a--cmp-rld v-a--cmp-rld-2 v-a--p-l\">\n<div class=\"v-a-img-c\">\n<figure class=\"v-a-fig\">\n<a href=\"https:\/\/www.mujerhoy.com\/moda\/no-te-pierdas\/medallon-collar-tendencia-sube-nivel-looks-20251125214245-nt.html#vtm_modulosEngag=mod-rel:moda:noticia:2:cmp:2-not\" class=\"v-a-link\" title=\"Medall\u00f3n: el collar tendencia que sube el nivel de tus looks de diario\"><br \/>\n<img loading=\"lazy\" class=\"v-a-img\" src=\"http:\/\/hoycordobaweb.com\/wp-content\/uploads\/2025\/12\/los-broches-que-usaban-nuestras-abuelas-son-el-accesorio-estrella-que-elevara-tus-looks-de-navidad-8.jpg\" alt=\"Medall\u00f3n: el collar tendencia que sube el nivel de tus looks de diario\"><br \/>\n<\/a><br \/>\n<\/figure>\n<\/div>\n<\/article>\n<\/div>\n<\/div>\n<\/div>\n<\/div>\n<div class=\"media_block\"><\/div>\n","protected":false},"excerpt":{"rendered":"<p>Hay accesorios que vuelven sin hacer ruido, casi como un gui\u00f1o generacional. Los broches se han convertido en uno de los detalles m\u00e1s sofisticados de estas fiestas. Despu\u00e9s de temporadas dominadas por el minimalismo, la joyer\u00eda maximalista y con historia vuelve a reclamar protagonismo. Y no hay nada m\u00e1s personal que un broche bien colocado. [&hellip;]<\/p>\n","protected":false},"author":1,"featured_media":124385,"comment_status":"closed","ping_status":"closed","sticky":false,"template":"","format":"standard","meta":[],"categories":[],"tags":[],"_links":{"self":[{"href":"http:\/\/hoycordobaweb.com\/index.php\/wp-json\/wp\/v2\/posts\/124384"}],"collection":[{"href":"http:\/\/hoycordobaweb.com\/index.php\/wp-json\/wp\/v2\/posts"}],"about":[{"href":"http:\/\/hoycordobaweb.com\/index.php\/wp-json\/wp\/v2\/types\/post"}],"author":[{"embeddable":true,"href":"http:\/\/hoycordobaweb.com\/index.php\/wp-json\/wp\/v2\/users\/1"}],"replies":[{"embeddable":true,"href":"http:\/\/hoycordobaweb.com\/index.php\/wp-json\/wp\/v2\/comments?post=124384"}],"version-history":[{"count":0,"href":"http:\/\/hoycordobaweb.com\/index.php\/wp-json\/wp\/v2\/posts\/124384\/revisions"}],"wp:featuredmedia":[{"embeddable":true,"href":"http:\/\/hoycordobaweb.com\/index.php\/wp-json\/wp\/v2\/media\/124385"}],"wp:attachment":[{"href":"http:\/\/hoycordobaweb.com\/index.php\/wp-json\/wp\/v2\/media?parent=124384"}],"wp:term":[{"taxonomy":"category","embeddable":true,"href":"http:\/\/hoycordobaweb.com\/index.php\/wp-json\/wp\/v2\/categories?post=124384"},{"taxonomy":"post_tag","embeddable":true,"href":"http:\/\/hoycordobaweb.com\/index.php\/wp-json\/wp\/v2\/tags?post=124384"}],"curies":[{"name":"wp","href":"https:\/\/api.w.org\/{rel}","templated":true}]}}