{"id":124378,"date":"2025-12-05T13:06:10","date_gmt":"2025-12-05T13:06:10","guid":{"rendered":"https:\/\/www.ole.com.ar\/futbol-internacional\/inglaterra\/facundo-buonanotte-premier-league-chelsea-enzo-maresca-dijo-futuro-hablo-juega_0_XQrVBWWjhq.html"},"modified":"2025-12-05T13:06:10","modified_gmt":"2025-12-05T13:06:10","slug":"maresca-hablo-sobre-el-futuro-de-buonanotte-y-explico-por-que-no-juega-en-su-chelsea","status":"publish","type":"post","link":"http:\/\/hoycordobaweb.com\/index.php\/2025\/12\/05\/maresca-hablo-sobre-el-futuro-de-buonanotte-y-explico-por-que-no-juega-en-su-chelsea\/","title":{"rendered":"Maresca habl\u00f3 sobre el futuro de Buonanotte y explic\u00f3 por qu\u00e9 no juega en su Chelsea"},"content":{"rendered":"<p><img src=\"http:\/\/hoycordobaweb.com\/wp-content\/uploads\/2025\/12\/maresca-hablo-sobre-el-futuro-de-buonanotte-y-explico-por-que-no-juega-en-su-chelsea.jpg\"><\/p>\n<p><time class=\"createDate\" datetime=\"2025-12-05T10:06:10-03:00\">05\/12\/2025 10:06hs.<\/time><\/p>\n<div id=\"storyBody\">\n<div id=\"element-body-0\" class=\"sc-136cd478-0 ekTCfV\" readability=\"32.142458100559\">\n<p>Su llegada al <strong><a href=\"https:\/\/www.ole.com.ar\/tema\/chelsea.html\" title=\"Chelsea\" alt=\"Chelsea\" class=\"slug\">Chelsea<\/a><\/strong> a mitad de a\u00f1o l\u00f3gicamente signific\u00f3 un gran salto de calidad para su carrera deportiva. Si bien estaba teniendo bastante ritmo en el <strong><a href=\"https:\/\/www.ole.com.ar\/tema\/brighton.html\" title=\"brighton\" alt=\"brighton\" class=\"slug\">Brighton<\/a><\/strong>, club que tambi\u00e9n se desempe\u00f1a en la <strong><a href=\"https:\/\/www.ole.com.ar\/tema\/premier-league.html\" title=\"Premier League\" alt=\"Premier League\" class=\"slug\">Premier League<\/a><\/strong>, <strong><a href=\"https:\/\/www.ole.com.ar\/tema\/facundo-buonanotte.html\" title=\"Facundo Buonanotte\" alt=\"Facundo Buonanotte\" class=\"slug\">Facundo Buonanotte<\/a> fue cedido a pr\u00e9stamo al conjunto Blue para que tenga su experiencia en uno de los seis grandes<\/strong> de la liga inglesa.<\/p>\n<\/div>\n<div id=\"element-body-1\" class=\"sc-136cd478-0 ekTCfV\" readability=\"38\">\n<p>Y a pesar de que durante sus primeros meses disput\u00f3 varios partidos y hasta lleg\u00f3 a convertir un gol en la Carabao Cup (frente al Lincoln City) con el equipo de Londres, <strong>perdi\u00f3 terreno dentro de la competencia interna y actualmente lleva un mes sin jugar<\/strong>, cuesti\u00f3n que fue aclarada por su DT, quien habl\u00f3 sobre el futuro del ex Rosario Central en el club.<\/p>\n<\/div>\n<div class=\"sc-e7b891c4-0 ifHnQL image-embed\" id=\"element-body-2\"><img alt=\"Buonanotte festejando su \u00fanico gol en Chelsea (Rueters).\" loading=\"lazy\" width=\"720\" height=\"100\" decoding=\"async\" data-nimg=\"1\" src=\"http:\/\/hoycordobaweb.com\/wp-content\/uploads\/2025\/12\/maresca-hablo-sobre-el-futuro-de-buonanotte-y-explico-por-que-no-juega-en-su-chelsea-2.jpg\"><span class=\"epigraphe\">Buonanotte festejando su \u00fanico gol en Chelsea (Rueters).<\/span><\/div>\n<div id=\"element-body-3\" class=\"sc-136cd478-0 ekTCfV\" readability=\"38\">\n<p>Durante la conferencia de prensa previa al partido frente al Bournemouth por la fecha 15 de la liga dom\u00e9stica, el italiano <strong>Enzo Maresca<\/strong>, t\u00e9cnico del Chelsea, aclar\u00f3 que <strong>\u00abFacu est\u00e1 trabajando bien\u00bb, pero tambi\u00e9n explic\u00f3 los motivos por los que dej\u00f3 de sumar minutos en el \u00faltimo mes<\/strong>.<\/p>\n<\/div>\n<div id=\"element-body-4\" class=\"sc-136cd478-0 ekTCfV\" readability=\"33.733333333333\">\n<p>\u00abJug\u00f3 muchos partidos a principios de temporada porque Cole (Palmer) y Liam (Delap) estaban lesionados, as\u00ed que <strong>ten\u00edamos m\u00e1s hueco para \u00e9l. Ahora no juega porque los jugadores en su posici\u00f3n est\u00e1n de vuelta\u00bb<\/strong>, explic\u00f3 el entrenador campe\u00f3n del <strong><a href=\"https:\/\/www.ole.com.ar\/tema\/mundial-de-clubes.html\" title=\"Mundial de Clubes\" alt=\"Mundial de Clubes\" class=\"slug\">Mundial de Clubes<\/a><\/strong>.<\/p>\n<\/div>\n<div class=\"sc-e7b891c4-0 ifHnQL image-embed\" id=\"element-body-5\"><img alt=\"Buonanotte frente al Qarabag (Reuters).\" loading=\"lazy\" width=\"720\" height=\"100\" decoding=\"async\" data-nimg=\"1\" src=\"http:\/\/hoycordobaweb.com\/wp-content\/uploads\/2025\/12\/maresca-hablo-sobre-el-futuro-de-buonanotte-y-explico-por-que-no-juega-en-su-chelsea-3.jpg\"><span class=\"epigraphe\">Buonanotte frente al Qarabag (Reuters).<\/span><\/div>\n<p><h2><strong>Los n\u00fameros de Buonanotte desde su llegada al Chelsea<\/strong><\/h2>\n<\/p>\n<div id=\"element-body-7\" class=\"sc-136cd478-0 ekTCfV\" readability=\"41\">\n<p>Desde que fue cedido al club Blue, donde <strong>estar\u00e1 a pr\u00e9stamo hasta julio del 2026<\/strong>, el argentino <strong>disput\u00f3 seis partidos<\/strong>, en los que sum\u00f3 cinco titularidades, 383&#8242; en cancha y un gol. De estos encuentros, tan solo uno fue por Premier League (sum\u00f3 45 minutos en la cuarta fecha frente al Sunderland), competici\u00f3n por la que no volvi\u00f3 a ser convocado.<\/p>\n<\/div>\n<div id=\"element-body-8\" class=\"sc-136cd478-0 ekTCfV\" readability=\"36\">\n<p>Los otros cinco partidos del ex futbolista de Rosario Central se repartieron en <strong> dos presencias por la Carabao Cup y otras tres en la Champions League<\/strong>, donde enfrent\u00f3 al Benfica, al Ajax y al Qarabag durante los meses de septiembre y octubre.<\/p>\n<\/div>\n<p><h2><strong>Video: el \u00fanico gol de Buonanotte con el Chelsea<\/strong><\/h2>\n<\/p>\n<div id=\"element-body-10\" class=\"sc-3c5a76cc-1 idjLTd\">\n<div class=\"sc-e8b2828-0 fBmEJc\" type=\"embed\">\n<div class=\"sc-e8b2828-1 iPLbWT videoText\" id=\"contentTitleembedJHMW1Iov\" type=\"embed\"><svg fill=\"#ffffff\"><symbol id=\"play\" viewBox=\"0 0 512 512\"><path d=\"M512 256C512 397.4 397.4 512 256 512C114.6 512 0 397.4 0 256C0 114.6 114.6 0 256 0C397.4 0 512 114.6 512 256zM176 168V344C176 352.7 180.7 360.7 188.3 364.9C195.8 369.2 205.1 369 212.5 364.5L356.5 276.5C363.6 272.1 368 264.4 368 256C368 247.6 363.6 239.9 356.5 235.5L212.5 147.5C205.1 142.1 195.8 142.8 188.3 147.1C180.7 151.3 176 159.3 176 168V168z\" \/><\/symbol><use xlink:href=\"#play\" \/><\/svg><\/p>\n<div class=\"right\">\n<p>Chelsea<!-- --> &#8211; <span>&nbsp;<\/span><\/p>\n<h2 class=\"title-vid\">El gol de Facu Buonanotte en Chelsea<\/h2>\n<\/div>\n<\/div>\n<p><span class=\"back\" id=\"spanBackembedJHMW1Iov\"><\/span><\/div>\n<div class=\"JWvideoNota_title\">\n<p>@#SC_ESPN\/<\/p>\n<\/div>\n<\/div>\n<p><h2><strong>Con el Chelsea en el top 5, as\u00ed est\u00e1 la tabla de la Premier<\/strong><\/h2>\n<\/p>\n<div id=\"element-body-13\" class=\"sc-a7166897-0 eoLsBE\" readability=\"31.5\">\n<section readability=\"3\"><picture><img alt=\"El ex River que es deseo de Gallardo y se sac\u00f3 una mochila con un gol que anot\u00f3 en Espa\u00f1a\" loading=\"lazy\" width=\"290\" height=\"290\" decoding=\"async\" data-nimg=\"1\" src=\"http:\/\/hoycordobaweb.com\/wp-content\/uploads\/2025\/12\/maresca-hablo-sobre-el-futuro-de-buonanotte-y-explico-por-que-no-juega-en-su-chelsea-4.jpg\"><\/picture>\n<p><span>Mir\u00e1 tambi\u00e9n<\/span><\/p>\n<hr>\n<h3>El ex River que es deseo de Gallardo y se sac\u00f3 una mochila con un gol que anot\u00f3 en Espa\u00f1a<\/h3>\n<\/p>\n<\/section>\n<\/div>\n<div id=\"element-body-14\" class=\"sc-a7166897-0 eoLsBE\" readability=\"31.5\">\n<section readability=\"3\"><picture><img alt=\"Bielsa, ausente en el sorteo del Mundial 2026: los motivos\" loading=\"lazy\" width=\"290\" height=\"290\" decoding=\"async\" data-nimg=\"1\" src=\"http:\/\/hoycordobaweb.com\/wp-content\/uploads\/2025\/12\/maresca-hablo-sobre-el-futuro-de-buonanotte-y-explico-por-que-no-juega-en-su-chelsea-5.jpg\"><\/picture>\n<p><span>Mir\u00e1 tambi\u00e9n<\/span><\/p>\n<hr>\n<h3>Bielsa, ausente en el sorteo del Mundial 2026: los motivos<\/h3>\n<\/p>\n<\/section>\n<\/div>\n<div id=\"element-body-15\" class=\"sc-a7166897-0 eoLsBE\" readability=\"31.5\">\n<section readability=\"3\"><picture><img alt=\"Diego Garc\u00eda se despidi\u00f3 de Pe\u00f1arol tras ser condenado por abuso sexual con acceso carnal\" loading=\"lazy\" width=\"290\" height=\"290\" decoding=\"async\" data-nimg=\"1\" src=\"http:\/\/hoycordobaweb.com\/wp-content\/uploads\/2025\/12\/maresca-hablo-sobre-el-futuro-de-buonanotte-y-explico-por-que-no-juega-en-su-chelsea-6.jpg\"><\/picture>\n<p><span>Mir\u00e1 tambi\u00e9n<\/span><\/p>\n<hr>\n<h3>Diego Garc\u00eda se despidi\u00f3 de Pe\u00f1arol tras ser condenado por abuso sexual con acceso carnal<\/h3>\n<\/p>\n<\/section>\n<\/div>\n<div id=\"element-body-16\" class=\"sc-a7166897-0 eoLsBE\" readability=\"31.5\">\n<section readability=\"3\"><picture><img alt=\"Un compa\u00f1ero de Mauro Icardi fue detenido por realizar apuestas que perjudicaban a su propio equipo \" loading=\"lazy\" width=\"290\" height=\"290\" decoding=\"async\" data-nimg=\"1\" src=\"http:\/\/hoycordobaweb.com\/wp-content\/uploads\/2025\/12\/maresca-hablo-sobre-el-futuro-de-buonanotte-y-explico-por-que-no-juega-en-su-chelsea-7.jpg\"><\/picture>\n<p><span>Mir\u00e1 tambi\u00e9n<\/span><\/p>\n<hr>\n<h3>Un compa\u00f1ero de Mauro Icardi fue detenido por realizar apuestas que perjudicaban a su propio equipo<br \/>\n<\/h3>\n<\/p>\n<\/section>\n<\/div>\n<\/div>\n","protected":false},"excerpt":{"rendered":"<p>05\/12\/2025 10:06hs. Su llegada al Chelsea a mitad de a\u00f1o l\u00f3gicamente signific\u00f3 un gran salto de calidad para su carrera deportiva. Si bien estaba teniendo bastante ritmo en el Brighton, club que tambi\u00e9n se desempe\u00f1a en la Premier League, Facundo Buonanotte fue cedido a pr\u00e9stamo al conjunto Blue para que tenga su experiencia en uno [&hellip;]<\/p>\n","protected":false},"author":1,"featured_media":124379,"comment_status":"open","ping_status":"closed","sticky":false,"template":"","format":"standard","meta":[],"categories":[16],"tags":[],"_links":{"self":[{"href":"http:\/\/hoycordobaweb.com\/index.php\/wp-json\/wp\/v2\/posts\/124378"}],"collection":[{"href":"http:\/\/hoycordobaweb.com\/index.php\/wp-json\/wp\/v2\/posts"}],"about":[{"href":"http:\/\/hoycordobaweb.com\/index.php\/wp-json\/wp\/v2\/types\/post"}],"author":[{"embeddable":true,"href":"http:\/\/hoycordobaweb.com\/index.php\/wp-json\/wp\/v2\/users\/1"}],"replies":[{"embeddable":true,"href":"http:\/\/hoycordobaweb.com\/index.php\/wp-json\/wp\/v2\/comments?post=124378"}],"version-history":[{"count":0,"href":"http:\/\/hoycordobaweb.com\/index.php\/wp-json\/wp\/v2\/posts\/124378\/revisions"}],"wp:featuredmedia":[{"embeddable":true,"href":"http:\/\/hoycordobaweb.com\/index.php\/wp-json\/wp\/v2\/media\/124379"}],"wp:attachment":[{"href":"http:\/\/hoycordobaweb.com\/index.php\/wp-json\/wp\/v2\/media?parent=124378"}],"wp:term":[{"taxonomy":"category","embeddable":true,"href":"http:\/\/hoycordobaweb.com\/index.php\/wp-json\/wp\/v2\/categories?post=124378"},{"taxonomy":"post_tag","embeddable":true,"href":"http:\/\/hoycordobaweb.com\/index.php\/wp-json\/wp\/v2\/tags?post=124378"}],"curies":[{"name":"wp","href":"https:\/\/api.w.org\/{rel}","templated":true}]}}