{"id":124370,"date":"2025-12-05T15:25:33","date_gmt":"2025-12-05T15:25:33","guid":{"rendered":"https:\/\/www.ole.com.ar\/boca-juniors\/boca-carlos-tevez-deseo-dt-boca-futuro_0_XA3bOP7uDe.html"},"modified":"2025-12-05T15:25:33","modified_gmt":"2025-12-05T15:25:33","slug":"carlos-tevez-se-mostro-sereno-ante-la-posibilidad-de-dirigir-a-boca-en-un-futuro-no-me-desespero","status":"publish","type":"post","link":"http:\/\/hoycordobaweb.com\/index.php\/2025\/12\/05\/carlos-tevez-se-mostro-sereno-ante-la-posibilidad-de-dirigir-a-boca-en-un-futuro-no-me-desespero\/","title":{"rendered":"Carlos Tevez se mostr\u00f3 sereno ante la posibilidad de dirigir a Boca en un futuro: \u00abNo me desespero\u00bb"},"content":{"rendered":"<p><img src=\"http:\/\/hoycordobaweb.com\/wp-content\/uploads\/2025\/12\/carlos-tevez-se-mostro-sereno-ante-la-posibilidad-de-dirigir-a-boca-en-un-futuro-no-me-desespero.jpg\"><\/p>\n<p><time class=\"createDate\" datetime=\"2025-12-05T12:25:33-03:00\">05\/12\/2025 12:25hs.<\/time><\/p>\n<div id=\"storyBody\">\n<div id=\"element-body-0\" class=\"sc-136cd478-0 ekTCfV\" readability=\"40.664015904573\">\n<p>Son varios los ex jugadores de <strong><a href=\"https:\/\/www.ole.com.ar\/tema\/boca-juniors.html\" title=\"Boca Juniors\" alt=\"Boca Juniors\" class=\"slug\">Boca<\/a><\/strong> que hoy transitan su carrera como entrenadores y que, en m\u00e1s de una oportunidad, expresaron su deseo de dirigir al club: Hugo Ibarra, Sebasti\u00e1n Battaglia, Fernando Gago\u2026 y ahora tambi\u00e9n <strong><a href=\"https:\/\/www.ole.com.ar\/tema\/carlos-tevez.html\" title=\"Carlos Tevez\" alt=\"Carlos Tevez\" class=\"slug\">Carlos Tevez<\/a><\/strong>, quien se sum\u00f3 formalmente a esa lista. El Apache, que hace pocos d\u00edas volvi\u00f3 a La Bombonera como t\u00e9cnico de Talleres por los octavos del Clausura, habl\u00f3 de su futuro y se refiri\u00f3 con serenidad a la posibilidad de sentarse en el banco del club de la Ribera.<\/p>\n<\/div>\n<div id=\"element-body-1\" class=\"sc-136cd478-0 ekTCfV\" readability=\"39\">\n<p>Luego de la eliminaci\u00f3n que sufri\u00f3 en los octavos de final del Clausura ante el Xeneize, el ex futbolista (que se encuentra metido de lleno en la reestructuraci\u00f3n de Talleres para 2026) dej\u00f3 clara su ilusi\u00f3n a futuro. \u00bb <strong>Yo creo que esos momentos llegan, no hay que buscarlos. Estoy tranquilo, no me desespero por ser DT de Boca<\/strong>\u00ab, reconoci\u00f3 en DSports.<\/p>\n<\/div>\n<div id=\"element-body-2\" class=\"sc-136cd478-0 ekTCfV\" readability=\"36\">\n<p>Luego, sin desviar su foco del presente en la T, agreg\u00f3: <strong> <\/strong>\u00bb <strong>Estoy tranquilo en C\u00f3rdoba, contento con el club. S\u00e9 que (lo de Boca) se va a dar en alg\u00fan momento<\/strong>\u00ab. <\/p>\n<\/div>\n<div id=\"element-body-3\" class=\"sc-3c5a76cc-1 idjLTd\" readability=\"31.5\">\n<div class=\"sc-e8b2828-0 fBmEJc vertical\" type=\"embedvertical\">\n<div class=\"sc-e8b2828-1 iPLbWT videoText\" id=\"contentTitleembedverticalsSahNs6X\" type=\"embedvertical\"><svg fill=\"#ffffff\"><symbol id=\"play\" viewBox=\"0 0 512 512\"><path d=\"M512 256C512 397.4 397.4 512 256 512C114.6 512 0 397.4 0 256C0 114.6 114.6 0 256 0C397.4 0 512 114.6 512 256zM176 168V344C176 352.7 180.7 360.7 188.3 364.9C195.8 369.2 205.1 369 212.5 364.5L356.5 276.5C363.6 272.1 368 264.4 368 256C368 247.6 363.6 239.9 356.5 235.5L212.5 147.5C205.1 142.1 195.8 142.8 188.3 147.1C180.7 151.3 176 159.3 176 168V168z\" \/><\/symbol><use xlink:href=\"#play\" \/><\/svg><\/p>\n<div class=\"right\">\n<p>Carlos Tevez<!-- --> &#8211; <span>&nbsp;<\/span><\/p>\n<h2 class=\"title-vid\">\u00abTevez, querido, La 12 est\u00e1 contigo\u00bb<\/h2>\n<\/div>\n<\/div>\n<p><span class=\"back\" id=\"spanBackembedverticalsSahNs6X\"><\/span><\/div>\n<div class=\"JWvideoNota_title\" readability=\"8\">\n<p>El ahora t\u00e9cnico de Talleres fue reconocido por los fan\u00e1ticos de Boca en la previa del duelo de 8vos. del Clausura.<\/p>\n<\/div>\n<\/div>\n<p><h2><strong>El recibimiento de la Bombonera<\/strong><\/h2>\n<\/p>\n<div id=\"element-body-5\" class=\"sc-136cd478-0 ekTCfV\" readability=\"38\">\n<p>El cruce de octavos entre Boca y Talleres tuvo un condimento especial: el regreso de Tevez al Templo. Como hab\u00eda ocurrido cuando dirig\u00eda a Rosario Central, La Bombonera lo reconoci\u00f3 con aplausos. Adem\u00e1s, el club le entreg\u00f3 una camiseta enmarcada. \u00bb <strong>El recibimiento fue gratificante porque te dice que hiciste las cosas bien<\/strong>\u00ab, solt\u00f3.<\/p>\n<\/div>\n<div id=\"element-body-6\" class=\"sc-136cd478-0 ekTCfV\" readability=\"37\">\n<p>El ex delantero aprovech\u00f3 para analizar esa derrota y explic\u00f3: \u00abSi nosotros hac\u00edamos el penal ante Boca, pas\u00e1bamos a superarlos en La Bombonera. El segundo tiempo hubiese sido totalmente diferente\u00bb. Sin embargo, reconoci\u00f3. \u00bb <strong>Los jugadores de Boca hoy tienen la flechita para arriba: te llegan una vez y te hacen gol<\/strong>\u00ab.<\/p>\n<\/div>\n<div id=\"element-body-7\" class=\"sc-136cd478-0 ekTCfV\" readability=\"41\">\n<p>M\u00e1s all\u00e1 del presente y de los compromisos inmediatos con Talleres, Tevez dej\u00f3 en claro que su relaci\u00f3n con el Xeneize sigue viva y que tiene el deseo de volver alg\u00fan d\u00eda al club, esta vez como entrenador. Sin apuros, el Apache sabe que ese momento, tarde o temprano, llegar\u00e1. Y mientras tanto, La Bombonera ya le record\u00f3 que esa siempre ser\u00e1 su casa.<\/p>\n<\/div>\n<div class=\"sc-e7b891c4-0 ifHnQL image-embed\" id=\"element-body-8\"><img alt=\"El Apache agradeci\u00f3 el reconocimiento a trav\u00e9s de sus redes sociales.\" loading=\"lazy\" width=\"720\" height=\"100\" decoding=\"async\" data-nimg=\"1\" src=\"http:\/\/hoycordobaweb.com\/wp-content\/uploads\/2025\/12\/carlos-tevez-se-mostro-sereno-ante-la-posibilidad-de-dirigir-a-boca-en-un-futuro-no-me-desespero-2.jpg\"><span class=\"epigraphe\">El Apache agradeci\u00f3 el reconocimiento a trav\u00e9s de sus redes sociales.<\/span><\/div>\n<div id=\"element-body-9\" class=\"sc-a7166897-0 eoLsBE\" readability=\"31\">\n<section readability=\"2\"><picture><img alt=\"Los sobrevivientes de las \u00faltimas dos finales picantes entre&nbsp;Boca&nbsp;y Racing\" loading=\"lazy\" width=\"290\" height=\"290\" decoding=\"async\" data-nimg=\"1\" src=\"http:\/\/hoycordobaweb.com\/wp-content\/uploads\/2025\/12\/carlos-tevez-se-mostro-sereno-ante-la-posibilidad-de-dirigir-a-boca-en-un-futuro-no-me-desespero-3.jpg\"><\/picture>\n<p><span>Mir\u00e1 tambi\u00e9n<\/span><\/p>\n<hr>\n<h3>Los sobrevivientes de las \u00faltimas dos finales picantes entre&nbsp;Boca&nbsp;y Racing<\/h3>\n<\/p>\n<\/section>\n<\/div>\n<div id=\"element-body-10\" class=\"sc-a7166897-0 eoLsBE\" readability=\"32\">\n<section readability=\"4\"><picture><img alt=\"La tajante defensa de Ra\u00fal Cascini sobre Juan Rom\u00e1n Riquelme: &quot;No quiere ser presidente de AFA, nunca le interes\u00f3&quot;\" loading=\"lazy\" width=\"290\" height=\"290\" decoding=\"async\" data-nimg=\"1\" src=\"http:\/\/hoycordobaweb.com\/wp-content\/uploads\/2025\/12\/carlos-tevez-se-mostro-sereno-ante-la-posibilidad-de-dirigir-a-boca-en-un-futuro-no-me-desespero-4.jpg\"><\/picture>\n<p><span>Mir\u00e1 tambi\u00e9n<\/span><\/p>\n<hr>\n<h3>La tajante defensa de Ra\u00fal Cascini sobre Juan Rom\u00e1n Riquelme: \u00abNo quiere ser presidente de AFA, nunca le interes\u00f3\u00bb<\/h3>\n<\/p>\n<\/section>\n<\/div>\n<div id=\"element-body-11\" class=\"sc-a7166897-0 eoLsBE\" readability=\"32.5\">\n<section readability=\"5\"><picture><img alt=\"Boca, EN VIVO: el 11 de Boca ante Racing, los concentrados y m\u00e1s noticias de este viernes 5 de diciembre\" loading=\"lazy\" width=\"290\" height=\"290\" decoding=\"async\" data-nimg=\"1\" src=\"http:\/\/hoycordobaweb.com\/wp-content\/uploads\/2025\/12\/carlos-tevez-se-mostro-sereno-ante-la-posibilidad-de-dirigir-a-boca-en-un-futuro-no-me-desespero-5.jpg\"><\/picture>\n<p><span>Mir\u00e1 tambi\u00e9n<\/span><\/p>\n<hr>\n<h3>Boca, EN VIVO: el 11 de Boca ante Racing, los concentrados y m\u00e1s noticias de este viernes 5 de diciembre<\/h3>\n<\/p>\n<\/section>\n<\/div>\n<div id=\"element-body-12\" class=\"sc-a7166897-0 eoLsBE\" readability=\"31\">\n<section readability=\"2\"><picture><img alt=\"La bendici\u00f3n de Messi para Paredes antes de la semifinal con Racing\" loading=\"lazy\" width=\"290\" height=\"290\" decoding=\"async\" data-nimg=\"1\" src=\"http:\/\/hoycordobaweb.com\/wp-content\/uploads\/2025\/12\/carlos-tevez-se-mostro-sereno-ante-la-posibilidad-de-dirigir-a-boca-en-un-futuro-no-me-desespero-6.jpg\"><\/picture>\n<p><span>Mir\u00e1 tambi\u00e9n<\/span><\/p>\n<hr>\n<h3>La bendici\u00f3n de Messi para Paredes antes de la semifinal con Racing<\/h3>\n<\/p>\n<\/section>\n<\/div>\n<\/div>\n","protected":false},"excerpt":{"rendered":"<p>05\/12\/2025 12:25hs. Son varios los ex jugadores de Boca que hoy transitan su carrera como entrenadores y que, en m\u00e1s de una oportunidad, expresaron su deseo de dirigir al club: Hugo Ibarra, Sebasti\u00e1n Battaglia, Fernando Gago\u2026 y ahora tambi\u00e9n Carlos Tevez, quien se sum\u00f3 formalmente a esa lista. El Apache, que hace pocos d\u00edas volvi\u00f3 [&hellip;]<\/p>\n","protected":false},"author":1,"featured_media":124371,"comment_status":"open","ping_status":"closed","sticky":false,"template":"","format":"standard","meta":[],"categories":[16],"tags":[],"_links":{"self":[{"href":"http:\/\/hoycordobaweb.com\/index.php\/wp-json\/wp\/v2\/posts\/124370"}],"collection":[{"href":"http:\/\/hoycordobaweb.com\/index.php\/wp-json\/wp\/v2\/posts"}],"about":[{"href":"http:\/\/hoycordobaweb.com\/index.php\/wp-json\/wp\/v2\/types\/post"}],"author":[{"embeddable":true,"href":"http:\/\/hoycordobaweb.com\/index.php\/wp-json\/wp\/v2\/users\/1"}],"replies":[{"embeddable":true,"href":"http:\/\/hoycordobaweb.com\/index.php\/wp-json\/wp\/v2\/comments?post=124370"}],"version-history":[{"count":0,"href":"http:\/\/hoycordobaweb.com\/index.php\/wp-json\/wp\/v2\/posts\/124370\/revisions"}],"wp:featuredmedia":[{"embeddable":true,"href":"http:\/\/hoycordobaweb.com\/index.php\/wp-json\/wp\/v2\/media\/124371"}],"wp:attachment":[{"href":"http:\/\/hoycordobaweb.com\/index.php\/wp-json\/wp\/v2\/media?parent=124370"}],"wp:term":[{"taxonomy":"category","embeddable":true,"href":"http:\/\/hoycordobaweb.com\/index.php\/wp-json\/wp\/v2\/categories?post=124370"},{"taxonomy":"post_tag","embeddable":true,"href":"http:\/\/hoycordobaweb.com\/index.php\/wp-json\/wp\/v2\/tags?post=124370"}],"curies":[{"name":"wp","href":"https:\/\/api.w.org\/{rel}","templated":true}]}}