{"id":124368,"date":"2025-12-05T15:37:19","date_gmt":"2025-12-05T15:37:19","guid":{"rendered":"https:\/\/www.ole.com.ar\/futbol-internacional\/luis-fuente-comparacion-yamal-maradona-espana-messi-declaraciones_0_txrBevYGXO.html"},"modified":"2025-12-05T15:37:19","modified_gmt":"2025-12-05T15:37:19","slug":"luis-de-la-fuente-comparo-a-yamal-con-messi-y-maradona-puede-llegar-a-ser-un-jugador-de-epoca","status":"publish","type":"post","link":"http:\/\/hoycordobaweb.com\/index.php\/2025\/12\/05\/luis-de-la-fuente-comparo-a-yamal-con-messi-y-maradona-puede-llegar-a-ser-un-jugador-de-epoca\/","title":{"rendered":"Luis de la Fuente compar\u00f3 a Yamal con Messi y Maradona: \u00abPuede llegar a ser un jugador de \u00e9poca\u00bb"},"content":{"rendered":"<p><img src=\"http:\/\/hoycordobaweb.com\/wp-content\/uploads\/2025\/12\/luis-de-la-fuente-comparo-a-yamal-con-messi-y-maradona-puede-llegar-a-ser-un-jugador-de-epoca.jpg\"><\/p>\n<p><time class=\"createDate\" datetime=\"2025-12-05T12:37:19-03:00\">05\/12\/2025 12:37hs.<\/time><\/p>\n<div id=\"storyBody\">\n<div id=\"element-body-0\" class=\"sc-136cd478-0 ekTCfV\" readability=\"33.132584269663\">\n<p>El <a href=\"https:\/\/www.ole.com.ar\/tema\/mundial-2026.html\" title=\"Mundial 2026\" alt=\"Mundial 2026\" class=\"slug\">Mundial 2026<\/a> est\u00e1 cada vez m\u00e1s cerca y este viernes 5 de diciembre se desarrollar\u00e1 el sorteo para que las selecciones ya clasificadas conozcan sus rivales con el nuevo formato de 48 combinados. Entre uno de los favoritos a llevarse el t\u00edtulo, aparece <strong><a href=\"https:\/\/www.ole.com.ar\/tema\/seleccion-de-espana.html\" target=\"_self\" title=\"Espa\u00f1a \" alt=\"Espa\u00f1a \" rel=\"noopener noreferrer\">Espa\u00f1a<\/a><\/strong>que tiene a <strong><a href=\"https:\/\/www.ole.com.ar\/tema\/lamine-yamal.html\" target=\"_self\" title=\"Lamine Yamal\" alt=\"Lamine Yamal\" rel=\"noopener noreferrer\">Lamine Yamal<\/a> como figura<\/strong>. Y fue respecto a la joven estrella que <strong> Luis de la Fuente<\/strong>, DT del extremo en la Roja, se anim\u00f3 a compararlo con <a href=\"https:\/\/www.ole.com.ar\/tema\/lionel-messi.html\" title=\"Lionel Messi\" alt=\"Lionel Messi\" class=\"slug\">Lionel Messi<\/a> y <a href=\"https:\/\/www.ole.com.ar\/tema\/diego-maradona.html\" title=\"Diego Maradona\" alt=\"Diego Maradona\" class=\"slug\">Diego Maradona<\/a>.<\/p>\n<\/div>\n<div id=\"element-body-1\" class=\"sc-136cd478-0 ekTCfV\" readability=\"39\">\n<p>\u00abTodos confiamos en que el crecimiento y el margen de mejora que tiene es fant\u00e1stico. <strong>No sabemos hasta d\u00f3nde puede llegar<\/strong>. Messi es un futbolista excepcional y Lamine tiene posibilidades de conseguirlo. Si dentro de diez a\u00f1os no tiene lesiones, ning\u00fan contratiempo y juega con normalidad, <strong>puede llegar a ser un jugador de \u00e9poca como Messi, Maradona o Cristiano<\/strong>\u00ab, expres\u00f3 en di\u00e1logo con 60 Minutes.<\/p>\n<\/div>\n<div id=\"element-body-2\" class=\"sc-136cd478-0 ekTCfV\" readability=\"39\">\n<p>Luego, agreg\u00f3: \u00abLo conozco desde que tiene 16 a\u00f1os. <strong>Sigue siendo un joven<\/strong>. Hemos tenido una relaci\u00f3n muy cercana. Muchas conversaciones, casi de padre a hijo. Eso lo valora y lo ha agradecido siempre con respeto. \u00c9l escucha mucho cuando tratas de ayudar. <strong>Siempre trato de ayudarlo<\/strong>. Tenemos una relaci\u00f3n muy fluida, con mucha cercan\u00eda, y seguro que de aqu\u00ed al futuro lo vamos a seguir teniendo igual\u00bb.<\/p>\n<\/div>\n<div class=\"sc-e7b891c4-0 ifHnQL image-embed\" id=\"element-body-3\"><img alt=\"Yamal y De la Fuente, juntos en Espa\u00f1a\n(AP Photo).\" loading=\"lazy\" width=\"720\" height=\"100\" decoding=\"async\" data-nimg=\"1\" src=\"http:\/\/hoycordobaweb.com\/wp-content\/uploads\/2025\/12\/luis-de-la-fuente-comparo-a-yamal-con-messi-y-maradona-puede-llegar-a-ser-un-jugador-de-epoca-2.jpg\"><span class=\"epigraphe\">Yamal y De la Fuente, juntos en Espa\u00f1a<br \/>\n(AP Photo).<\/span><\/div>\n<p><h2><strong>Videos: las palabras de Luis De la Fuente<\/strong><\/h2>\n<\/p>\n<div id=\"element-body-5\" class=\"sc-3c5a76cc-1 idjLTd\">\n<div class=\"sc-e8b2828-0 fBmEJc\" type=\"embed\">\n<div class=\"sc-e8b2828-1 iPLbWT videoText\" id=\"contentTitleembedFGNty0Iz\" type=\"embed\"><svg fill=\"#ffffff\"><symbol id=\"play\" viewBox=\"0 0 512 512\"><path d=\"M512 256C512 397.4 397.4 512 256 512C114.6 512 0 397.4 0 256C0 114.6 114.6 0 256 0C397.4 0 512 114.6 512 256zM176 168V344C176 352.7 180.7 360.7 188.3 364.9C195.8 369.2 205.1 369 212.5 364.5L356.5 276.5C363.6 272.1 368 264.4 368 256C368 247.6 363.6 239.9 356.5 235.5L212.5 147.5C205.1 142.1 195.8 142.8 188.3 147.1C180.7 151.3 176 159.3 176 168V168z\" \/><\/symbol><use xlink:href=\"#play\" \/><\/svg><\/p>\n<div class=\"right\">\n<p>Lamine Yamal<!-- --> &#8211; <span>&nbsp;<\/span><\/p>\n<h2 class=\"title-vid\">De la Fuente compar\u00f3 a Yamal con Messi y Maradona <\/h2>\n<\/div>\n<\/div>\n<p><span class=\"back\" id=\"spanBackembedFGNty0Iz\"><\/span><\/div>\n<div class=\"JWvideoNota_title\">\n<p>Video: @60Minutes<\/p>\n<\/div>\n<\/div>\n<div id=\"element-body-6\" class=\"sc-3c5a76cc-1 idjLTd\">\n<div class=\"sc-e8b2828-0 fBmEJc\" type=\"embed\">\n<div class=\"sc-e8b2828-1 iPLbWT videoText\" id=\"contentTitleembedrfUNBAyn\" type=\"embed\"><svg fill=\"#ffffff\"><symbol id=\"play\" viewBox=\"0 0 512 512\"><path d=\"M512 256C512 397.4 397.4 512 256 512C114.6 512 0 397.4 0 256C0 114.6 114.6 0 256 0C397.4 0 512 114.6 512 256zM176 168V344C176 352.7 180.7 360.7 188.3 364.9C195.8 369.2 205.1 369 212.5 364.5L356.5 276.5C363.6 272.1 368 264.4 368 256C368 247.6 363.6 239.9 356.5 235.5L212.5 147.5C205.1 142.1 195.8 142.8 188.3 147.1C180.7 151.3 176 159.3 176 168V168z\" \/><\/symbol><use xlink:href=\"#play\" \/><\/svg><\/p>\n<div class=\"right\">\n<p>Lamine Yamal<!-- --> &#8211; <span>&nbsp;<\/span><\/p>\n<h2 class=\"title-vid\">De la Fuente y el crecimiento de Yamal<\/h2>\n<\/div>\n<\/div>\n<p><span class=\"back\" id=\"spanBackembedrfUNBAyn\"><\/span><\/div>\n<div class=\"JWvideoNota_title\">\n<p>Video: @60Minutes<\/p>\n<\/div>\n<\/div>\n<p><h2><strong>C\u00f3mo llega Espa\u00f1a a la Copa del Mundo<\/strong><\/h2>\n<\/p>\n<div id=\"element-body-8\" class=\"sc-136cd478-0 ekTCfV\" readability=\"37\">\n<p>Sin dudas es uno de los primeros nombres que aparece cuando se piensa en las principales candidatas <strong>gracias a su camada de futbolistas j\u00f3venes que rinden tanto en sus clubes como en la selecci\u00f3n<\/strong>. La Roja sigue ampliando su mejor racha hist\u00f3rica en partidos oficiales: <strong>lleg\u00f3 a 30 encuentros sin derrotas<\/strong>, super\u00f3 el registro del equipo de Vicente del Bosque entre 2010 y 2013, el que conquist\u00f3 el Mundial 2010 y la Eurocopa 2012.<\/p>\n<\/div>\n<div id=\"element-body-9\" class=\"sc-136cd478-0 ekTCfV\" readability=\"41\">\n<p>Adem\u00e1s, desde hace 32 meses, <strong> Espa\u00f1a se mantiene como la \u00fanica selecci\u00f3n del mundo que no perdi\u00f3 un solo partido oficial<\/strong>. La \u00fanica mancha en ese tiempo fue un amistoso ante Colombia, jugado en Londres, en el cual cay\u00f3 0-1. Pero cuando hubo puntos o clasificaci\u00f3n en juego, la Roja fue implacable, sumado a que finaliz\u00f3 <strong>puntera en el grupo E de las Eliminatorias <\/strong>con 16 puntos sobre 18 posibles. <\/p>\n<\/div>\n<div id=\"element-body-10\" class=\"sc-136cd478-0 ekTCfV\" readability=\"46\">\n<p>L\u00f3gicamente, con estos grandes n\u00fameros <strong>la ubican en el bombo 1 del Mundial<\/strong>, junto a selecciones como Argentina (2\u00b0), Francia (3\u00b0), Inglaterra (4\u00b0), Brasil (5\u00b0), Portugal (6\u00b0), Pa\u00edses Bajos (7\u00b0), B\u00e9lgica (8\u00b0) y Alemania (9\u00b0), sumado a Estados Unidos, M\u00e9xico y Canad\u00e1, los anfitriones de la cita. <\/p>\n<\/div>\n<div class=\"sc-e7b891c4-0 ifHnQL image-embed\" id=\"element-body-11\"><img alt=\"Espa\u00f1a, una gran candidata al Mundial (EFE).\" loading=\"lazy\" width=\"720\" height=\"100\" decoding=\"async\" data-nimg=\"1\" src=\"http:\/\/hoycordobaweb.com\/wp-content\/uploads\/2025\/12\/luis-de-la-fuente-comparo-a-yamal-con-messi-y-maradona-puede-llegar-a-ser-un-jugador-de-epoca-3.jpg\"><span class=\"epigraphe\">Espa\u00f1a, una gran candidata al Mundial (EFE).<\/span><\/div>\n<div id=\"element-body-12\" class=\"sc-a7166897-0 eoLsBE\" readability=\"31\">\n<section readability=\"2\"><picture><img alt=\"Sorteo Mundial 2026: as\u00ed llega Espa\u00f1a \" loading=\"lazy\" width=\"290\" height=\"290\" decoding=\"async\" data-nimg=\"1\" src=\"http:\/\/hoycordobaweb.com\/wp-content\/uploads\/2025\/12\/luis-de-la-fuente-comparo-a-yamal-con-messi-y-maradona-puede-llegar-a-ser-un-jugador-de-epoca-4.jpg\"><\/picture>\n<p><span>Mir\u00e1 tambi\u00e9n<\/span><\/p>\n<hr>\n<h3>Sorteo Mundial 2026: as\u00ed llega Espa\u00f1a <\/h3>\n<\/p>\n<\/section>\n<\/div>\n<div id=\"element-body-13\" class=\"sc-a7166897-0 eoLsBE\" readability=\"31\">\n<section readability=\"2\"><picture><img alt=\"Por qu\u00e9 Argentina evitar\u00e1 a Espa\u00f1a hasta la final del Mundial\" loading=\"lazy\" width=\"290\" height=\"290\" decoding=\"async\" data-nimg=\"1\" src=\"http:\/\/hoycordobaweb.com\/wp-content\/uploads\/2025\/12\/luis-de-la-fuente-comparo-a-yamal-con-messi-y-maradona-puede-llegar-a-ser-un-jugador-de-epoca-5.jpg\"><\/picture>\n<p><span>Mir\u00e1 tambi\u00e9n<\/span><\/p>\n<hr>\n<h3>Por qu\u00e9 Argentina evitar\u00e1 a Espa\u00f1a hasta la final del Mundial<\/h3>\n<\/p>\n<\/section>\n<\/div>\n<div id=\"element-body-14\" class=\"sc-a7166897-0 eoLsBE\" readability=\"31.5\">\n<section readability=\"3\"><picture><img alt=\"Las particularidades del sorteo del Mundial 2026 y c\u00f3mo afectan a la Selecci\u00f3n Argentina\" loading=\"lazy\" width=\"290\" height=\"290\" decoding=\"async\" data-nimg=\"1\" src=\"http:\/\/hoycordobaweb.com\/wp-content\/uploads\/2025\/12\/luis-de-la-fuente-comparo-a-yamal-con-messi-y-maradona-puede-llegar-a-ser-un-jugador-de-epoca-6.jpg\"><\/picture>\n<p><span>Mir\u00e1 tambi\u00e9n<\/span><\/p>\n<hr>\n<h3>Las particularidades del sorteo del Mundial 2026 y c\u00f3mo afectan a la Selecci\u00f3n Argentina<\/h3>\n<\/p>\n<\/section>\n<\/div>\n<\/div>\n","protected":false},"excerpt":{"rendered":"<p>05\/12\/2025 12:37hs. El Mundial 2026 est\u00e1 cada vez m\u00e1s cerca y este viernes 5 de diciembre se desarrollar\u00e1 el sorteo para que las selecciones ya clasificadas conozcan sus rivales con el nuevo formato de 48 combinados. Entre uno de los favoritos a llevarse el t\u00edtulo, aparece Espa\u00f1aque tiene a Lamine Yamal como figura. Y fue [&hellip;]<\/p>\n","protected":false},"author":1,"featured_media":124369,"comment_status":"open","ping_status":"closed","sticky":false,"template":"","format":"standard","meta":[],"categories":[16],"tags":[],"_links":{"self":[{"href":"http:\/\/hoycordobaweb.com\/index.php\/wp-json\/wp\/v2\/posts\/124368"}],"collection":[{"href":"http:\/\/hoycordobaweb.com\/index.php\/wp-json\/wp\/v2\/posts"}],"about":[{"href":"http:\/\/hoycordobaweb.com\/index.php\/wp-json\/wp\/v2\/types\/post"}],"author":[{"embeddable":true,"href":"http:\/\/hoycordobaweb.com\/index.php\/wp-json\/wp\/v2\/users\/1"}],"replies":[{"embeddable":true,"href":"http:\/\/hoycordobaweb.com\/index.php\/wp-json\/wp\/v2\/comments?post=124368"}],"version-history":[{"count":0,"href":"http:\/\/hoycordobaweb.com\/index.php\/wp-json\/wp\/v2\/posts\/124368\/revisions"}],"wp:featuredmedia":[{"embeddable":true,"href":"http:\/\/hoycordobaweb.com\/index.php\/wp-json\/wp\/v2\/media\/124369"}],"wp:attachment":[{"href":"http:\/\/hoycordobaweb.com\/index.php\/wp-json\/wp\/v2\/media?parent=124368"}],"wp:term":[{"taxonomy":"category","embeddable":true,"href":"http:\/\/hoycordobaweb.com\/index.php\/wp-json\/wp\/v2\/categories?post=124368"},{"taxonomy":"post_tag","embeddable":true,"href":"http:\/\/hoycordobaweb.com\/index.php\/wp-json\/wp\/v2\/tags?post=124368"}],"curies":[{"name":"wp","href":"https:\/\/api.w.org\/{rel}","templated":true}]}}