{"id":124300,"date":"2025-12-05T14:30:14","date_gmt":"2025-12-05T14:30:14","guid":{"rendered":"https:\/\/www.espinof.com\/reality\/eurovision-tiene-plan-maestro-marcha-espana-no-se-note-sustituirla-moldavia"},"modified":"2025-12-05T14:30:14","modified_gmt":"2025-12-05T14:30:14","slug":"eurovision-tiene-un-plan-maestro-para-que-la-marcha-de-espana-no-se-note-sustituirla-por-moldavia","status":"publish","type":"post","link":"http:\/\/hoycordobaweb.com\/index.php\/2025\/12\/05\/eurovision-tiene-un-plan-maestro-para-que-la-marcha-de-espana-no-se-note-sustituirla-por-moldavia\/","title":{"rendered":"Eurovisi\u00f3n tiene un plan maestro para que la marcha de Espa\u00f1a no se note: sustituirla por Moldavia"},"content":{"rendered":"<p>La noticia ya es vox populi y ha dado la vuelta al mundo: despu\u00e9s de que la UER <a href=\"https:\/\/www.espinof.com\/la-1\/espana-abandona-eurovision-primera-vez-historia-culpa-inaccion-israel-no-esta-sola-nunca-se-deberia-haber-llegado-a-este-punto\/amp\">tomara la decisi\u00f3n de no excluir a Israel<\/a> en la edici\u00f3n de Eurovisi\u00f3n que tendr\u00e1 lugar en 2026,<strong> Espa\u00f1a ha decidido no participar ni emitir el festival<\/strong>. Junto a ella se han situado Irlanda, Pa\u00edses Bajos y Eslovenia. Islandia, que tambi\u00e9n ha mostrado el rechazo al genocidio, permanece a\u00fan en duda y tomar\u00e1 su decisi\u00f3n en los pr\u00f3ximos d\u00edas. Mientras tanto, para aparentar tranquilidad, Eurovisi\u00f3n ha echado mano a un plan B.<\/p>\n<p><!-- BREAK 1 --> <\/p>\n<h2>Adivina qu\u00e9 genocida viene a cantar esta noche<\/h2>\n<p>Tal como podemos leer en <a rel=\"noopener, noreferrer\" href=\"https:\/\/elpais.com\/television\/2025-12-04\/eurovision-decide-que-israel-participe-en-la-edicion-de-2026.html\">El Pa\u00eds<\/a>, la UER lleva meses tanteando a otros pa\u00edses europeos que participaron en el pasado y, tras un periodo de baja por problemas econ\u00f3micos y poco inter\u00e9s en el formato, <strong>est\u00e1n dispuestos a volver, como Bulgaria, Moldavia y Ruman\u00eda<\/strong>, que se han saltado las \u00faltimas galas. No solo eso, sino que, adem\u00e1s, ya se ha dejado caer que quiz\u00e1 Kazajist\u00e1n o Canad\u00e1, al igual que Australia, podr\u00edan participar. De hecho, el nuevo primer ministro del pa\u00eds americano, Mark Carney, lleva meses tratando de entrar y, seg\u00fan su ministro de Finanzas e Ingresos, se les ha llegado a proponer la participaci\u00f3n. Lo de \u00abEuro\u00bb es muy flexible.<\/p>\n<p><!-- BREAK 2 --><\/p>\n<p>De esta manera, <strong>la UER tratar\u00e1 de mantener los 37 pa\u00edses y sacar pecho en las semifinales<\/strong> a pesar de que pesos pesados como Espa\u00f1a no lleguen a participar. Obviamente, la audiencia de estos pa\u00edses (con la posible excepci\u00f3n de Canad\u00e1) no va a paliar la ausencia de los que se van: la suma de todos ellos son casi 10 millones de la audiencia total (concretamente 9.892.000 el a\u00f1o pasado), un buen pellizco dif\u00edcil de solventar.&nbsp;<\/p>\n<div class=\"article-asset article-asset-normal article-asset-center\">\n<div class=\"desvio-container\">\n<div class=\"desvio\">\n<div class=\"desvio-figure js-desvio-figure\"> <a href=\"https:\/\/www.espinof.com\/entretenimiento\/que-eurovision-se-llama-asi-festival-canciones-asi-se-origino-nombre-certamen-hace-69-anos\" class=\"pivot-outboundlink\" data-vars-post-title=\"Por qu\u00e9 Eurovisi\u00f3n se llama as\u00ed, si es un festival de canciones\"> <img loading=\"lazy\" alt=\"Por qu\u00e9 Eurovisi\u00f3n se llama as\u00ed, si es un festival de canciones\" width=\"375\" height=\"142\" src=\"http:\/\/hoycordobaweb.com\/wp-content\/uploads\/2025\/12\/eurovision-tiene-un-plan-maestro-para-que-la-marcha-de-espana-no-se-note-sustituirla-por-moldavia.jpg\"> <\/a> <\/div><\/div><\/div>\n<\/div>\n<p>Israel, mientras tanto, ha opinado sobre nosotros y el resto de pa\u00edses que se han retirado con unas palabras que llevan a la concordia entre pueblos: <strong><em>\u00ab<\/em><\/strong><strong><em>La desgracia est\u00e1 sobre ellos\u00bb<\/em><\/strong>. En Espa\u00f1a, mientras tanto, ya se ha confirmado que tendremos nuestro Eurovisi\u00f3n particular, el <a class=\"text-outboundlink\" href=\"https:\/\/www.espinof.com\/reality\/benidorm-fest-2026-fecha-estreno-todo-que-sabemos-certamen-que-buscara-reemplazo-melody-eurovision\" data-vars-post-title=\"'Benidorm Fest 2026', fecha de estreno y todo lo que sabemos del certamen que buscar\u00e1 el reemplazo de Melody en Eurovisi\u00f3n\" data-vars-post-url=\"https:\/\/www.espinof.com\/reality\/benidorm-fest-2026-fecha-estreno-todo-que-sabemos-certamen-que-buscara-reemplazo-melody-eurovision\">Benidorm Fest<\/a>, aunque esta vez el premio para el ganador no ser\u00e1 el habitual (y por tanto, todo sea dicho, pierda bastante gracia). Y ojo, porque ahora la UER puede vender los derechos a quien los quiera, bien sea la FORTA, Telecinco o Antena 3, que podr\u00edan montar su propio Eurovisi\u00f3n previo pago de 350.000 euros. Quedan 26 d\u00edas para acabar el a\u00f1o: \u00bfQuedar\u00e1 todav\u00eda alguna sorpresa en el camino?<\/p>\n<p><!-- BREAK 3 --> <\/p>\n<p>En Espinof |&nbsp;<a class=\"text-outboundlink\" href=\"https:\/\/www.espinof.com\/la-1\/que-nos-traten-convencer-que-israel-austria-tenian-canciones-muy-populares-eurovision-realidad-otra-muy-distinta\" data-vars-post-title=\"Por m\u00e1s que nos traten de convencer de que Israel y Austria ten\u00edan canciones muy populares en Eurovisi\u00f3n, la realidad es otra muy distinta\" data-vars-post-url=\"https:\/\/www.espinof.com\/la-1\/que-nos-traten-convencer-que-israel-austria-tenian-canciones-muy-populares-eurovision-realidad-otra-muy-distinta\">Por m\u00e1s que nos traten de convencer de que Israel y Austria ten\u00edan canciones muy populares en Eurovisi\u00f3n, la realidad es otra muy distinta<\/a><\/p>\n<p><!-- BREAK 4 --><\/p>\n<p>En Espinof | <a class=\"text-outboundlink\" href=\"https:\/\/www.espinof.com\/listas\/mejores-series-2025\" data-vars-post-title=\"Las 15 mejores series de 2025 (por ahora)\" data-vars-post-url=\"https:\/\/www.espinof.com\/listas\/mejores-series-2025\">Las mejores series de 2025<\/a><\/p>\n","protected":false},"excerpt":{"rendered":"<p>La noticia ya es vox populi y ha dado la vuelta al mundo: despu\u00e9s de que la UER tomara la decisi\u00f3n de no excluir a Israel en la edici\u00f3n de Eurovisi\u00f3n que tendr\u00e1 lugar en 2026, Espa\u00f1a ha decidido no participar ni emitir el festival. Junto a ella se han situado Irlanda, Pa\u00edses Bajos y [&hellip;]<\/p>\n","protected":false},"author":1,"featured_media":124301,"comment_status":"open","ping_status":"closed","sticky":false,"template":"","format":"standard","meta":[],"categories":[10],"tags":[],"_links":{"self":[{"href":"http:\/\/hoycordobaweb.com\/index.php\/wp-json\/wp\/v2\/posts\/124300"}],"collection":[{"href":"http:\/\/hoycordobaweb.com\/index.php\/wp-json\/wp\/v2\/posts"}],"about":[{"href":"http:\/\/hoycordobaweb.com\/index.php\/wp-json\/wp\/v2\/types\/post"}],"author":[{"embeddable":true,"href":"http:\/\/hoycordobaweb.com\/index.php\/wp-json\/wp\/v2\/users\/1"}],"replies":[{"embeddable":true,"href":"http:\/\/hoycordobaweb.com\/index.php\/wp-json\/wp\/v2\/comments?post=124300"}],"version-history":[{"count":0,"href":"http:\/\/hoycordobaweb.com\/index.php\/wp-json\/wp\/v2\/posts\/124300\/revisions"}],"wp:featuredmedia":[{"embeddable":true,"href":"http:\/\/hoycordobaweb.com\/index.php\/wp-json\/wp\/v2\/media\/124301"}],"wp:attachment":[{"href":"http:\/\/hoycordobaweb.com\/index.php\/wp-json\/wp\/v2\/media?parent=124300"}],"wp:term":[{"taxonomy":"category","embeddable":true,"href":"http:\/\/hoycordobaweb.com\/index.php\/wp-json\/wp\/v2\/categories?post=124300"},{"taxonomy":"post_tag","embeddable":true,"href":"http:\/\/hoycordobaweb.com\/index.php\/wp-json\/wp\/v2\/tags?post=124300"}],"curies":[{"name":"wp","href":"https:\/\/api.w.org\/{rel}","templated":true}]}}