{"id":124287,"date":"2025-12-04T12:40:51","date_gmt":"2025-12-04T12:40:51","guid":{"rendered":"https:\/\/www.mujerhoy.com\/moda\/no-te-pierdas\/melania-trump-zapatos-cuadros-navidad-bonitos-20251204133320-nt.html"},"modified":"2025-12-04T12:40:51","modified_gmt":"2025-12-04T12:40:51","slug":"furor-por-los-zapatos-navidenos-de-melania-trump-6-opciones-para-llevar-en-las-fiestas","status":"publish","type":"post","link":"http:\/\/hoycordobaweb.com\/index.php\/2025\/12\/04\/furor-por-los-zapatos-navidenos-de-melania-trump-6-opciones-para-llevar-en-las-fiestas\/","title":{"rendered":"Furor por los zapatos navide\u00f1os de Melania Trump: 6 opciones para llevar en las fiestas"},"content":{"rendered":"<p><!-- AUTHOR --><\/p>\n<div class=\"voc-author-timesocial \">\n<!-- AUTHOR --><\/p>\n<div class=\"voc-author-timesocial__signature \">\n<!-- IMAGE AUTHOR -->\n<picture class=\"voc-image-signature\">\n<img class=\"voc-image-signature__img\" src=\"http:\/\/hoycordobaweb.com\/wp-content\/uploads\/2025\/12\/furor-por-los-zapatos-navidenos-de-melania-trump-6-opciones-para-llevar-en-las-fiestas.jpg\" alt=\"Raquel Rodr\u00edguez\">\n<\/picture>\n<!-- INFO AUTHOR --> <\/div><\/div>\n<p><!-- COMPONENTS --><\/p>\n<p class=\"voc-paragraph\">Si tuvi\u00e9ramos que destacar algo del armario de <a href=\"https:\/\/www.mujerhoy.com\/temas\/personajes\/melania-trump.html\" title=\"www.mujerhoy.com\" data-voc-vtm-id=\"in-text-traffic\" data-mrf-link=\"www.mujerhoy.com\">Melania Trump <\/a>no ser\u00edan sus espectaculares abrigos o los dise\u00f1os estilizadores de firmas como Dior. Ser\u00eda, sin lugar a dudas, su gran colecci\u00f3n de zapatos. Gran amante de los salones alt\u00edsimos y muy elegantes, la primera dama presume de una selecci\u00f3n de lujo exquisita entre la que no faltan nombres como el de <strong>Manolo Blahnik<\/strong>.<\/p>\n<p class=\"voc-paragraph\">Esta marca de calzado,una de las m\u00e1s prestigiosas e ic\u00f3nicas del mundo, y fundada por el dise\u00f1ador espa\u00f1ol es una de las favoritas de la mujer de Donald Trump. Y la \u00faltima prueba de ello es que ha rescatado un <strong>modelo de cuadros <\/strong>de lo m\u00e1s navide\u00f1o que no ha tardado en causar furor.<\/p>\n<div class=\"v-c-cmp v-c-cmp--t1 \">\n<div class=\"v-cmp-rld v-cmp-rld--2 \">\n<div class=\"v-cnt-m v-cnt-m--m\">\n<div class=\"v-cnt-m__c\">\n<div class=\"v-cnt-m__w v-cnt-m__w--1\">\n<p class=\"v-cnt-m__t\">\nTAMBI\u00c9N TE INTERESA\n<\/p>\n<\/div>\n<\/div>\n<\/div>\n<div class=\"v-g v-g--2-c v-g--bdr-min-xs\">\n<div class=\"v-g__c \">\n<article class=\"v-a v-a--cmp-rld v-a--cmp-rld-2 v-a--p-l\">\n<div class=\"v-a-img-c\">\n<figure class=\"v-a-fig\">\n<a href=\"https:\/\/www.mujerhoy.com\/moda\/no-te-pierdas\/reina-letizia-rescata-traje-gris-cuadros-elegante-hugo-boss-20251204113309-nt.html#vtm_modulosEngag=mod-rel:moda:noticia:1:cmp:2-not\" class=\"v-a-link\" title=\"La reina Letizia rescata su traje gris de cuadros m\u00e1s elegante de Hugo Boss para la reuni\u00f3n con la Fundaci\u00f3n Princesa de Girona\"><br \/>\n<img loading=\"lazy\" class=\"v-a-img\" src=\"http:\/\/hoycordobaweb.com\/wp-content\/uploads\/2025\/12\/furor-por-los-zapatos-navidenos-de-melania-trump-6-opciones-para-llevar-en-las-fiestas-1.jpg\" alt=\"La reina Letizia rescata su traje gris de cuadros m\u00e1s elegante de Hugo Boss para la reuni\u00f3n con la Fundaci\u00f3n Princesa de Girona\"><br \/>\n<\/a><br \/>\n<\/figure>\n<\/div>\n<\/article>\n<\/div>\n<div class=\"v-g__c \">\n<article class=\"v-a v-a--cmp-rld v-a--cmp-rld-2 v-a--p-l\">\n<div class=\"v-a-img-c\">\n<figure class=\"v-a-fig\">\n<a href=\"https:\/\/www.mujerhoy.com\/moda\/no-te-pierdas\/kate-middleton-estrena-tiara-vestido-joya-cena-gala-20251204112633-nt.html#vtm_modulosEngag=mod-rel:moda:noticia:2:cmp:2-not\" class=\"v-a-link\" title=\"Kate Middleton estrena tiara y vestido joya en la cena de gala con el presidente alem\u00e1n\"><br \/>\n<img loading=\"lazy\" class=\"v-a-img\" src=\"http:\/\/hoycordobaweb.com\/wp-content\/uploads\/2025\/12\/furor-por-los-zapatos-navidenos-de-melania-trump-6-opciones-para-llevar-en-las-fiestas-2.jpg\" alt=\"Kate Middleton estrena tiara y vestido joya en la cena de gala con el presidente alem\u00e1n\"><br \/>\n<\/a><br \/>\n<\/figure>\n<\/div>\n<\/article>\n<\/div>\n<\/div>\n<\/div>\n<\/div>\n<p class=\"voc-paragraph\">Se trata de unos salones de dise\u00f1o cl\u00e1sico y con un tac\u00f3n muy alto y muy fino que est\u00e1 protagonizado por un estampado de cuadros en color rojo y verde que us\u00f3 para la inauguraci\u00f3n de la Navidad en la Casa Blanca. Un <strong>tart\u00e1n sobre un fondo claro <\/strong>que se ha colado en el radar de las <em>shoes lovers<\/em> y que lleva varios a\u00f1os en el armario de Melania.<\/p>\n<div class=\"v-c-cmp \">\n<div class=\"v-cmp-m v-cmp-m--t1\">\n<article class=\"v-a v-a--cmp-m v-c-cmp--m-p\">\n<div class=\"v-a-img-c v-a-img-c--fw-xs\">\n<div class=\"v-a-fig\">\n<div class=\"v-a-link\">\n<img loading=\"lazy\" src=\"http:\/\/hoycordobaweb.com\/wp-content\/uploads\/2025\/12\/furor-por-los-zapatos-navidenos-de-melania-trump-6-opciones-para-llevar-en-las-fiestas-3.jpg\" class=\"v-a-img\" width=\"650\" height=\"975\" alt=\"Melania Trump con unos zapatos de Manolo Blahnik.\" data-voc-vtm-id=\"in-text-traffic\">\n<\/div><figcaption class=\"v-fc\">\n<span class=\"v-fc__t\"><br \/>\nMelania Trump con unos zapatos de Manolo Blahnik.<br \/>\n<\/span><br \/>\n<span class=\"v-fc__p\"><br \/>\ngtres<br \/>\n<\/span><br \/>\n<\/figcaption><\/div>\n<\/div>\n<\/article>\n<\/div>\n<\/div>\n<p class=\"voc-paragraph\">La primera dama los combin\u00f3 con un abrigo blanco largo con mangas japonesas, cintur\u00f3n con hebilla y dise\u00f1o cruzado sin cuello. Una pieza a la que a\u00f1adi\u00f3 tambi\u00e9n unos <strong>guantes de piel en color burdeos <\/strong>que iban en perfecta sinton\u00eda con el print de los zapatos. <\/p>\n<p class=\"voc-paragraph\">Y s\u00ed, aunque se trata de un calzado que le hemos visto en otras ocasiones, han sido varias las que ha comentado la perfecci\u00f3n de un dise\u00f1o que a muchas les gustar\u00eda tener a mano para <strong>los looks de Navidad<\/strong>. \u00bfEres una de ellas? Pues aqu\u00ed van varias propuestas para imitar el estilo de Melania.<\/p>\n<div class=\"v-c-cmp v-c-cmp--s\">\n<div class=\"v-cmp-m \">\n<article class=\"v-a v-a--cmp-m v-c-cmp--m-z\">\n<div class=\"v-a-img-c \">\n<div class=\"v-a-fig\">\n<button class=\"v-a-link\" popovertarget=\"photo-679\"><br \/>\n<img loading=\"lazy\" src=\"http:\/\/hoycordobaweb.com\/wp-content\/uploads\/2025\/12\/furor-por-los-zapatos-navidenos-de-melania-trump-6-opciones-para-llevar-en-las-fiestas-4.jpg\" class=\"v-a-img\" width=\"650\" height=\"650\" alt data-voc-vtm-id=\"in-text-traffic\"> <\/button>\n<\/div>\n<\/div>\n<div id=\"photo-679\" popover class=\"v-mdl v-mdl--fw\">\n<button class=\"v-x\" popovertarget=\"photo-679\" popovertargetaction=\"hide\"><br \/>\n<span class=\"v-i\"><br \/>\n<svg width=\"24\" height=\"23.996\" viewBox=\"0 0 24 23.996\">\n<path data-name=\"Uni\u00f3n 29\" d=\"M12,14.03,2.031,24,0,21.963,9.968,12,0,2.033,2.031,0,12,9.966,21.969,0,24,2.033,14.032,12,24,21.963,21.969,24Z\" \/>\n<\/svg><br \/>\n<\/span><br \/>\n<\/button><\/p>\n<div class=\"v-mdl__c\">\n<div class=\"v-mdl__w\">\n<img loading=\"lazy\" src=\"http:\/\/hoycordobaweb.com\/wp-content\/uploads\/2025\/12\/furor-por-los-zapatos-navidenos-de-melania-trump-6-opciones-para-llevar-en-las-fiestas-4.jpg\" class=\"v-mdl__img-z\" width=\"650\" height=\"650\" alt>\n<\/div>\n<\/div>\n<\/div>\n<p><span class=\"v-bdp\"><\/span><br \/>\n<\/article>\n<\/div>\n<\/div>\n<p><h3 class=\"v-cmp-suh\">\nBurberry: versi\u00f3n oscura<br \/>\n<\/h3>\n<\/p>\n<p class=\"voc-paragraph\">Estos zapatos de Burberry se elaboran en Italia en lana. Es un modelo de tac\u00f3n de aguja que luce una puntera en forma de pico y est\u00e1 protagonizado por el ic\u00f3nico estampado a cuadros de Burberry Check. Presentan una c\u00f3moda plantilla en piel acolchada y suela con el emblema Equestrian Knight Design grabado en el caracter\u00edstico tono Knight Blue de la marca. Precio: 655 euros.<\/p>\n<div class=\"v-c-cmp v-c-cmp--s\">\n<div class=\"v-cmp-m \">\n<article class=\"v-a v-a--cmp-m v-c-cmp--m-z\">\n<div class=\"v-a-img-c \">\n<div class=\"v-a-fig\">\n<button class=\"v-a-link\" popovertarget=\"photo-552\"><br \/>\n<img loading=\"lazy\" src=\"http:\/\/hoycordobaweb.com\/wp-content\/uploads\/2025\/12\/furor-por-los-zapatos-navidenos-de-melania-trump-6-opciones-para-llevar-en-las-fiestas-5.jpg\" class=\"v-a-img\" width=\"650\" height=\"650\" alt data-voc-vtm-id=\"in-text-traffic\"> <\/button>\n<\/div>\n<\/div>\n<div id=\"photo-552\" popover class=\"v-mdl v-mdl--fw\">\n<button class=\"v-x\" popovertarget=\"photo-552\" popovertargetaction=\"hide\"><br \/>\n<span class=\"v-i\"><br \/>\n<svg width=\"24\" height=\"23.996\" viewBox=\"0 0 24 23.996\">\n<path data-name=\"Uni\u00f3n 29\" d=\"M12,14.03,2.031,24,0,21.963,9.968,12,0,2.033,2.031,0,12,9.966,21.969,0,24,2.033,14.032,12,24,21.963,21.969,24Z\" \/>\n<\/svg><br \/>\n<\/span><br \/>\n<\/button><\/p>\n<div class=\"v-mdl__c\">\n<div class=\"v-mdl__w\">\n<img loading=\"lazy\" src=\"http:\/\/hoycordobaweb.com\/wp-content\/uploads\/2025\/12\/furor-por-los-zapatos-navidenos-de-melania-trump-6-opciones-para-llevar-en-las-fiestas-5.jpg\" class=\"v-mdl__img-z\" width=\"650\" height=\"650\" alt>\n<\/div>\n<\/div>\n<\/div>\n<p><span class=\"v-bdp\"><\/span><br \/>\n<\/article>\n<\/div>\n<\/div>\n<p><h3 class=\"v-cmp-suh\">\nMascar\u00f3: tac\u00f3n ancho<br \/>\n<\/h3>\n<\/p>\n<p class=\"voc-paragraph\">en esta firma espa\u00f1ola de calzado hemos encontrado este sal\u00f3n de punta fina y tac\u00f3n grueso. Es el modelo Renata confeccionado en tweed blanco, negro y dorado que tiene adem\u00e1s el dise\u00f1o estilo mercedita con la puntera y la pulsera de charol negro. Precio: rebajados a 174,30 euros.<\/p>\n<div class=\"v-c-cmp v-c-cmp--s\">\n<div class=\"v-cmp-m \">\n<article class=\"v-a v-a--cmp-m v-c-cmp--m-z\">\n<div class=\"v-a-img-c \">\n<div class=\"v-a-fig\">\n<button class=\"v-a-link\" popovertarget=\"photo-589\"><br \/>\n<img loading=\"lazy\" src=\"http:\/\/hoycordobaweb.com\/wp-content\/uploads\/2025\/12\/furor-por-los-zapatos-navidenos-de-melania-trump-6-opciones-para-llevar-en-las-fiestas-6.jpg\" class=\"v-a-img\" width=\"650\" height=\"650\" alt data-voc-vtm-id=\"in-text-traffic\"> <\/button>\n<\/div>\n<\/div>\n<div id=\"photo-589\" popover class=\"v-mdl v-mdl--fw\">\n<button class=\"v-x\" popovertarget=\"photo-589\" popovertargetaction=\"hide\"><br \/>\n<span class=\"v-i\"><br \/>\n<svg width=\"24\" height=\"23.996\" viewBox=\"0 0 24 23.996\">\n<path data-name=\"Uni\u00f3n 29\" d=\"M12,14.03,2.031,24,0,21.963,9.968,12,0,2.033,2.031,0,12,9.966,21.969,0,24,2.033,14.032,12,24,21.963,21.969,24Z\" \/>\n<\/svg><br \/>\n<\/span><br \/>\n<\/button><\/p>\n<div class=\"v-mdl__c\">\n<div class=\"v-mdl__w\">\n<img loading=\"lazy\" src=\"http:\/\/hoycordobaweb.com\/wp-content\/uploads\/2025\/12\/furor-por-los-zapatos-navidenos-de-melania-trump-6-opciones-para-llevar-en-las-fiestas-6.jpg\" class=\"v-mdl__img-z\" width=\"650\" height=\"650\" alt>\n<\/div>\n<\/div>\n<\/div>\n<p><span class=\"v-bdp\"><\/span><br \/>\n<\/article>\n<\/div>\n<\/div>\n<p><h3 class=\"v-cmp-suh\">\nJimmy Choo: joya<br \/>\n<\/h3>\n<\/p>\n<p class=\"voc-paragraph\">Si buscas algo m\u00e1s elegante que pongan ese punto brillante en tus looks de Navidad, este modelo de Jimmy Choo nos ha robado el coraz\u00f3n. Se trata de un dise\u00f1o destalonado con un estampado de cuadros en color azul y con del detalle de pedrer\u00eda en el empeine. Precio: 925 euros.<\/p>\n<div class=\"v-c-cmp v-c-cmp--s\">\n<div class=\"v-cmp-m \">\n<article class=\"v-a v-a--cmp-m v-c-cmp--m-z\">\n<div class=\"v-a-img-c \">\n<div class=\"v-a-fig\">\n<button class=\"v-a-link\" popovertarget=\"photo-295\"><br \/>\n<img loading=\"lazy\" src=\"http:\/\/hoycordobaweb.com\/wp-content\/uploads\/2025\/12\/furor-por-los-zapatos-navidenos-de-melania-trump-6-opciones-para-llevar-en-las-fiestas-7.jpg\" class=\"v-a-img\" width=\"650\" height=\"650\" alt data-voc-vtm-id=\"in-text-traffic\"> <\/button>\n<\/div>\n<\/div>\n<div id=\"photo-295\" popover class=\"v-mdl v-mdl--fw\">\n<button class=\"v-x\" popovertarget=\"photo-295\" popovertargetaction=\"hide\"><br \/>\n<span class=\"v-i\"><br \/>\n<svg width=\"24\" height=\"23.996\" viewBox=\"0 0 24 23.996\">\n<path data-name=\"Uni\u00f3n 29\" d=\"M12,14.03,2.031,24,0,21.963,9.968,12,0,2.033,2.031,0,12,9.966,21.969,0,24,2.033,14.032,12,24,21.963,21.969,24Z\" \/>\n<\/svg><br \/>\n<\/span><br \/>\n<\/button><\/p>\n<div class=\"v-mdl__c\">\n<div class=\"v-mdl__w\">\n<img loading=\"lazy\" src=\"http:\/\/hoycordobaweb.com\/wp-content\/uploads\/2025\/12\/furor-por-los-zapatos-navidenos-de-melania-trump-6-opciones-para-llevar-en-las-fiestas-7.jpg\" class=\"v-mdl__img-z\" width=\"650\" height=\"650\" alt>\n<\/div>\n<\/div>\n<\/div>\n<p><span class=\"v-bdp\"><\/span><br \/>\n<\/article>\n<\/div>\n<\/div>\n<p><h3 class=\"v-cmp-suh\">\nLola &amp; Lo: tonos neutros<br \/>\n<\/h3>\n<\/p>\n<p class=\"voc-paragraph\">Este es un zapato de sal\u00f3n elegante, sofisticado y atemporal fabricado en tejido de cuadros en Espa\u00f1a. Su combinaci\u00f3n de colores en beige, negro y blanco hacen que sea una propuesta s\u00faper ponible. Est\u00e1 forrado en piel de cabra lisa y acolchada y tiene la suela de cuero natural. Precio: rebajado a 149 euros.<\/p>\n<div class=\"v-c-cmp v-c-cmp--s\">\n<div class=\"v-cmp-m \">\n<article class=\"v-a v-a--cmp-m v-c-cmp--m-z\">\n<div class=\"v-a-img-c \">\n<div class=\"v-a-fig\">\n<button class=\"v-a-link\" popovertarget=\"photo-249\"><br \/>\n<img loading=\"lazy\" src=\"http:\/\/hoycordobaweb.com\/wp-content\/uploads\/2025\/12\/furor-por-los-zapatos-navidenos-de-melania-trump-6-opciones-para-llevar-en-las-fiestas-8.jpg\" class=\"v-a-img\" width=\"650\" height=\"650\" alt data-voc-vtm-id=\"in-text-traffic\"> <\/button>\n<\/div>\n<\/div>\n<div id=\"photo-249\" popover class=\"v-mdl v-mdl--fw\">\n<button class=\"v-x\" popovertarget=\"photo-249\" popovertargetaction=\"hide\"><br \/>\n<span class=\"v-i\"><br \/>\n<svg width=\"24\" height=\"23.996\" viewBox=\"0 0 24 23.996\">\n<path data-name=\"Uni\u00f3n 29\" d=\"M12,14.03,2.031,24,0,21.963,9.968,12,0,2.033,2.031,0,12,9.966,21.969,0,24,2.033,14.032,12,24,21.963,21.969,24Z\" \/>\n<\/svg><br \/>\n<\/span><br \/>\n<\/button><\/p>\n<div class=\"v-mdl__c\">\n<div class=\"v-mdl__w\">\n<img loading=\"lazy\" src=\"http:\/\/hoycordobaweb.com\/wp-content\/uploads\/2025\/12\/furor-por-los-zapatos-navidenos-de-melania-trump-6-opciones-para-llevar-en-las-fiestas-8.jpg\" class=\"v-mdl__img-z\" width=\"650\" height=\"650\" alt>\n<\/div>\n<\/div>\n<\/div>\n<p><span class=\"v-bdp\"><\/span><br \/>\n<\/article>\n<\/div>\n<\/div>\n<p><h3 class=\"v-cmp-suh\">\nRalph Lauren: bordado<br \/>\n<\/h3>\n<\/p>\n<p class=\"voc-paragraph\">Al m\u00e1s puro estilo Melania, estos zapatos no solo se han colado en el radar por el estampado de cuadros en rojo y verde, sino tambi\u00e9n por su dise\u00f1o. Tiene la puntera bordada m\u00e1s redondeada y un empeine con leng\u00fceta. Precio: 189 euros.<\/p>\n<div class=\"v-c-cmp v-c-cmp--s\">\n<div class=\"v-cmp-m \">\n<article class=\"v-a v-a--cmp-m v-c-cmp--m-z\">\n<div class=\"v-a-img-c \">\n<div class=\"v-a-fig\">\n<button class=\"v-a-link\" popovertarget=\"photo-3\"><br \/>\n<img loading=\"lazy\" src=\"http:\/\/hoycordobaweb.com\/wp-content\/uploads\/2025\/12\/furor-por-los-zapatos-navidenos-de-melania-trump-6-opciones-para-llevar-en-las-fiestas-9.jpg\" class=\"v-a-img\" width=\"650\" height=\"650\" alt data-voc-vtm-id=\"in-text-traffic\"> <\/button>\n<\/div>\n<\/div>\n<div id=\"photo-3\" popover class=\"v-mdl v-mdl--fw\">\n<button class=\"v-x\" popovertarget=\"photo-3\" popovertargetaction=\"hide\"><br \/>\n<span class=\"v-i\"><br \/>\n<svg width=\"24\" height=\"23.996\" viewBox=\"0 0 24 23.996\">\n<path data-name=\"Uni\u00f3n 29\" d=\"M12,14.03,2.031,24,0,21.963,9.968,12,0,2.033,2.031,0,12,9.966,21.969,0,24,2.033,14.032,12,24,21.963,21.969,24Z\" \/>\n<\/svg><br \/>\n<\/span><br \/>\n<\/button><\/p>\n<div class=\"v-mdl__c\">\n<div class=\"v-mdl__w\">\n<img loading=\"lazy\" src=\"http:\/\/hoycordobaweb.com\/wp-content\/uploads\/2025\/12\/furor-por-los-zapatos-navidenos-de-melania-trump-6-opciones-para-llevar-en-las-fiestas-9.jpg\" class=\"v-mdl__img-z\" width=\"650\" height=\"650\" alt>\n<\/div>\n<\/div>\n<\/div>\n<p><span class=\"v-bdp\"><\/span><br \/>\n<\/article>\n<\/div>\n<\/div>\n<p><h3 class=\"v-cmp-suh\">\nPINKCHIC guagua: kitten heel<br \/>\n<\/h3>\n<\/p>\n<p class=\"voc-paragraph\">La firma que ama la reina Letizia tiene estos zapatos con silueta elegante y contempor\u00e1nea combinan el tejido tweed con una piel de napa contrastada en la puntera y el tal\u00f3n. Precio: 145 euros.<\/p>\n<div class=\"v-c-cmp v-c-cmp--t1 \">\n<div class=\"v-cmp-rld v-cmp-rld--2 \">\n<div class=\"v-cnt-m v-cnt-m--m\">\n<div class=\"v-cnt-m__c\">\n<div class=\"v-cnt-m__w v-cnt-m__w--1\">\n<p class=\"v-cnt-m__t\">\nTAMBI\u00c9N TE INTERESA\n<\/p>\n<\/div>\n<\/div>\n<\/div>\n<div class=\"v-g v-g--2-c v-g--bdr-min-xs\">\n<div class=\"v-g__c \">\n<article class=\"v-a v-a--cmp-rld v-a--cmp-rld-2 v-a--p-l\">\n<div class=\"v-a-img-c\">\n<figure class=\"v-a-fig\">\n<a href=\"https:\/\/www.mujerhoy.com\/moda\/no-te-pierdas\/reina-letizia-rescata-chaqueta-mango-elegante-look-oficina-invierno-20251203114854-nt.html#vtm_modulosEngag=mod-rel:moda:noticia:1:cmp:2-not\" class=\"v-a-link\" title=\"La reina Letizia rescata la chaqueta de Mango m\u00e1s elegante y consigue el look perfecto para ir a la oficina en invierno\"><br \/>\n<img loading=\"lazy\" class=\"v-a-img\" src=\"http:\/\/hoycordobaweb.com\/wp-content\/uploads\/2025\/12\/furor-por-los-zapatos-navidenos-de-melania-trump-6-opciones-para-llevar-en-las-fiestas-10.jpg\" alt=\"La reina Letizia rescata la chaqueta de Mango m\u00e1s elegante y consigue el look perfecto para ir a la oficina en invierno\"><br \/>\n<\/a><br \/>\n<\/figure>\n<\/div>\n<\/article>\n<\/div>\n<div class=\"v-g__c \">\n<article class=\"v-a v-a--cmp-rld v-a--cmp-rld-2 v-a--p-l\">\n<div class=\"v-a-img-c\">\n<figure class=\"v-a-fig\">\n<a href=\"https:\/\/www.mujerhoy.com\/moda\/no-te-pierdas\/melania-trump-look-elegante-cita-reina-camilla-traje-piel-camel-20250918130341-nt.html#vtm_modulosEngag=mod-rel:moda:noticia:2:cmp:2-not\" class=\"v-a-link\" title=\"Melania Trump, elegant\u00edsima en su cita con la reina Camilla y Kate Middleton: del traje m\u00e1s especial a la chaqueta de ante tendencia\"><br \/>\n<img loading=\"lazy\" class=\"v-a-img\" src=\"http:\/\/hoycordobaweb.com\/wp-content\/uploads\/2025\/12\/furor-por-los-zapatos-navidenos-de-melania-trump-6-opciones-para-llevar-en-las-fiestas-11.jpg\" alt=\"Melania Trump, elegant\u00edsima en su cita con la reina Camilla y Kate Middleton: del traje m\u00e1s especial a la chaqueta de ante tendencia\"><br \/>\n<\/a><br \/>\n<\/figure>\n<\/div>\n<\/article>\n<\/div>\n<\/div>\n<\/div>\n<\/div>\n<div class=\"media_block\"><\/div>\n","protected":false},"excerpt":{"rendered":"<p>Si tuvi\u00e9ramos que destacar algo del armario de Melania Trump no ser\u00edan sus espectaculares abrigos o los dise\u00f1os estilizadores de firmas como Dior. Ser\u00eda, sin lugar a dudas, su gran colecci\u00f3n de zapatos. Gran amante de los salones alt\u00edsimos y muy elegantes, la primera dama presume de una selecci\u00f3n de lujo exquisita entre la que [&hellip;]<\/p>\n","protected":false},"author":1,"featured_media":124288,"comment_status":"closed","ping_status":"closed","sticky":false,"template":"","format":"standard","meta":[],"categories":[],"tags":[],"_links":{"self":[{"href":"http:\/\/hoycordobaweb.com\/index.php\/wp-json\/wp\/v2\/posts\/124287"}],"collection":[{"href":"http:\/\/hoycordobaweb.com\/index.php\/wp-json\/wp\/v2\/posts"}],"about":[{"href":"http:\/\/hoycordobaweb.com\/index.php\/wp-json\/wp\/v2\/types\/post"}],"author":[{"embeddable":true,"href":"http:\/\/hoycordobaweb.com\/index.php\/wp-json\/wp\/v2\/users\/1"}],"replies":[{"embeddable":true,"href":"http:\/\/hoycordobaweb.com\/index.php\/wp-json\/wp\/v2\/comments?post=124287"}],"version-history":[{"count":0,"href":"http:\/\/hoycordobaweb.com\/index.php\/wp-json\/wp\/v2\/posts\/124287\/revisions"}],"wp:featuredmedia":[{"embeddable":true,"href":"http:\/\/hoycordobaweb.com\/index.php\/wp-json\/wp\/v2\/media\/124288"}],"wp:attachment":[{"href":"http:\/\/hoycordobaweb.com\/index.php\/wp-json\/wp\/v2\/media?parent=124287"}],"wp:term":[{"taxonomy":"category","embeddable":true,"href":"http:\/\/hoycordobaweb.com\/index.php\/wp-json\/wp\/v2\/categories?post=124287"},{"taxonomy":"post_tag","embeddable":true,"href":"http:\/\/hoycordobaweb.com\/index.php\/wp-json\/wp\/v2\/tags?post=124287"}],"curies":[{"name":"wp","href":"https:\/\/api.w.org\/{rel}","templated":true}]}}