{"id":12325,"date":"2021-02-10T12:30:54","date_gmt":"2021-02-10T12:30:54","guid":{"rendered":"https:\/\/www.perfil.com\/noticias\/politica\/fernan-quiros-le-reclamo-a-los-docentes-que-intensifiquen-sus-testeos.phtml"},"modified":"2021-02-10T12:30:54","modified_gmt":"2021-02-10T12:30:54","slug":"fernan-quiros-le-reclamo-a-los-docentes-que-intensifiquen-sus-testeos","status":"publish","type":"post","link":"http:\/\/hoycordobaweb.com\/index.php\/2021\/02\/10\/fernan-quiros-le-reclamo-a-los-docentes-que-intensifiquen-sus-testeos\/","title":{"rendered":"Fern\u00e1n Quir\u00f3s le reclam\u00f3 a los docentes que \u00abintensifiquen sus testeos\u00bb"},"content":{"rendered":"<p><img src=\"http:\/\/hoycordobaweb.com\/wp-content\/uploads\/2021\/02\/fernan-quiros-le-reclamo-a-los-docentes-que-intensifiquen-sus-testeos.jpg\"><\/p>\n<div><img src=\"http:\/\/hoycordobaweb.com\/wp-content\/uploads\/2021\/02\/fernan-quiros-le-reclamo-a-los-docentes-que-intensifiquen-sus-testeos-2.jpg\" class=\"ff-og-image-inserted\"><\/div>\n<aside class=\"relatedPost\">\n<h3>Noticias Relacionadas<\/h3>\n<\/aside>\n<p>El ministro de Salud porte\u00f1o <a target=\"_blank\" href=\"https:\/\/www.perfil.com\/tags\/fernan-quiros?rd=1\" rel=\"noopener noreferrer\"><strong>Fern\u00e1n Quir\u00f3s<\/strong><\/a> explic\u00f3 en reporte epidemiol\u00f3gico&nbsp;de este mi\u00e9rcoles 10 de febrero el <strong>plan de vacunaci\u00f3n en la ciudad de Buenos Aires<\/strong>, que ahora se encuentra en la primera etapa con la inoculaci\u00f3n al personal de la salud. En cuanto al inminente <strong>inicio de clases en el distrito capital<\/strong>, Quir\u00f3s les pidi\u00f3 a los docentes que <strong>\u00abintensifiquen los testeos\u00bb<\/strong>.<\/p>\n<p>\u00abLes damos la posibilidad a los docentes como lo hemos hecho con quienes salieron de la Ciudad a testearse para la tranquilidad escolar. <strong>Intensifiquen sus testeos, porque es muy importante para la comunidad educativa<\/strong>\u00ab, expres\u00f3 el encargado de la cartera porte\u00f1a de Salud.<\/p>\n<p>En ese sentido, el ministro agreg\u00f3 que \u00ab<strong>es el mismo debate que con el turismo:<\/strong> al principio, las personas no se sienten seguras pero con el tiempo y la comunicaci\u00f3n vamos a poder concientizar a la poblaci\u00f3n\u00bb, detall\u00f3 luego de que se testearan 2.400 docentes.<\/p>\n<p class=\"destacadoNota\"><a target=\"_self\" href=\"https:\/\/www.perfil.com\/noticias\/sociedad\/usaran-centros-culturales-y-clubes-de-barrio-para-garantizar-la-presencialidad.phtml\" rel=\"noopener noreferrer\">Usar\u00e1n centros culturales y clubes de barrio para garantizar la presencialidad<\/a><\/p>\n<p>Sobre el inicio de clases presenciales del pr\u00f3ximo 17 de febrero, Quir\u00f3s indic\u00f3 que<strong> aquellas personas \u00abque presenten un motivo de comorbilidad asociada a esta enfermedad van a tener posibilidad de realizar educaci\u00f3n a distancia<\/strong>\u00ab, dijo el ministro.<\/p>\n<p>En ese sentido, reiter\u00f3 la intenci\u00f3n conjunta del gobierno nacional y local sobre \u00abla <a target=\"_blank\" href=\"https:\/\/www.perfil.com\/noticias\/politica\/nicolas-trotta-sobre-el-regreso-a-clases-no-tenemos-que-enlodar-todo-en-la-politica.phtml\" rel=\"noopener noreferrer\"><strong>presencialidad cuidada<\/strong><\/a>\u00bb para que a trav\u00e9s de la estrategia de testeo detectaron a diez personas que eran positivas al virus: \u00abEl cuidado significa aislar a las personas que den positivo al virus, pero todos <strong>los encuentros&nbsp;que van haciendo los docentes son de manera cuidada<\/strong>, de muy bajo riesgo\u00bb, recalc\u00f3 Quir\u00f3s.<\/p>\n<p class=\"destacadoNota\"><a target=\"_self\" href=\"https:\/\/www.perfil.com\/noticias\/politica\/nicolas-trotta-sobre-el-regreso-a-clases-no-tenemos-que-enlodar-todo-en-la-politica.phtml\" rel=\"noopener noreferrer\">Nicol\u00e1s Trotta sobre el regreso a clases: \u00abNo tenemos que enlodar todo en la pol\u00edtica\u00bb<\/a><\/p>\n<p>A su vez, Quir\u00f3s se refiri\u00f3 a la las vacunas&nbsp;<strong>Sputnik<\/strong> V recibidas por parte del ministerio de Salud nacional y detall\u00f3 que de las <strong>39.900 dosis del primer componente<\/strong>, <strong>se han vacunado 35.559<\/strong>, mientras que de la segunda son 24.300 y 20.813, respectivamente. \u00ab<strong>Quisi\u00e9ramos tener un acceso m\u00e1s acelerado a las vacunas<\/strong>. Si las tuvi\u00e9ramos, las aplicar\u00edamos\u00bb, declar\u00f3.<\/p>\n<p><strong>\u00abPr\u00e1cticamente en estos d\u00edas terminaremos la totalidad de la inmunizaci\u00f3n\u00bb<\/strong>, detall\u00f3 en el reporte epidemiol\u00f3gico y explic\u00f3 las <a target=\"_blank\" href=\"https:\/\/www.perfil.com\/noticias\/politica\/nicolas-trotta-la-vacuna-no-es-indispensable-para-la-presencialidad-en-las-escuelas.phtml\" rel=\"noopener noreferrer\">etapas de vacunaci\u00f3n<\/a> que se encuentra en la primera etapa para inocular al personal de la salud que se realiza en hospitales p\u00fablicos y privados y en otras instituciones de bien p\u00fablico.<\/p>\n<p><strong>\u00abCuando pasemos esa etapa, vacunaremos a los mayores de 70 a\u00f1os, luego quienes est\u00e9n entre los 60 y 69 a\u00f1os\u00bb<\/strong>, recalc\u00f3.<\/p>\n<h2>Los datos del reporte sanitario<\/h2>\n<p>La Ciudad identific\u00f3 un total de <strong>217.924 casos positivos<\/strong> por coronavirus, de los cuales <strong>187.710 se recuperaron<\/strong> y <strong>fallecieron 6.565 personas<\/strong> a causa de los s\u00edntomas del Covid-19.&nbsp;<\/p>\n<p>Luego del aumento de casos de diciembre y enero cuando hubo un promedio de 1400 casos por d\u00eda, <strong>la curva de contagios disminuy\u00f3 hasta llegar a la mitad&nbsp;<\/strong> a la fecha. <strong>Los m\u00e1s afectados son el grupo etario de 30 a 39 a\u00f1os<\/strong>, mientras que los de letalidad m\u00e1s elevada son aquellos que tienen m\u00e1s de 60 a\u00f1os, que es el grupo de mayor riesgo.<\/p>\n<p class=\"destacadoNota\"><a target=\"_self\" href=\"https:\/\/www.perfil.com\/noticias\/actualidad\/quiros-cualquier-trabajador-vacunado-que-no-sea-de-la-salud-debe-ser-denunciado.phtml\" rel=\"noopener noreferrer\">Quir\u00f3s: \u00abCualquier persona vacunada que no sea de la salud debe ser denunciada\u00bb<\/a><\/p>\n<p>En cuanto a los <strong>testeos<\/strong>, el ministro indic\u00f3 que uno de cada dos porte\u00f1os se ha realizado la evaluaci\u00f3n, lo que representa en cifras concretas a un <strong>61,9% de la poblaci\u00f3n de la Ciudad<\/strong>. La tasa de positividad se mantiene debajo del 10% desde diciembre.<\/p>\n<p>CI\/FL<\/p>\n","protected":false},"excerpt":{"rendered":"<p>Noticias Relacionadas El ministro de Salud porte\u00f1o Fern\u00e1n Quir\u00f3s explic\u00f3 en reporte epidemiol\u00f3gico&nbsp;de este mi\u00e9rcoles 10 de febrero el plan de vacunaci\u00f3n en la ciudad de Buenos Aires, que ahora se encuentra en la primera etapa con la inoculaci\u00f3n al personal de la salud. En cuanto al inminente inicio de clases en el distrito capital, [&hellip;]<\/p>\n","protected":false},"author":1,"featured_media":12326,"comment_status":"closed","ping_status":"closed","sticky":false,"template":"","format":"standard","meta":[],"categories":[1],"tags":[],"_links":{"self":[{"href":"http:\/\/hoycordobaweb.com\/index.php\/wp-json\/wp\/v2\/posts\/12325"}],"collection":[{"href":"http:\/\/hoycordobaweb.com\/index.php\/wp-json\/wp\/v2\/posts"}],"about":[{"href":"http:\/\/hoycordobaweb.com\/index.php\/wp-json\/wp\/v2\/types\/post"}],"author":[{"embeddable":true,"href":"http:\/\/hoycordobaweb.com\/index.php\/wp-json\/wp\/v2\/users\/1"}],"replies":[{"embeddable":true,"href":"http:\/\/hoycordobaweb.com\/index.php\/wp-json\/wp\/v2\/comments?post=12325"}],"version-history":[{"count":0,"href":"http:\/\/hoycordobaweb.com\/index.php\/wp-json\/wp\/v2\/posts\/12325\/revisions"}],"wp:featuredmedia":[{"embeddable":true,"href":"http:\/\/hoycordobaweb.com\/index.php\/wp-json\/wp\/v2\/media\/12326"}],"wp:attachment":[{"href":"http:\/\/hoycordobaweb.com\/index.php\/wp-json\/wp\/v2\/media?parent=12325"}],"wp:term":[{"taxonomy":"category","embeddable":true,"href":"http:\/\/hoycordobaweb.com\/index.php\/wp-json\/wp\/v2\/categories?post=12325"},{"taxonomy":"post_tag","embeddable":true,"href":"http:\/\/hoycordobaweb.com\/index.php\/wp-json\/wp\/v2\/tags?post=12325"}],"curies":[{"name":"wp","href":"https:\/\/api.w.org\/{rel}","templated":true}]}}