{"id":122064,"date":"2025-11-11T13:16:25","date_gmt":"2025-11-11T13:16:25","guid":{"rendered":"https:\/\/www.ole.com.ar\/futbol-internacional\/america\/flamengo-brasileirao-neymar-santos-critica-neto-brasil-descenso-verguenza_0_Tmjl6BdH8k.html"},"modified":"2025-11-11T13:16:25","modified_gmt":"2025-11-11T13:16:25","slug":"las-acidas-criticas-a-neymar-en-brasil-santos-va-a-descender-por-su-culpa-es-una-verguenza","status":"publish","type":"post","link":"http:\/\/hoycordobaweb.com\/index.php\/2025\/11\/11\/las-acidas-criticas-a-neymar-en-brasil-santos-va-a-descender-por-su-culpa-es-una-verguenza\/","title":{"rendered":"Las \u00e1cidas cr\u00edticas a Neymar en Brasil: \u00abSantos va a descender por su culpa, es una verg\u00fcenza\u00bb"},"content":{"rendered":"<p><img src=\"http:\/\/hoycordobaweb.com\/wp-content\/uploads\/2025\/11\/las-acidas-criticas-a-neymar-en-brasil-santos-va-a-descender-por-su-culpa-es-una-verguenza.jpg\"><\/p>\n<p><time class=\"createDate\" datetime=\"2025-11-11T10:16:25-03:00\">11\/11\/2025 10:16hs.<\/time><\/p>\n<div id=\"storyBody\">\n<div id=\"element-body-0\" class=\"sc-136cd478-0 ekTCfV\" readability=\"32.320675105485\">\n<p>A <strong><a href=\"https:\/\/www.ole.com.ar\/tema\/neymar.html\" title=\"Neymar\" alt=\"Neymar\" class=\"slug\">Neymar<\/a><\/strong>no se le viene dando. Pese a que sigue so\u00f1ando con llegar al <strong><a href=\"https:\/\/www.ole.com.ar\/tema\/mundial-2026.html\" title=\"Mundial 2026\" alt=\"Mundial 2026\" class=\"slug\">Mundial 2026<\/a><\/strong>, su presente en <strong><a href=\"https:\/\/www.ole.com.ar\/tema\/santos-brasil.html\" title=\"Santos Brasil\" alt=\"Santos Brasil\" class=\"slug\">Santos<\/a> est\u00e1 lejos de lo esperado<\/strong>, y en consecuencia <strong><a href=\"https:\/\/www.ole.com.ar\/tema\/carlo-ancelotti.html\" title=\"Carlo Ancelotti\" alt=\"Carlo Ancelotti\" class=\"slug\">Carlo Ancelotti<\/a><\/strong> no lo convoca. En la reciente <strong><a href=\"https:\/\/www.ole.com.ar\/futbol-internacional\/flamengo-brasileirao-neymar-santos_0_gvelip6gww.html\" target=\"_self\" title=\"derrota 3-2 ante Flamengo\" alt=\"derrota 3-2 ante Flamengo\" rel=\"noopener noreferrer\">derrota 3-2 ante Flamengo<\/a><\/strong> volvi\u00f3 preocupar el bajo nivel del ex <strong><a href=\"https:\/\/www.ole.com.ar\/tema\/fc-barcelona.html\" title=\"FC Barcelona\" alt=\"FC Barcelona\" class=\"slug\">Barcelona<\/a><\/strong>. <strong><a href=\"https:\/\/www.ole.com.ar\/tema\/juan-pablo-vojvoda.html\" title=\"Juan Pablo Vojvoda\" alt=\"Juan Pablo Vojvoda\" class=\"slug\">Juan Pablo Vojvoda<\/a><\/strong> decidi\u00f3 reemplazarlo en el segundo tiempo, y la reacci\u00f3n del Peixe lleg\u00f3 justo despu\u00e9s, con dos goles que maquillaron el resultado, pero no evitaron la ca\u00edda frente al Meng\u00e3o.<\/p>\n<\/div>\n<div id=\"element-body-1\" class=\"sc-136cd478-0 ekTCfV\" readability=\"40\">\n<p>Luego del partido, <strong>el ex jugador Neto<\/strong>, que se reconvirti\u00f3 en un \u00e1cido periodista que no teme a criticar con dureza, no se guard\u00f3 nada al hablar en R\u00e1dio Craque Neto: \u00ab\u00bfMe vas a sacar? \u00bfViste cuando Vojvoda lo sac\u00f3 a Neymar? \u00a1 <strong>No jugaste nada!<\/strong> Caminaste toda la cancha. Fuiste a la F\u00f3rmula 1, saludaste a los pilotos, fuiste titular y no hiciste nada. <strong>\u00a1Una verg\u00fcenza!<\/strong>\u00ab.<\/p>\n<\/div>\n<div class=\"sc-e7b891c4-0 ifHnQL image-embed\" id=\"element-body-2\"><img alt=\"Neymar, enojado con Vojvoda. REUTERS\" loading=\"lazy\" width=\"720\" height=\"100\" decoding=\"async\" data-nimg=\"1\" src=\"http:\/\/hoycordobaweb.com\/wp-content\/uploads\/2025\/11\/las-acidas-criticas-a-neymar-en-brasil-santos-va-a-descender-por-su-culpa-es-una-verguenza-2.jpg\"><span class=\"epigraphe\">Neymar, enojado con Vojvoda. REUTERS<\/span><\/div>\n<p><h2><strong>\u00abEl Santos va a descender por culpa de Neymar\u00bb<\/strong><\/h2>\n<\/p>\n<div id=\"element-body-4\" class=\"sc-136cd478-0 ekTCfV\" readability=\"35\">\n<p>Neto sigui\u00f3 sin pelos en la lengua y sostuvo: \u00ab\u00bfY qu\u00e9 pas\u00f3? <strong>Santos marc\u00f3 dos goles cuando entraron los dem\u00e1s<\/strong>. Si no hubieran puesto el mismo equipo que jug\u00f3 la segunda parte, \u00bfhabr\u00edan ganado el partido? \u00bfHabr\u00edan empatado?\u00bb.<\/p>\n<\/div>\n<div class=\"custom-embedhtml\" id=\"element-body-5\" readability=\"28.217592592593\">\n<blockquote class=\"twitter-tweet\" readability=\"9.8148148148148\">\n<p lang=\"pt\" dir=\"ltr\">CRAQUE NETO FALA SOBRE A DERROTA DO SANTOS E A IRRITA\u00c7\u00c3O DE NEYMAR!<\/p>\n<p>O Craque Neto cravou que o Santos cai para a S\u00e9rie B e junto do presidente, Marcelo Teixeira, Neymar \u00e9 um dos culpados pela queda. Voc\u00ea concorda?<\/p>\n<p>\ud83c\udfa5 <a href=\"https:\/\/twitter.com\/radiocraqueneto?ref_src=twsrc%5Etfw\">@radiocraqueneto<\/a> <a href=\"https:\/\/t.co\/9fxAnTWXyr\">pic.twitter.com\/9fxAnTWXyr<\/a><\/p>\n<p>\u2014 R\u00e1dio Craque Neto (@radiocraqueneto) <a href=\"https:\/\/twitter.com\/radiocraqueneto\/status\/1987678444776276231?ref_src=twsrc%5Etfw\">November 10, 2025<\/a><\/p><\/blockquote><\/div>\n<div id=\"element-body-6\" class=\"sc-136cd478-0 ekTCfV\" readability=\"38\">\n<p>\u00abMientras ustedes, hinchas del Santos, creen que este tipo va a llevar al Santos a la gloria&#8230; <strong>Ustedes (el Santos) van a descender a la Serie B por culpa de Neymar y la del presidente<\/strong>. Es culpa de Neymar, de sus aduladores. Miren qu\u00e9 diferente es Santos sin \u00e9l\u00bb, finaliz\u00f3.<\/p>\n<\/div>\n<div class=\"sc-e7b891c4-0 ifHnQL image-embed\" id=\"element-body-7\"><img alt=\"Neymar contra el Santos. REUTERS\" loading=\"lazy\" width=\"720\" height=\"100\" decoding=\"async\" data-nimg=\"1\" src=\"http:\/\/hoycordobaweb.com\/wp-content\/uploads\/2025\/11\/las-acidas-criticas-a-neymar-en-brasil-santos-va-a-descender-por-su-culpa-es-una-verguenza-3.jpg\"><span class=\"epigraphe\">Neymar contra el Santos. REUTERS<\/span><\/div>\n<p><h2><strong>El enojo de Neymar con Vojvoda<\/strong><\/h2>\n<\/p>\n<div id=\"element-body-9\" class=\"sc-136cd478-0 ekTCfV\" readability=\"36\">\n<p>En la derrota 3-2 ante Flamengo, <strong>Neymar reaccion\u00f3 con enojo cuando el t\u00e9cnico argentino Juan Pablo Vojvoda<\/strong> decidi\u00f3 reemplazarlo en el segundo tiempo. Al ver su n\u00famero en el cartel de cambios, Neymar se se\u00f1al\u00f3 sorprendido y le pregunt\u00f3: \u00bb <strong>\u00bfA m\u00ed?<\/strong>\u00ab.<\/p>\n<\/div>\n<div id=\"element-body-10\" class=\"sc-136cd478-0 ekTCfV\" readability=\"41\">\n<p>La escena, captada por las c\u00e1maras, se viraliz\u00f3 r\u00e1pidamente y encendi\u00f3 el debate en redes. Vojvoda intent\u00f3 bajarle el tono al conflicto tras el partido: \u00bb <strong>Es l\u00f3gico que Neymar estuviera molesto, como lo estar\u00eda cualquier jugador<\/strong>. Pero soy yo quien decide qui\u00e9n sale. Considero totalmente normal que estuviera molesto. Y, adem\u00e1s, tiene que ser as\u00ed muchas veces, siempre con respeto\u00bb.<\/p>\n<\/div>\n<div id=\"element-body-11\" class=\"sc-3c5a76cc-1 idjLTd\" readability=\"32\">\n<div class=\"sc-e8b2828-0 fBmEJc\" type=\"embed\">\n<div class=\"sc-e8b2828-1 iPLbWT videoText\" id=\"contentTitleembedEM8A3qOU\" type=\"embed\"><svg fill=\"#ffffff\"><symbol id=\"play\" viewBox=\"0 0 512 512\"><path d=\"M512 256C512 397.4 397.4 512 256 512C114.6 512 0 397.4 0 256C0 114.6 114.6 0 256 0C397.4 0 512 114.6 512 256zM176 168V344C176 352.7 180.7 360.7 188.3 364.9C195.8 369.2 205.1 369 212.5 364.5L356.5 276.5C363.6 272.1 368 264.4 368 256C368 247.6 363.6 239.9 356.5 235.5L212.5 147.5C205.1 142.1 195.8 142.8 188.3 147.1C180.7 151.3 176 159.3 176 168V168z\" \/><\/symbol><use xlink:href=\"#play\" \/><\/svg><\/p>\n<div class=\"right\">\n<p>Santos de Brasil<!-- --> &#8211; <span>&nbsp;<\/span><\/p>\n<h2 class=\"title-vid\">Neymar se enoj\u00f3 con Vojvoda cuando lo sac\u00f3<\/h2>\n<\/div>\n<\/div>\n<p><span class=\"back\" id=\"spanBackembedEM8A3qOU\"><\/span><\/div>\n<div class=\"JWvideoNota_title\" readability=\"9\">\n<p>El delantero de Santos se alter\u00f3 al ser reemplazado contra Flamengo, por el Brasileirao. Fuente: Globoesporte.<\/p>\n<\/div>\n<\/div>\n<div id=\"element-body-12\" class=\"sc-136cd478-0 ekTCfV\" readability=\"37\">\n<p>A falta de cinco fechas para el final del Brasileirao, Santos se encuentra en una situaci\u00f3n cr\u00edtica: <strong>ocupa el puesto 17 con 33 puntos<\/strong>, siendo el \u00faltimo equipo en zona de descenso. Por encima aparecen Vit\u00f3ria con 35 unidades e Internacional con 37, ambos fuera del peligro por ahora.<\/p>\n<\/div>\n<div id=\"element-body-13\" class=\"sc-136cd478-0 ekTCfV\" readability=\"38\">\n<p>En los partidos restantes, el Peixe se enfrentar\u00e1 al <strong>Palmeiras, Mirassol, Internacional, Sport Recife, Juventude y cerrar\u00e1 contra Cruzeiro<\/strong>.<\/p>\n<\/div>\n<div id=\"element-body-14\" class=\"sc-a7166897-0 eoLsBE\" readability=\"31.5\">\n<section readability=\"3\"><picture><img alt=\"Zambia sorprendi\u00f3 a Brasil con un golazo ol\u00edmpico y baile incluido en el Mundial Sub 17 \" loading=\"lazy\" width=\"290\" height=\"290\" decoding=\"async\" data-nimg=\"1\" src=\"http:\/\/hoycordobaweb.com\/wp-content\/uploads\/2025\/11\/las-acidas-criticas-a-neymar-en-brasil-santos-va-a-descender-por-su-culpa-es-una-verguenza-4.jpg\"><\/picture>\n<p><span>Mir\u00e1 tambi\u00e9n<\/span><\/p>\n<hr>\n<h3>Zambia sorprendi\u00f3 a Brasil con un golazo ol\u00edmpico y baile incluido en el Mundial Sub 17 <\/h3>\n<\/p>\n<\/section>\n<\/div>\n<div id=\"element-body-15\" class=\"sc-a7166897-0 eoLsBE\" readability=\"32\">\n<section readability=\"4\"><picture><img alt=\"Sali\u00f3 campe\u00f3n con Boca en la Intercontinental, le meti\u00f3 un golazo a River y volvi\u00f3 a la Bombonera para ver el Supercl\u00e1sico\" loading=\"lazy\" width=\"290\" height=\"290\" decoding=\"async\" data-nimg=\"1\" src=\"http:\/\/hoycordobaweb.com\/wp-content\/uploads\/2025\/11\/las-acidas-criticas-a-neymar-en-brasil-santos-va-a-descender-por-su-culpa-es-una-verguenza-5.jpg\"><\/picture>\n<p><span>Mir\u00e1 tambi\u00e9n<\/span><\/p>\n<hr>\n<h3>Sali\u00f3 campe\u00f3n con Boca en la Intercontinental, le meti\u00f3 un golazo a River y volvi\u00f3 a la Bombonera para ver el Supercl\u00e1sico<\/h3>\n<\/p>\n<\/section>\n<\/div>\n<div id=\"element-body-16\" class=\"sc-a7166897-0 eoLsBE\" readability=\"31\">\n<section readability=\"2\"><picture><img alt=\"La tremenda definici\u00f3n del Brasileirao entre Palmeiras y Flamengo\" loading=\"lazy\" width=\"290\" height=\"290\" decoding=\"async\" data-nimg=\"1\" src=\"http:\/\/hoycordobaweb.com\/wp-content\/uploads\/2025\/11\/las-acidas-criticas-a-neymar-en-brasil-santos-va-a-descender-por-su-culpa-es-una-verguenza-6.jpg\"><\/picture>\n<p><span>Mir\u00e1 tambi\u00e9n<\/span><\/p>\n<hr>\n<h3>La tremenda definici\u00f3n del Brasileirao entre Palmeiras y Flamengo<\/h3>\n<\/p>\n<\/section>\n<\/div>\n<\/div>\n","protected":false},"excerpt":{"rendered":"<p>11\/11\/2025 10:16hs. A Neymarno se le viene dando. Pese a que sigue so\u00f1ando con llegar al Mundial 2026, su presente en Santos est\u00e1 lejos de lo esperado, y en consecuencia Carlo Ancelotti no lo convoca. En la reciente derrota 3-2 ante Flamengo volvi\u00f3 preocupar el bajo nivel del ex Barcelona. Juan Pablo Vojvoda decidi\u00f3 reemplazarlo [&hellip;]<\/p>\n","protected":false},"author":1,"featured_media":122065,"comment_status":"open","ping_status":"closed","sticky":false,"template":"","format":"standard","meta":[],"categories":[16],"tags":[],"_links":{"self":[{"href":"http:\/\/hoycordobaweb.com\/index.php\/wp-json\/wp\/v2\/posts\/122064"}],"collection":[{"href":"http:\/\/hoycordobaweb.com\/index.php\/wp-json\/wp\/v2\/posts"}],"about":[{"href":"http:\/\/hoycordobaweb.com\/index.php\/wp-json\/wp\/v2\/types\/post"}],"author":[{"embeddable":true,"href":"http:\/\/hoycordobaweb.com\/index.php\/wp-json\/wp\/v2\/users\/1"}],"replies":[{"embeddable":true,"href":"http:\/\/hoycordobaweb.com\/index.php\/wp-json\/wp\/v2\/comments?post=122064"}],"version-history":[{"count":0,"href":"http:\/\/hoycordobaweb.com\/index.php\/wp-json\/wp\/v2\/posts\/122064\/revisions"}],"wp:featuredmedia":[{"embeddable":true,"href":"http:\/\/hoycordobaweb.com\/index.php\/wp-json\/wp\/v2\/media\/122065"}],"wp:attachment":[{"href":"http:\/\/hoycordobaweb.com\/index.php\/wp-json\/wp\/v2\/media?parent=122064"}],"wp:term":[{"taxonomy":"category","embeddable":true,"href":"http:\/\/hoycordobaweb.com\/index.php\/wp-json\/wp\/v2\/categories?post=122064"},{"taxonomy":"post_tag","embeddable":true,"href":"http:\/\/hoycordobaweb.com\/index.php\/wp-json\/wp\/v2\/tags?post=122064"}],"curies":[{"name":"wp","href":"https:\/\/api.w.org\/{rel}","templated":true}]}}