{"id":12177,"date":"2021-02-08T12:14:00","date_gmt":"2021-02-08T12:14:00","guid":{"rendered":"http:\/\/hoycordobaweb.com\/index.php\/2021\/02\/08\/arauz-lidera-el-escrutinio-pero-ira-a-un-balotaje-contra-un-adversario-aun-no-definido\/"},"modified":"2021-02-08T12:14:00","modified_gmt":"2021-02-08T12:14:00","slug":"arauz-lidera-el-escrutinio-pero-ira-a-un-balotaje-contra-un-adversario-aun-no-definido","status":"publish","type":"post","link":"http:\/\/hoycordobaweb.com\/index.php\/2021\/02\/08\/arauz-lidera-el-escrutinio-pero-ira-a-un-balotaje-contra-un-adversario-aun-no-definido\/","title":{"rendered":"Arauz lidera el escrutinio pero ir\u00e1 a un balotaje contra un adversario a\u00fan no definido"},"content":{"rendered":"<p><img src=\"http:\/\/hoycordobaweb.com\/wp-content\/uploads\/2021\/02\/arauz-lidera-el-escrutinio-pero-ira-a-un-balotaje-contra-un-adversario-aun-no-definido.jpg\"><\/p>\n<div class=\"image\" id=\"image\"> <img src=\"http:\/\/hoycordobaweb.com\/wp-content\/uploads\/2021\/02\/arauz-lidera-el-escrutinio-pero-ira-a-un-balotaje-contra-un-adversario-aun-no-definido-2.jpg\" alt title><\/div>\n<p>Andr\u00e9s Arauz, delf\u00edn del exmandatario Rafael Correa, lideraba esta ma\u00f1ana la elecci\u00f3n presidencial de <strong>Ecuador<\/strong> con 32,2% de los votos cuando se lleva escrutado el 83,5%, por lo que ir\u00e1 a una segunda vuelta el 11 de abril pr\u00f3ximo frente a un adversario a\u00fan no definido, plaza que disputan palmo a palmo el ind\u00edgena izquierdista Yaku P\u00e9rez y el exbanquero de derecha Guillermo Lasso.<\/p>\n<p>Las cifras del Consejo Nacional Electoral (CNE) confirmaron hoy el amplio triunfo del centroizquierdista Arauz, un economista de 36 a\u00f1os que representa la corriente de pensamiento del expresidente Rafael Correa y que encabez\u00f3 la lista de Uni\u00f3n por la esperanza (UNES), mientras que le asigna a P\u00e9rez 19,79% y a Lasso 19,61%.<\/p>\n<p>El CNE no tiene plazo para proclamar resultados, consign\u00f3 la agencia de noticias AFP.<\/p>\n<blockquote readability=\"8\">\n<p>\u00abNo hay ninguna duda, estamos en el primer lugar, hemos recibido una votaci\u00f3n abrumadora de distintas partes de nuestra patria\u00bb<span class=\"comilla\">\u201d<\/span><\/p>\n<\/blockquote>\n<p>Las elecciones de este domingo marcaron el resurgimiento de Correa, quien reside en B\u00e9lgica y denuncia una persecuci\u00f3n pol\u00edtica y judicial en su contra impulsada por el actual presidente Len\u00edn Moreno, antiguo aliado suyo que cuando lleg\u00f3 al poder implement\u00f3 pol\u00edticas neoliberales que lo llevaron -junto con un deficiente manejo de la pandemia, seg\u00fan analistas- a contar actualmente con un escaso nivel de aceptaci\u00f3n popular.<\/p>\n<p>\u00abVamos a tener una cantidad de asamble\u00edstas sustancial que nos va a permitir una gobernabilidad adecuada\u00bb, agreg\u00f3, mostr\u00e1ndose confiado de que ser\u00e1 el pr\u00f3ximo presidente de Ecuador, aunque habl\u00f3 de \u00abuna potencial segunda vuelta\u00bb, dado los resultados preliminares y el escrutinio parcial.<\/p>\n<p><strong>M\u00e1s tajante hab\u00eda sido Correa desde Twitter al desnudar una vez m\u00e1s el clima de desconfianza que existe en Ecuador tras una campa\u00f1a plagada de obst\u00e1culos y denuncias.<\/strong><\/p>\n<p>\u00abEl &#8216;conteo r\u00e1pido&#8217; del CNE (Consejo Nacional Electoral) nos da 31%. Todo saben que eso es mentira. En los mismos datos reales ya ingresados, estamos en alrededor del 38%. \u00a1A cuidar cada voto! El enga\u00f1o es evidente\u00bb, tuite\u00f3 el exmandatario.<\/p>\n<p>Si finalmente P\u00e9rez llega al balotaje, Arauz deber\u00e1 enfrentar a un militante ambientalista de 51 a\u00f1os que surgi\u00f3 p\u00fablicamente con las protestas indigenistas de 2019 que pusieron en jaque al Gobierno de Moreno.<\/p>\n<p>El dirigente se define como \u00abpr\u00f3ximo a una izquierda flexible\u00bb y militante del \u00abcomunitarismo\u00bb, y consigui\u00f3 la candidatura del partido Pachakutik, brazo pol\u00edtico del movimiento ind\u00edgena, tras un enfrentamiento con la Confederaci\u00f3n de Nacionalidades Ind\u00edgenas del Ecuador (Conaie), la otra cabeza del movimiento popular mejor organizado y con mayor capacidad de movilizaci\u00f3n del pa\u00eds.<\/p>\n<p>Anoche, tras conocerse los resultados de conteos r\u00e1pidos e iban apareciendo las cifras del escrutinio, descart\u00f3 cualquier empate con Lasso y se autoproclam\u00f3 segundo en la disputa electoral, algo que tambi\u00e9n hizo el candidato de la derecha.<\/p>\n<p>\u00abEs un segundo lugar bien alejado del tercer lugar que est\u00e1 el se\u00f1or Lasso\u00bb, dijo el representante indigenista, citado por la agencia de noticias Sputnik.<\/p>\n<p>\u00abCon absoluta certeza, llegamos a la segunda vuelta (\u2026) un criterio t\u00e9cnico, objetivo cient\u00edfico demuestra que llegamos a la segunda vuelta\u00bb, dijo P\u00e9rez, rodeado de sus simpatizantes, afuera de un hotel del norte de Quito, que con banderas de Pachakutik, el movimiento pol\u00edtico por el cual terci\u00f3 P\u00e9rez, coreaban \u00abYaku presidente\u00bb.<\/p>\n<p>A su turno, Lasso -empresario, accionista y expresidente del Banco de Guayaquil, y el ex super ministro de Econom\u00eda que dirigi\u00f3 el feriado bancario de 65 a\u00f1os, asegur\u00f3 que cuando el escrutinio llegue al cien por ciento de los votos, quedar\u00e1 segundo y en consecuencia ir\u00e1 a la segunda vuelta.<\/p>\n<p>\u00abEl resultado del conteo r\u00e1pido nos pone en segunda vuelta (&#8230;) Le digo a los partidarios que mantengamos la calma, cuando veamos el 100 por ciento de las actas escrutadas se reconfirmar\u00e1 que estamos en segunda vuelta\u00bb, afirm\u00f3 el candidato, miembro del Opus Dei y representante en esta elecci\u00f3n por el movimiento Creando oportunidades (CREO).<\/p>\n<p>La gran sorpresa de la elecci\u00f3n la dio la cosecha de 16% de los votos que hizo hizo Xavier Hervas, candidato de la Izquierda Democr\u00e1tica con gran presencia en las redes sociales (dijo que TikTok es su preferida pero su comunicaci\u00f3n con los votantes la hizo b\u00e1sicamente desde Facebook).<\/p>\n<p>La jornada electoral estuvo marcada por las largas filas fuera de los centros de votaci\u00f3n, que echaron por tierra con el clima de apat\u00eda y desinter\u00e9s proyectado d\u00edas anteriores por distintos especialistas, a tal punto que la participaci\u00f3n fue del 82,2%, seg\u00fan el CNE, en l\u00ednea con las dos \u00faltimas dos elecciones presidenciales, pese a que actualmente el pa\u00eds atraviesa la segunda ola de la pandemia de coronavirus.<\/p>\n<p>Adem\u00e1s de presidente, los ecuatorianos eligieron a 137 miembros de la Asamblea Legislativa y cinco representantes del Parlamento Andino en los 4.276 recintos habilitados en el pa\u00eds y otros 101 dispuestos en el exterior. <\/p>\n","protected":false},"excerpt":{"rendered":"<p>Andr\u00e9s Arauz, delf\u00edn del exmandatario Rafael Correa, lideraba esta ma\u00f1ana la elecci\u00f3n presidencial de Ecuador con 32,2% de los votos cuando se lleva escrutado el 83,5%, por lo que ir\u00e1 a una segunda vuelta el 11 de abril pr\u00f3ximo frente a un adversario a\u00fan no definido, plaza que disputan palmo a palmo el ind\u00edgena izquierdista [&hellip;]<\/p>\n","protected":false},"author":1,"featured_media":12178,"comment_status":"open","ping_status":"closed","sticky":false,"template":"","format":"standard","meta":[],"categories":[19],"tags":[],"_links":{"self":[{"href":"http:\/\/hoycordobaweb.com\/index.php\/wp-json\/wp\/v2\/posts\/12177"}],"collection":[{"href":"http:\/\/hoycordobaweb.com\/index.php\/wp-json\/wp\/v2\/posts"}],"about":[{"href":"http:\/\/hoycordobaweb.com\/index.php\/wp-json\/wp\/v2\/types\/post"}],"author":[{"embeddable":true,"href":"http:\/\/hoycordobaweb.com\/index.php\/wp-json\/wp\/v2\/users\/1"}],"replies":[{"embeddable":true,"href":"http:\/\/hoycordobaweb.com\/index.php\/wp-json\/wp\/v2\/comments?post=12177"}],"version-history":[{"count":0,"href":"http:\/\/hoycordobaweb.com\/index.php\/wp-json\/wp\/v2\/posts\/12177\/revisions"}],"wp:featuredmedia":[{"embeddable":true,"href":"http:\/\/hoycordobaweb.com\/index.php\/wp-json\/wp\/v2\/media\/12178"}],"wp:attachment":[{"href":"http:\/\/hoycordobaweb.com\/index.php\/wp-json\/wp\/v2\/media?parent=12177"}],"wp:term":[{"taxonomy":"category","embeddable":true,"href":"http:\/\/hoycordobaweb.com\/index.php\/wp-json\/wp\/v2\/categories?post=12177"},{"taxonomy":"post_tag","embeddable":true,"href":"http:\/\/hoycordobaweb.com\/index.php\/wp-json\/wp\/v2\/tags?post=12177"}],"curies":[{"name":"wp","href":"https:\/\/api.w.org\/{rel}","templated":true}]}}